{"id":7839,"date":"2021-02-17T17:00:45","date_gmt":"2021-02-17T20:00:45","guid":{"rendered":"https:\/\/vos.homolog.arsnova.work\/?p=7839"},"modified":"2021-02-17T15:10:36","modified_gmt":"2021-02-17T18:10:36","slug":"bsv-especial-coronavirus-45-o-abandono-da-cultura","status":"publish","type":"post","link":"https:\/\/vos.homolog.arsnova.work\/?p=7839","title":{"rendered":"BSV Especial Coronav\u00edrus #45 O abandono da cultura"},"content":{"rendered":"<p class=\"p1\" style=\"text-align: justify;\"><strong>Chegando perto da marca de um ano desde a primeira morte por coronav\u00edrus no Brasil, resolvemos mostrar, com depoimentos e entrevistas, como essa pandemia afetou as pessoas de forma diferente. No \u00faltimo epis\u00f3dio, mostramos a situa\u00e7\u00e3o prec\u00e1ria dos motofretistas e entregadores de delivery. <\/strong><\/p>\n<h5 class=\"p1\" style=\"text-align: center;\"><strong>.<\/strong><\/h5>\n<h5 class=\"p1\" style=\"text-align: center;\"><strong>Nesta semana, vamos falar sobre os profissionais da cultura<\/strong><\/h5>\n<h5 class=\"p1\" style=\"text-align: center;\"><strong>. <\/strong><\/h5>\n<p class=\"p1\" style=\"text-align: justify;\">Os artistas s\u00e3o tratados por vagabundos pelo governo federal e apoiadores. N\u00e3o \u00e9 segredo para ningu\u00e9m. Jair Bolsonaro disseminou muita desinforma\u00e7\u00e3o sobre artistas e a Lei Rouanet &#8211; antes, durante e depois da elei\u00e7\u00e3o. <strong>J\u00e1 presidente, acabou com o Minist\u00e9rio da Cultura.<\/strong> O terceiro secret\u00e1rio, Roberto Alvim, caiu porque fez um discurso praticamente plagiando Goebbels. Sim, o ministro da propaganda de Adolf Hitler. Depois, veio Regina Duarte com a miss\u00e3o de &#8220;pacificar&#8221; a rela\u00e7\u00e3o entre a classe art\u00edstica e o governo federal. N\u00e3o funcionou.<span class=\"Apple-converted-space\">\u00a0 <\/span>Agora temos M\u00e1rio Frias, o eterno gal\u00e3 de malha\u00e7\u00e3o. Apagado e que, para variar, tamb\u00e9m n\u00e3o faz absolutamente nada pela cultura do pa\u00eds ou pela classe art\u00edstica.<\/p>\n<h5 class=\"p1\" style=\"text-align: center;\">.<\/h5>\n<h5 class=\"p1\" style=\"text-align: center;\">E com este governo ATENTO ao setor, n\u00e3o \u00e9 surpresa que os trabalhadores da cultura estejam entre os profissionais que mais sofreram o impacto financeiro causado pela pandemia de coronav\u00edrus no Brasil<\/h5>\n<h5 class=\"p1\" style=\"text-align: center;\">.<\/h5>\n<p class=\"p1\" style=\"text-align: justify;\">E n\u00f3s n\u00e3o estamos falando de Caetano, Zeca Pagodinho ou Roberto Carlos. Estamos falando de milhares de artistas, roadies, t\u00e9cnicos, operadores de som e luz e at\u00e9 motoristas que dependem da ind\u00fastria da cultura para sobreviver e foram abandonados.<\/p>\n<p class=\"p1\" style=\"text-align: justify;\"><strong>Para compreender melhor o cen\u00e1rio, ouvimos a assessora Beb\u00ea Baumgarten; a produtora cultural Luka Ibarra; o ator Alvaro Rosa Costa; e a cantadora Gabriela Lery.<\/strong><\/p>\n<p class=\"p1\" style=\"text-align: justify;\"><strong>Participam as jornalistas Ge\u00f3rgia Santos e Fl\u00e1via Cunha, que tamb\u00e9m \u00e9 respons\u00e1vel pela produ\u00e7\u00e3o, ao lado de Igor Natusch. Voc\u00ea tamb\u00e9m pode ouvir o epis\u00f3dio no\u00a0<a href=\"https:\/\/open.spotify.com\/show\/5I8zWzbmuDvEx9Wp6Gtnyd\" target=\"_blank\" rel=\"noopener\">Spotify<\/a>,\u00a0<a href=\"https:\/\/podcasts.apple.com\/us\/podcast\/bendita-sois-v%C3%B3s\/id1436913300\" target=\"_blank\" rel=\"noopener\">Itunes<\/a>\u00a0e\u00a0<a href=\"https:\/\/castbox.fm\/channel\/Bendita-Sois-V%C3%B3s-id1474946?country=br\" target=\"_blank\" rel=\"noopener\">Castbox<\/a>.\u00a0<\/strong><\/p>\n<p style=\"text-align: center;\"><iframe loading=\"lazy\" src=\"https:\/\/w.soundcloud.com\/player\/?url=https%3A\/\/api.soundcloud.com\/tracks\/987532672%3Fsecret_token%3Ds-IWbeoIKLXu5&amp;color=%23ff5500&amp;auto_play=false&amp;hide_related=false&amp;show_comments=true&amp;show_user=true&amp;show_reposts=false&amp;show_teaser=true&amp;visual=true\" width=\"100%\" height=\"300\" frameborder=\"no\" scrolling=\"no\"><\/iframe><\/p>\n<div style=\"font-size: 10px; color: #cccccc; line-break: anywhere; word-break: normal; overflow: hidden; white-space: nowrap; text-overflow: ellipsis; font-family: Interstate, 'Lucida Grande', 'Lucida Sans Unicode', 'Lucida Sans', Garuda, Verdana, Tahoma, sans-serif; font-weight: 100; text-align: center;\"><a style=\"color: #cccccc; text-decoration: none;\" title=\"V\u00f3s Pessoas no Plural\" href=\"https:\/\/soundcloud.com\/vos-social\" target=\"_blank\" rel=\"noopener\">V\u00f3s Pessoas no Plural<\/a> \u00b7 <a style=\"color: #cccccc; text-decoration: none;\" title=\"BSV Especial Coronav\u00edrus #45 O abandono da cultura\" href=\"https:\/\/soundcloud.com\/vos-social\/bsv-especial-coronavirus-45-o-abandono-da-cultura\/s-IWbeoIKLXu5\" target=\"_blank\" rel=\"noopener\">BSV Especial Coronav\u00edrus #45 O abandono da cultura<\/a><\/div>\n","protected":false},"excerpt":{"rendered":"<p>Chegando perto da marca de um ano desde a primeira morte por coronav\u00edrus no Brasil, resolvemos mostrar, com depoimentos e [&hellip;]<\/p>\n","protected":false},"author":3,"featured_media":7840,"comment_status":"open","ping_status":"open","sticky":false,"template":"","format":"standard","meta":{"_acf_changed":false,"footnotes":""},"categories":[22,1541],"tags":[1678,2196,2158,2188,2173,32,2453,387,2156,2165,2454,590],"class_list":["post-7839","post","type-post","status-publish","format-standard","has-post-thumbnail","hentry","category-georgia-santos","category-podcasts","tag-artistas","tag-corona","tag-coronavirus","tag-covid","tag-covid19","tag-crise","tag-crise-financeira","tag-cultura","tag-epidemia","tag-pandemia","tag-profissionais","tag-saude"],"acf":[],"_links":{"self":[{"href":"https:\/\/vos.homolog.arsnova.work\/index.php?rest_route=\/wp\/v2\/posts\/7839","targetHints":{"allow":["GET"]}}],"collection":[{"href":"https:\/\/vos.homolog.arsnova.work\/index.php?rest_route=\/wp\/v2\/posts"}],"about":[{"href":"https:\/\/vos.homolog.arsnova.work\/index.php?rest_route=\/wp\/v2\/types\/post"}],"author":[{"embeddable":true,"href":"https:\/\/vos.homolog.arsnova.work\/index.php?rest_route=\/wp\/v2\/users\/3"}],"replies":[{"embeddable":true,"href":"https:\/\/vos.homolog.arsnova.work\/index.php?rest_route=%2Fwp%2Fv2%2Fcomments&post=7839"}],"version-history":[{"count":0,"href":"https:\/\/vos.homolog.arsnova.work\/index.php?rest_route=\/wp\/v2\/posts\/7839\/revisions"}],"wp:featuredmedia":[{"embeddable":true,"href":"https:\/\/vos.homolog.arsnova.work\/index.php?rest_route=\/wp\/v2\/media\/7840"}],"wp:attachment":[{"href":"https:\/\/vos.homolog.arsnova.work\/index.php?rest_route=%2Fwp%2Fv2%2Fmedia&parent=7839"}],"wp:term":[{"taxonomy":"category","embeddable":true,"href":"https:\/\/vos.homolog.arsnova.work\/index.php?rest_route=%2Fwp%2Fv2%2Fcategories&post=7839"},{"taxonomy":"post_tag","embeddable":true,"href":"https:\/\/vos.homolog.arsnova.work\/index.php?rest_route=%2Fwp%2Fv2%2Ftags&post=7839"}],"curies":[{"name":"wp","href":"https:\/\/api.w.org\/{rel}","templated":true}]}}