{"id":7828,"date":"2021-02-12T13:07:30","date_gmt":"2021-02-12T16:07:30","guid":{"rendered":"https:\/\/vos.homolog.arsnova.work\/?p=7828"},"modified":"2021-02-12T14:50:57","modified_gmt":"2021-02-12T17:50:57","slug":"tres-leituras-para-o-carnaval-da-pandemia","status":"publish","type":"post","link":"https:\/\/vos.homolog.arsnova.work\/?p=7828","title":{"rendered":"Tr\u00eas leituras para o Carnaval da pandemia"},"content":{"rendered":"<h6 style=\"text-align: justify\"><span style=\"font-weight: 400\"><strong>\u201cT\u00f4 me guardando pra quando o Carnaval chegar.&#8221;<\/strong> <\/span><\/h6>\n<p style=\"text-align: justify\"><span style=\"font-weight: 400\">\u00c9 o que canta Chico Buarque em uma famosa can\u00e7\u00e3o. Mas no Brasil da pandemia, teremos que nos guardar muito mais, at\u00e9 podermos participar de festejos carnavalescos sem risco \u00e0 nossa sa\u00fade e a dos outros. Este feriad\u00e3o n\u00e3o-oficial em 2021 ter\u00e1 muita gente trabalhando. Ainda assim, haver\u00e1 quem tirar\u00e1 uns dias de folga. Mas sem folia, j\u00e1 que oficialmente os festejos de Carnaval foram cancelados Brasil afora.<\/span><\/p>\n<h6>Sugest\u00f5es liter\u00e1rias<\/h6>\n<p style=\"text-align: justify\"><span style=\"font-weight: 400\">Para quem estiver com horas livres nos pr\u00f3ximos dias, selecionei tr\u00eas livros com tem\u00e1ticas diversas. Uma obra trata sobre o Carnaval do passado, outra publica\u00e7\u00e3o cont\u00e9m reflex\u00f5es importantes a respeito da pandemia. Tamb\u00e9m trago como sugest\u00e3o um<\/span><i><span style=\"font-weight: 400\"> best-selle<\/span><\/i><span style=\"font-weight: 400\">r sobre busca espiritual, em um momento no qual precisamos ter resili\u00eancia e paci\u00eancia para aguardar a vacina\u00e7\u00e3o em massa no Brasil.\u00a0<\/span><\/p>\n<h6><strong><a href=\"https:\/\/www.companhiadasletras.com.br\/detalhe.php?codigo=14359\" target=\"_blank\" rel=\"noopener\"><em>Metr\u00f3pole \u00e0 Beira-Mar<\/em><\/a>, de Ruy Castro<\/strong><\/h6>\n<p style=\"text-align: justify\"><span style=\"font-weight: 400\">Com o subt\u00edtulo <\/span><i><span style=\"font-weight: 400\">O Rio moderno dos anos 20<\/span><\/i><span style=\"font-weight: 400\">, a obra aborda, entre outros assuntos, o <\/span><span style=\"font-weight: 400\">Carnaval de 1919. O festejo, p\u00f3s-gripe espanhola, deixou a cidade maravilhosa <\/span><span style=\"font-weight: 400\">tomada por uma esp\u00e9cie de frenesi, sendo ainda hoje considerado o maior Carnaval de todos os tempos.\u00a0 Ruy Castro comenta, no pr\u00f3logo do livro, a respeito da sensa\u00e7\u00e3o vivida no Rio do s\u00e9culo passado:\u00a0<\/span><\/p>\n<p><strong><em>\u201cO Carnaval de 1919 seria o da revanche \u2014 a grande desforra contra a peste que quase dizimara a cidade.\u201d\u00a0\u00a0<\/em><\/strong><\/p>\n<p><span style=\"font-weight: 400\">Em uma compara\u00e7\u00e3o com a pandemia do coronav\u00edrus, muitas pessoas acreditam que o mesmo acontecer\u00e1 no Brasil quando tudo isso for (finalmente) coisa do passado.<\/span><\/p>\n<h6><strong><em>Reflex\u00f5es sobre a pandemia<\/em>, organizado por Maria de Lourdes Borges, Ev\u00e2nia Reich e Raquel Cipriani Xavier<\/strong><\/h6>\n<p style=\"text-align: justify\"><span style=\"font-weight: 400\">A publica\u00e7\u00e3o \u00e9 para quem deseja se aprofundar nos aspectos filos\u00f3ficos decorrentes do grave problema de sa\u00fade p\u00fablica que ainda\u00a0 enfrentamos. O livro, com 15 ensaios, \u00e9 uma iniciativa do N\u00facleo de \u00c9tica e Filosofia Pol\u00edtica do Departamento de Filosofia da Universidade Federal de Santa Catarina (UFSC). A obra est\u00e1 dispon\u00edvel para download gratuito <a href=\"http:\/\/www.nefipo.ufsc.br\/files\/2012\/11\/LIVRO.-Reflex%C3%B5es-sobre-uma-pandemia-2020.pdf\" target=\"_blank\" rel=\"noopener\">aqui<\/a>.<\/span><\/p>\n<h6 style=\"text-align: justify\"><span style=\"font-weight: 400\"><strong><a href=\"https:\/\/www.companhiadasletras.com.br\/autor.php?codigo=04050\" target=\"_blank\" rel=\"noopener\"><em>Comer, Rezar e Amar<\/em><\/a>, de Elizabeth Gilbert<\/strong> <\/span><\/h6>\n<p style=\"text-align: justify\"><span style=\"font-weight: 400\">Essa indica\u00e7\u00e3o \u00e9 uma das minhas leituras \u201cde conforto\u201d deste m\u00eas de fevereiro. O livro, que deu origem a uma conhecida adapta\u00e7\u00e3o cinematogr\u00e1fica estrelada por Julia Roberts, \u00e9 uma odisseia em busca do autoconhecimento. Em um ver\u00e3o brasileiro no qual n\u00e3o devemos viajar, \u00e9 uma del\u00edcia percorrer as ruas de cidades italianas com a protagonista ou acompanhar seus esfor\u00e7os para fazer medita\u00e7\u00f5es na \u00cdndia. O tom est\u00e1 longe da autoajuda ou do encontro f\u00e1cil com a felicidade, o que me agradou bastante.\u00a0<\/span><\/p>\n<p style=\"text-align: justify\"><strong>Por fim, desejo um bom Carnaval a meus leitores, seja em frente \u00e0 televis\u00e3o vendo desfiles de anos passados ou lendo um bom livro. O importante \u00e9 manter com a sa\u00fade mental em dia e longe de aglomera\u00e7\u00f5es.<\/strong><\/p>\n<p><em>Imagem: Arte sobre foto de David Mark\/Pixabay<\/em><\/p>\n","protected":false},"excerpt":{"rendered":"<p>\u201cT\u00f4 me guardando pra quando o Carnaval chegar.&#8221; \u00c9 o que canta Chico Buarque em uma famosa can\u00e7\u00e3o. Mas no [&hellip;]<\/p>\n","protected":false},"author":5,"featured_media":7831,"comment_status":"open","ping_status":"open","sticky":false,"template":"","format":"standard","meta":{"_acf_changed":false,"footnotes":""},"categories":[4],"tags":[254,2451,2452,2449,2165,2450,1873],"class_list":["post-7828","post","type-post","status-publish","format-standard","has-post-thumbnail","hentry","category-voos-literarios","tag-carnaval","tag-comer-rezar-e-amar","tag-elizabeth-gilbert","tag-metropole-a-beira-mar","tag-pandemia","tag-reflexoes-sobre-a-pandemia","tag-ruy-castro"],"acf":[],"_links":{"self":[{"href":"https:\/\/vos.homolog.arsnova.work\/index.php?rest_route=\/wp\/v2\/posts\/7828","targetHints":{"allow":["GET"]}}],"collection":[{"href":"https:\/\/vos.homolog.arsnova.work\/index.php?rest_route=\/wp\/v2\/posts"}],"about":[{"href":"https:\/\/vos.homolog.arsnova.work\/index.php?rest_route=\/wp\/v2\/types\/post"}],"author":[{"embeddable":true,"href":"https:\/\/vos.homolog.arsnova.work\/index.php?rest_route=\/wp\/v2\/users\/5"}],"replies":[{"embeddable":true,"href":"https:\/\/vos.homolog.arsnova.work\/index.php?rest_route=%2Fwp%2Fv2%2Fcomments&post=7828"}],"version-history":[{"count":0,"href":"https:\/\/vos.homolog.arsnova.work\/index.php?rest_route=\/wp\/v2\/posts\/7828\/revisions"}],"wp:featuredmedia":[{"embeddable":true,"href":"https:\/\/vos.homolog.arsnova.work\/index.php?rest_route=\/wp\/v2\/media\/7831"}],"wp:attachment":[{"href":"https:\/\/vos.homolog.arsnova.work\/index.php?rest_route=%2Fwp%2Fv2%2Fmedia&parent=7828"}],"wp:term":[{"taxonomy":"category","embeddable":true,"href":"https:\/\/vos.homolog.arsnova.work\/index.php?rest_route=%2Fwp%2Fv2%2Fcategories&post=7828"},{"taxonomy":"post_tag","embeddable":true,"href":"https:\/\/vos.homolog.arsnova.work\/index.php?rest_route=%2Fwp%2Fv2%2Ftags&post=7828"}],"curies":[{"name":"wp","href":"https:\/\/api.w.org\/{rel}","templated":true}]}}