{"id":7825,"date":"2021-02-10T17:31:11","date_gmt":"2021-02-10T20:31:11","guid":{"rendered":"https:\/\/vos.homolog.arsnova.work\/?p=7825"},"modified":"2021-11-09T11:58:32","modified_gmt":"2021-11-09T14:58:32","slug":"bsv-especial-coronavirus-44-a-luta-por-sobrevivencia-do-brasil-que-anda-de-moto","status":"publish","type":"post","link":"https:\/\/vos.homolog.arsnova.work\/?p=7825","title":{"rendered":"BSV Especial Coronav\u00edrus #44 A luta por sobreviv\u00eancia do Brasil que anda de moto"},"content":{"rendered":"<p style=\"text-align: justify;\"><strong>Estamos h\u00e1 quase um ano vivendo a pandemia do novo coronav\u00edrus no Brasil e mais, muito mais, de 200 mil pessoas j\u00e1 perderam a vida em fun\u00e7\u00e3o da Covid-19. E como estamos chegando perto dessa marca de um ano, n\u00f3s resolvemos mostrar, com depoimentos e entrevistas, como essa pandemia afetou as pessoas de forma diferente. Em meio a mobiliza\u00e7\u00e3o de olhar, de forma justa, para os profissionais de sa\u00fade, fragilizados e agredidos publicamente, outros trabalhadores passaram ao largo das aten\u00e7\u00f5es midi\u00e1ticas e sociais. E \u00e9 deles que vamos falar nos pr\u00f3ximos quatro epis\u00f3dios.<\/strong><\/p>\n<h5 style=\"text-align: center;\">.<\/h5>\n<h5 style=\"text-align: center;\">Neste semana, falamos sobre a luta por sobreviv\u00eancia do Brasil que anda de moto. Vamos falar dos motofretistas e entregadores de delivery<\/h5>\n<h5 style=\"text-align: center;\">.<\/h5>\n<p style=\"text-align: justify;\">Para diminuir o contato entre as pessoas, em diversas cidades, como Porto Alegre e S\u00e3o Paulo, apenas atividades essenciais foram mantidas funcionando durante alguns meses de 2020. Shoppings, com\u00e9rcio de rua, escolas, universidades, tudo fechado. Em casa, muitos recorreram ao delivery e compras online.<\/p>\n<p style=\"text-align: justify;\">Comida, pacotes, presentes, eletr\u00f4nicos, medicamentos. O Brasil andou de moto e bicicleta durante alguns meses de 2020. Mas ainda que na maioria das cidades do Brasil o tr\u00e2nsito tenha se reduzido, a situa\u00e7\u00e3o para os motofretistas e entregadores n\u00e3o mudou para melhor.<\/p>\n<p>Na Palavra da Salva\u00e7\u00e3o, Fl\u00e1via Cunha traz a coluna <a href=\"https:\/\/vos.homolog.arsnova.work\/voos-literarios\/breque-dos-apps-o-espirito-da-revolta\/\" target=\"_blank\" rel=\"noopener\">Breque dos apps: o esp\u00edrito da revolta.<\/a><\/p>\n<p style=\"text-align: justify;\"><strong>Participam Ge\u00f3rgia Santos, Fl\u00e1via Cunha e T\u00e9rcio Saccol.<\/strong>\u00a0<strong>Voc\u00ea tamb\u00e9m pode ouvir o epis\u00f3dio no\u00a0<a href=\"https:\/\/open.spotify.com\/show\/5I8zWzbmuDvEx9Wp6Gtnyd\" target=\"_blank\" rel=\"noopener\">Spotify<\/a>,\u00a0<a href=\"https:\/\/podcasts.apple.com\/us\/podcast\/bendita-sois-v%C3%B3s\/id1436913300\" target=\"_blank\" rel=\"noopener\">Itunes<\/a>\u00a0e\u00a0<a href=\"https:\/\/castbox.fm\/channel\/Bendita-Sois-V%C3%B3s-id1474946?country=br\" target=\"_blank\" rel=\"noopener\">Castbox<\/a>.\u00a0<\/strong><\/p>\n<p style=\"text-align: center;\"><iframe loading=\"lazy\" src=\"https:\/\/w.soundcloud.com\/player\/?url=https%3A\/\/api.soundcloud.com\/tracks\/982975963&amp;color=%23ff5500&amp;auto_play=false&amp;hide_related=false&amp;show_comments=true&amp;show_user=true&amp;show_reposts=false&amp;show_teaser=true&amp;visual=true\" width=\"100%\" height=\"300\" frameborder=\"no\" scrolling=\"no\"><\/iframe><\/p>\n<div style=\"font-size: 10px; color: #cccccc; line-break: anywhere; word-break: normal; overflow: hidden; white-space: nowrap; text-overflow: ellipsis; font-family: Interstate, 'Lucida Grande', 'Lucida Sans Unicode', 'Lucida Sans', Garuda, Verdana, Tahoma, sans-serif; font-weight: 100; text-align: center;\"><a style=\"color: #cccccc; text-decoration: none;\" title=\"V\u00f3s Pessoas no Plural\" href=\"https:\/\/soundcloud.com\/vos-social\" target=\"_blank\" rel=\"noopener\">V\u00f3s Pessoas no Plural<\/a> \u00b7 <a style=\"color: #cccccc; text-decoration: none;\" title=\"BSV Especial Coronav\u00edrus #44 A luta por sobreviv\u00eancia do Brasil que anda de moto\" href=\"https:\/\/soundcloud.com\/vos-social\/bsv-especial-coronavirus-44-a-luta-por-sobrevivencia-do-brasil-que-anda-de-moto\" target=\"_blank\" rel=\"noopener\">BSV Especial Coronav\u00edrus #44 A luta por sobreviv\u00eancia do Brasil que anda de moto<\/a><\/div>\n\n","protected":false},"excerpt":{"rendered":"<p>Estamos h\u00e1 quase um ano vivendo a pandemia do novo coronav\u00edrus no Brasil e mais, muito mais, de 200 mil [&hellip;]<\/p>\n","protected":false},"author":3,"featured_media":7826,"comment_status":"open","ping_status":"open","sticky":false,"template":"","format":"standard","meta":{"_acf_changed":false,"footnotes":""},"categories":[1541],"tags":[2196,2158,2188,2173,2448,390,2156,2447,2446,2165,590,1579,1250],"class_list":["post-7825","post","type-post","status-publish","format-standard","has-post-thumbnail","hentry","category-podcasts","tag-corona","tag-coronavirus","tag-covid","tag-covid19","tag-delivery","tag-educacao","tag-epidemia","tag-moto","tag-motoboys","tag-pandemia","tag-saude","tag-seguranca","tag-transito"],"acf":[],"_links":{"self":[{"href":"https:\/\/vos.homolog.arsnova.work\/index.php?rest_route=\/wp\/v2\/posts\/7825","targetHints":{"allow":["GET"]}}],"collection":[{"href":"https:\/\/vos.homolog.arsnova.work\/index.php?rest_route=\/wp\/v2\/posts"}],"about":[{"href":"https:\/\/vos.homolog.arsnova.work\/index.php?rest_route=\/wp\/v2\/types\/post"}],"author":[{"embeddable":true,"href":"https:\/\/vos.homolog.arsnova.work\/index.php?rest_route=\/wp\/v2\/users\/3"}],"replies":[{"embeddable":true,"href":"https:\/\/vos.homolog.arsnova.work\/index.php?rest_route=%2Fwp%2Fv2%2Fcomments&post=7825"}],"version-history":[{"count":0,"href":"https:\/\/vos.homolog.arsnova.work\/index.php?rest_route=\/wp\/v2\/posts\/7825\/revisions"}],"wp:featuredmedia":[{"embeddable":true,"href":"https:\/\/vos.homolog.arsnova.work\/index.php?rest_route=\/wp\/v2\/media\/7826"}],"wp:attachment":[{"href":"https:\/\/vos.homolog.arsnova.work\/index.php?rest_route=%2Fwp%2Fv2%2Fmedia&parent=7825"}],"wp:term":[{"taxonomy":"category","embeddable":true,"href":"https:\/\/vos.homolog.arsnova.work\/index.php?rest_route=%2Fwp%2Fv2%2Fcategories&post=7825"},{"taxonomy":"post_tag","embeddable":true,"href":"https:\/\/vos.homolog.arsnova.work\/index.php?rest_route=%2Fwp%2Fv2%2Ftags&post=7825"}],"curies":[{"name":"wp","href":"https:\/\/api.w.org\/{rel}","templated":true}]}}