{"id":7815,"date":"2021-02-07T18:58:17","date_gmt":"2021-02-07T21:58:17","guid":{"rendered":"https:\/\/vos.homolog.arsnova.work\/?p=7815"},"modified":"2021-02-07T18:58:17","modified_gmt":"2021-02-07T21:58:17","slug":"a-forca-da-literatura-produzida-por-mulheres","status":"publish","type":"post","link":"https:\/\/vos.homolog.arsnova.work\/?p=7815","title":{"rendered":"A for\u00e7a da literatura produzida por mulheres"},"content":{"rendered":"<hr \/>\n<p style=\"text-align: justify\"><span style=\"font-weight: 400\">As mulheres ainda s\u00e3o minoria no mercado editorial brasileiro, seja entre autoras publicadas, editoras e demais profissionais do setor. Sem d\u00favida, a falta de representatividade feminina na literatura brasileira \u00e9 um reflexo da sociedade patriarcal na qual vivemos. A partir de uma vis\u00e3o machista, obras escritas por homens s\u00e3o consideradas universais, enquanto t\u00edtulos de autoria de mulheres s\u00e3o colocados em um nicho. Neste racioc\u00ednio equivocado, livros\u00a0 de autores homens seriam destinados a todas as pessoas. J\u00e1 as obras produzidas por mulheres, atingiriam apenas o p\u00fablico feminino.\u00a0<\/span><\/p>\n<h6 style=\"text-align: left\">\u00a0Mulherio das Letras<\/h6>\n<p style=\"text-align: justify\"><span style=\"font-weight: 400\">Buscando ampliar a participa\u00e7\u00e3o no mercado editorial, muitas mulheres t\u00eam se organizado em coletivos que tem como\u00a0 objetivo o fortalecimento e proje\u00e7\u00e3o da literatura de autoria feminina. Um deste grupos \u00e9 o <a href=\"https:\/\/pt.wikipedia.org\/wiki\/Mulherio_das_Letras\" target=\"_blank\" rel=\"noopener\">Mulherio das Letras<\/a>, criado em 2017, e que atualmente conta com mais de 7 mil seguidores no <a href=\"https:\/\/www.facebook.com\/mulheriodasletras\" target=\"_blank\" rel=\"noopener\">Facebook<\/a>. Ao longo dos anos, foram sendo criados grupos regionais em diversos estados brasileiros e tamb\u00e9m no Exterior, mostrando a pot\u00eancia da articula\u00e7\u00e3o feminina e feminista.<\/span><\/p>\n<h6 style=\"text-align: left\"><\/h6>\n<p style=\"text-align: justify\"><span style=\"font-weight: 400\"><a href=\"https:\/\/vos.homolog.arsnova.work\/wp-content\/uploads\/2021\/02\/poesia_mulheres.jpg\"><img loading=\"lazy\" decoding=\"async\" class=\"size-medium wp-image-7816 alignleft\" src=\"https:\/\/vos.homolog.arsnova.work\/wp-content\/uploads\/2021\/02\/poesia_mulheres-300x300.jpg\" alt=\"\" width=\"300\" height=\"300\" srcset=\"https:\/\/vos.homolog.arsnova.work\/wp-content\/uploads\/2021\/02\/poesia_mulheres-300x300.jpg 300w, https:\/\/vos.homolog.arsnova.work\/wp-content\/uploads\/2021\/02\/poesia_mulheres-150x150.jpg 150w, https:\/\/vos.homolog.arsnova.work\/wp-content\/uploads\/2021\/02\/poesia_mulheres-768x768.jpg 768w, https:\/\/vos.homolog.arsnova.work\/wp-content\/uploads\/2021\/02\/poesia_mulheres-370x370.jpg 370w, https:\/\/vos.homolog.arsnova.work\/wp-content\/uploads\/2021\/02\/poesia_mulheres.jpg 1000w\" sizes=\"auto, (max-width: 300px) 100vw, 300px\" \/><\/a>A principal meta do grupo <a href=\"https:\/\/revistacult.uol.com.br\/home\/mulherio-das-letras-grupo-nacional-de-autoras-por-igualdade-no-mercado-editorial\/\" target=\"_blank\" rel=\"noopener\">Mulherio das Letras<\/a> nas redes sociais \u00e9 fomentar a divulga\u00e7\u00e3o de obras escritas por mulheres. E foi l\u00e1 que tive o contato inicial com a poeta paraibana Anna Apolin\u00e1rio.\u00a0<\/span><span style=\"font-weight: 400\">Anna, que tamb\u00e9m \u00e9 produtora cultural e organizadora do sarau Selv\u00e1ticas, me enviou informa\u00e7\u00f5es sobre seu livro mais recente, <\/span><i><span style=\"font-weight: 400\">A chave selvagem do sonho<\/span><\/i><span style=\"font-weight: 400\">.\u00a0<\/span><\/p>\n<h6>Anna Apolin\u00e1rio<\/h6>\n<p style=\"text-align: justify\"><span style=\"font-weight: 400\">Ao terminar a leitura da obra, me vieram \u00e0 mente os adjetivos forte e visceral. Pois s\u00e3o poemas que demonstram a coragem do desnudar-se, do inebriar-se por sonhos e vontades, em uma demonstra\u00e7\u00e3o libert\u00e1ria que sabemos ter sido sistematicamente negada \u00e0s mulheres.\u00a0\u00a0<\/span><span style=\"font-weight: 400\">Do livro, destaco trechos do texto <\/span><i><span style=\"font-weight: 400\">Carta \u00e0 Sylvia Plath<\/span><\/i><span style=\"font-weight: 400\">, que homenageia a escritora norte-americana, considerada uma refer\u00eancia na poesia confessional e que morreu tragicamente, ao suicidar-se, em 1963.\u00a0<\/span><\/p>\n<h6 style=\"text-align: justify\"><em><span style=\"font-weight: 400\">\u201cCarta a Sylvia Plath<\/span><\/em><\/h6>\n<h6 style=\"text-align: justify\"><em><span style=\"font-weight: 400\">Estamos em 2018, Sylvia, o c\u00e9u desaba sob minhas pupilas, pelo quarto ecoa o gemido da guitarra de PJ Harvey, no vi\u00e7o de meus trinta anos, me perfumo com ferom\u00f4nios of\u00eddicos e continuo pensando em ti, por isso te escrevo. [&#8230;] O mundo hoje \u00e9 ainda um emaranhado terr\u00edvel, Sylvia, gosto de me fechar dentro de teu poema, beber tua voz, um vinho hipn\u00f3tico e obscuro, sentir a tremenda embriaguez dos sentidos, teu canto hediondo de sereia.\u201d<\/span><\/em><\/h6>\n<p><span style=\"font-weight: 400\">Para saber mais informa\u00e7\u00f5es sobre <em>A chave selvagem do sonho<\/em>, clique<a href=\"https:\/\/editoratriluna.com.br\/a-chave-selvagem-do-sonho-anna-apolinario\" target=\"_blank\" rel=\"noopener\"> aqui<\/a>.<\/span><\/p>\n<h6>Homenagem \u00e0 Marielle Franco<\/h6>\n<p style=\"text-align: justify\">Al\u00e9m de lan\u00e7ar obras individuais, Anna Apolin\u00e1rio tamb\u00e9m costuma participar de antologias coletivas, como\u00a0<i><span style=\"font-weight: 400\"><a href=\"http:\/\/loja.quintaledicoes.com.br\/pd-5bcf75-um-girassol-nos-teus-cabelos-poemas-para-marielle-franco.html\" target=\"_blank\" rel=\"noopener\">Um girassol nos teus cabelos &#8211; poemas para Marielle Franco<\/a>.\u00a0<\/span><\/i><span style=\"font-weight: 400\">O livro reuniu 50 poetas em uma\u00a0<\/span><span style=\"font-weight: 400\">iniciativa do grupo Mulherio das Letras publicada pela Quintal Edi\u00e7\u00f5es.\u00a0<\/span><\/p>\n<p style=\"text-align: justify\">Encerro este texto com o poema de Anna Apolin\u00e1rio em homenagem \u00e0 vereadora assassinada em mar\u00e7o de 2018, em um crime que precisa ser urgentemente esclarecido.<\/p>\n<p style=\"text-align: center\"><em><span style=\"font-weight: 400\">Mulher,\u00a0<\/span><\/em><\/p>\n<p style=\"text-align: center\"><em><span style=\"font-weight: 400\">Aniquilam-te o corpo<\/span><\/em><\/p>\n<p style=\"text-align: center\"><em><span style=\"font-weight: 400\">Derramam teu sangue<\/span><\/em><\/p>\n<p style=\"text-align: center\"><em><span style=\"font-weight: 400\">Covardemente<\/span><\/em><\/p>\n<p style=\"text-align: center\"><em><span style=\"font-weight: 400\">Mas em teu nome<\/span><\/em><\/p>\n<p style=\"text-align: center\"><em><span style=\"font-weight: 400\">Nenhum talho<\/span><\/em><\/p>\n<p style=\"text-align: center\"><em><span style=\"font-weight: 400\">Tua luta, tua ideia, tua voz<\/span><\/em><\/p>\n<p style=\"text-align: center\"><em><span style=\"font-weight: 400\">Pulsam<\/span><\/em><\/p>\n<p style=\"text-align: center\"><em><span style=\"font-weight: 400\">Incessantes<\/span><\/em><\/p>\n<p style=\"text-align: center\"><em><span style=\"font-weight: 400\">Dentro e al\u00e9m deste poema<\/span><\/em><\/p>\n<p style=\"text-align: center\"><em><span style=\"font-weight: 400\">A morte n\u00e3o conduz ao sil\u00eancio<\/span><\/em><\/p>\n<p style=\"text-align: center\"><em><span style=\"font-weight: 400\">Mas engendra e fortalece o grito:<\/span><\/em><\/p>\n<p style=\"text-align: center\"><em><span style=\"font-weight: 400\">Marielle, presente!<\/span><\/em><\/p>\n<p style=\"text-align: center\"><em><span style=\"font-weight: 400\">Agora, sempre.<\/span><\/em><\/p>\n<p>&nbsp;<\/p>\n<p><em>Imagem de capa:\u00a0 Sergey Zolkin\/Unsplash<\/em><\/p>\n","protected":false},"excerpt":{"rendered":"<p>As mulheres ainda s\u00e3o minoria no mercado editorial brasileiro, seja entre autoras publicadas, editoras e demais profissionais do setor. Sem [&hellip;]<\/p>\n","protected":false},"author":5,"featured_media":7817,"comment_status":"open","ping_status":"open","sticky":false,"template":"","format":"standard","meta":{"_acf_changed":false,"footnotes":""},"categories":[4],"tags":[2444,2443,1187,2442,2445],"class_list":["post-7815","post","type-post","status-publish","format-standard","has-post-thumbnail","hentry","category-voos-literarios","tag-a-chave-selvagem-do-sonho","tag-anna-apolinario","tag-mulheres-na-literatura","tag-mulherio-das-letras","tag-poesia-de-autoria-feminina"],"acf":[],"_links":{"self":[{"href":"https:\/\/vos.homolog.arsnova.work\/index.php?rest_route=\/wp\/v2\/posts\/7815","targetHints":{"allow":["GET"]}}],"collection":[{"href":"https:\/\/vos.homolog.arsnova.work\/index.php?rest_route=\/wp\/v2\/posts"}],"about":[{"href":"https:\/\/vos.homolog.arsnova.work\/index.php?rest_route=\/wp\/v2\/types\/post"}],"author":[{"embeddable":true,"href":"https:\/\/vos.homolog.arsnova.work\/index.php?rest_route=\/wp\/v2\/users\/5"}],"replies":[{"embeddable":true,"href":"https:\/\/vos.homolog.arsnova.work\/index.php?rest_route=%2Fwp%2Fv2%2Fcomments&post=7815"}],"version-history":[{"count":0,"href":"https:\/\/vos.homolog.arsnova.work\/index.php?rest_route=\/wp\/v2\/posts\/7815\/revisions"}],"wp:featuredmedia":[{"embeddable":true,"href":"https:\/\/vos.homolog.arsnova.work\/index.php?rest_route=\/wp\/v2\/media\/7817"}],"wp:attachment":[{"href":"https:\/\/vos.homolog.arsnova.work\/index.php?rest_route=%2Fwp%2Fv2%2Fmedia&parent=7815"}],"wp:term":[{"taxonomy":"category","embeddable":true,"href":"https:\/\/vos.homolog.arsnova.work\/index.php?rest_route=%2Fwp%2Fv2%2Fcategories&post=7815"},{"taxonomy":"post_tag","embeddable":true,"href":"https:\/\/vos.homolog.arsnova.work\/index.php?rest_route=%2Fwp%2Fv2%2Ftags&post=7815"}],"curies":[{"name":"wp","href":"https:\/\/api.w.org\/{rel}","templated":true}]}}