{"id":7811,"date":"2021-02-03T17:00:53","date_gmt":"2021-02-03T20:00:53","guid":{"rendered":"https:\/\/vos.homolog.arsnova.work\/?p=7811"},"modified":"2021-02-03T16:43:03","modified_gmt":"2021-02-03T19:43:03","slug":"bsv-especial-coronavirus-43-as-autoridades-tambem-sofrem","status":"publish","type":"post","link":"https:\/\/vos.homolog.arsnova.work\/?p=7811","title":{"rendered":"BSV Especial Coronav\u00edrus #43 As autoridades tamb\u00e9m sofrem"},"content":{"rendered":"<p style=\"text-align: justify;\"><strong>No epis\u00f3dio desta semana, as repercuss\u00f5es da elei\u00e7\u00e3o que escolheu o deputado Arthur Lira como o novo presidente da C\u00e2mara dos Deputados. O saldo \u00e9 um Rodrigo Maia derrotado, Jair Bolsonaro (talvez) renascido e Lira abusando do poder &#8211; e depois voltando atr\u00e1s &#8211; no primeiro momento em que teve a oportunidade.\u00a0<\/strong><\/p>\n<p style=\"text-align: justify;\">No filme O Auto da Compadecida, de Guel Arraes, Cabo 70 fala para um Jo\u00e3o Grilo falsamente surpreso que as autoridades tamb\u00e9m sofrem. Pois \u00e9 verdade na fic\u00e7\u00e3o e \u00e9 verdade na realidade. E quem prova \u00e9 o emotivo Rodrigo Maia, que se despediu da presid\u00eancia da C\u00e2mara dos Deputados com l\u00e1grimas nos olhos e a certeza de que falhou.<\/p>\n<h5 style=\"text-align: center;\">.<\/h5>\n<h5 style=\"text-align: center;\"><a href=\"https:\/\/vos.homolog.arsnova.work\/podcasts\/bsv-especial-coronavirus-42-impeachment-de-bolsonaro\/\" target=\"_blank\" rel=\"noopener\">No embate entre Maia e Bolsonaro,<\/a> o presidente que adora leite condensado venceu<\/h5>\n<h5 style=\"text-align: center;\">.<\/h5>\n<p style=\"text-align: justify;\">Mas n\u00e3o nos enganemos. Bolsonaro se fortaleceu, sim, com a <a href=\"https:\/\/www.correiobraziliense.com.br\/politica\/2021\/02\/4904093-lira-vence-eleicao-e-se-torna-presidente-da-camara-em-primeiro-turno.html\" target=\"_blank\" rel=\"noopener\">vit\u00f3ria de Arthur Lira<\/a>\u00a0(PP-AL). Mas foi uma vit\u00f3ria cara. Ele est\u00e1 nas m\u00e3os do novo presidente da C\u00e2mara, que assumiu tirando os opositores da mesa diretora, mas voltou atr\u00e1s e fez acordo. E o deputado do Progressistas do Alagoas fez festinha, com aglomera\u00e7\u00e3o, filha de Roberto Jeferson e Joyce Hasselman.<\/p>\n<p style=\"text-align: justify;\">Na pe\u00e7a &#8211; ou livro &#8211; do Auto da Compadecida, de Ariano Suassuna, o autor diz que se trata de uma hist\u00f3ria altamente moral, um apelo a miseric\u00f3rdia. Ao que Jo\u00e3o Grilo responde: ele diz \u00e0 miseric\u00f3rdia porque sabe que, se fossemos julgados pela justi\u00e7a, toda a na\u00e7\u00e3o seria condenada. Estamos presos em uma pe\u00e7a de literatura. Em uma novela que parece n\u00e3o ter fim.<\/p>\n<p><strong>Participam os jornalistas Ge\u00f3rgia Santos, Fl\u00e1via Cunha, Igor Natusch e T\u00e9rcio Saccol.\u00a0Voc\u00ea tamb\u00e9m pode ouvir o epis\u00f3dio no\u00a0<a href=\"https:\/\/open.spotify.com\/show\/5I8zWzbmuDvEx9Wp6Gtnyd\" target=\"_blank\" rel=\"noopener\">Spotify<\/a>,\u00a0<a href=\"https:\/\/podcasts.apple.com\/us\/podcast\/bendita-sois-v%C3%B3s\/id1436913300\" target=\"_blank\" rel=\"noopener\">Itunes<\/a>\u00a0e\u00a0<a href=\"https:\/\/castbox.fm\/channel\/Bendita-Sois-V%C3%B3s-id1474946?country=br\" target=\"_blank\" rel=\"noopener\">Castbox<\/a>.\u00a0<\/strong><\/p>\n<p>&nbsp;<\/p>\n<p style=\"text-align: center;\"><iframe loading=\"lazy\" src=\"https:\/\/w.soundcloud.com\/player\/?url=https%3A\/\/api.soundcloud.com\/tracks\/978478084%3Fsecret_token%3Ds-zVftqtGwRCT&amp;color=%23ff5500&amp;auto_play=false&amp;hide_related=false&amp;show_comments=true&amp;show_user=true&amp;show_reposts=false&amp;show_teaser=true&amp;visual=true\" width=\"100%\" height=\"300\" frameborder=\"no\" scrolling=\"no\"><\/iframe><\/p>\n<div style=\"font-size: 10px; color: #cccccc; line-break: anywhere; word-break: normal; overflow: hidden; white-space: nowrap; text-overflow: ellipsis; font-family: Interstate, 'Lucida Grande', 'Lucida Sans Unicode', 'Lucida Sans', Garuda, Verdana, Tahoma, sans-serif; font-weight: 100; text-align: center;\"><a style=\"color: #cccccc; text-decoration: none;\" title=\"V\u00f3s Pessoas no Plural\" href=\"https:\/\/soundcloud.com\/vos-social\" target=\"_blank\" rel=\"noopener\">V\u00f3s Pessoas no Plural<\/a> \u00b7 <a style=\"color: #cccccc; text-decoration: none;\" title=\"BSV Especial Coronav\u00edrus #43 As autoridades tamb\u00e9m sofrem\" href=\"https:\/\/soundcloud.com\/vos-social\/bsv-especial-coronavirus-43-as-autoridades-tambem-sofrem\/s-zVftqtGwRCT\" target=\"_blank\" rel=\"noopener\">BSV Especial Coronav\u00edrus #43 As autoridades tamb\u00e9m sofrem<\/a><\/div>\n","protected":false},"excerpt":{"rendered":"<p>No epis\u00f3dio desta semana, as repercuss\u00f5es da elei\u00e7\u00e3o que escolheu o deputado Arthur Lira como o novo presidente da C\u00e2mara [&hellip;]<\/p>\n","protected":false},"author":3,"featured_media":7812,"comment_status":"open","ping_status":"open","sticky":false,"template":"","format":"standard","meta":{"_acf_changed":false,"footnotes":""},"categories":[1541],"tags":[870,800,708,848,523,320,766,2441,228,531],"class_list":["post-7811","post","type-post","status-publish","format-standard","has-post-thumbnail","hentry","category-podcasts","tag-bolsonaro","tag-brasil","tag-brasilia","tag-camara-dos-deputados","tag-congresso","tag-eleicao","tag-jair-bolsonaro","tag-lira","tag-politica","tag-rodrigo-maia"],"acf":[],"_links":{"self":[{"href":"https:\/\/vos.homolog.arsnova.work\/index.php?rest_route=\/wp\/v2\/posts\/7811","targetHints":{"allow":["GET"]}}],"collection":[{"href":"https:\/\/vos.homolog.arsnova.work\/index.php?rest_route=\/wp\/v2\/posts"}],"about":[{"href":"https:\/\/vos.homolog.arsnova.work\/index.php?rest_route=\/wp\/v2\/types\/post"}],"author":[{"embeddable":true,"href":"https:\/\/vos.homolog.arsnova.work\/index.php?rest_route=\/wp\/v2\/users\/3"}],"replies":[{"embeddable":true,"href":"https:\/\/vos.homolog.arsnova.work\/index.php?rest_route=%2Fwp%2Fv2%2Fcomments&post=7811"}],"version-history":[{"count":0,"href":"https:\/\/vos.homolog.arsnova.work\/index.php?rest_route=\/wp\/v2\/posts\/7811\/revisions"}],"wp:featuredmedia":[{"embeddable":true,"href":"https:\/\/vos.homolog.arsnova.work\/index.php?rest_route=\/wp\/v2\/media\/7812"}],"wp:attachment":[{"href":"https:\/\/vos.homolog.arsnova.work\/index.php?rest_route=%2Fwp%2Fv2%2Fmedia&parent=7811"}],"wp:term":[{"taxonomy":"category","embeddable":true,"href":"https:\/\/vos.homolog.arsnova.work\/index.php?rest_route=%2Fwp%2Fv2%2Fcategories&post=7811"},{"taxonomy":"post_tag","embeddable":true,"href":"https:\/\/vos.homolog.arsnova.work\/index.php?rest_route=%2Fwp%2Fv2%2Ftags&post=7811"}],"curies":[{"name":"wp","href":"https:\/\/api.w.org\/{rel}","templated":true}]}}