{"id":7798,"date":"2021-01-29T14:06:03","date_gmt":"2021-01-29T17:06:03","guid":{"rendered":"https:\/\/vos.homolog.arsnova.work\/?p=7798"},"modified":"2021-01-29T14:06:03","modified_gmt":"2021-01-29T17:06:03","slug":"cantinho-da-leitura-3-a-importancia-da-literatura-infantil-antirracista","status":"publish","type":"post","link":"https:\/\/vos.homolog.arsnova.work\/?p=7798","title":{"rendered":"Cantinho da Leitura #3 A import\u00e2ncia da literatura infantil antirracista"},"content":{"rendered":"<div class=\"DK2WGA7X3rKos2v1AABBD _20x9t-BL2SDh7lOGEew66E\" data-block=\"true\" data-editor=\"b5vrs\" data-offset-key=\"d98bk-0-0\">\n<div data-offset-key=\"d98bk-0-0\"><span data-offset-key=\"d98bk-0-1\">O terceiro epis\u00f3dio do podcast Cantinho da Leitura trata da literatura infantil antirracista. A jornalista <strong>Ge\u00f3rgia Santos<\/strong> conversa com <strong>Fl\u00e1via Cunha<\/strong>, jornalista, mestre em Literatura pela UFRGS, produtora editorial de livros infantojuvenis e colunista do <a href=\"https:\/\/vos.homolog.arsnova.work\/colunas\/voos-literarios\/\" target=\"_blank\" rel=\"noopener\">V\u00f3s<\/a>.<\/span><\/div>\n<div class=\"public-DraftStyleDefault-block public-DraftStyleDefault-ltr\" style=\"text-align: justify;\" data-offset-key=\"d98bk-0-0\"><strong>Para alguns especialistas, a partir dos dois anos de idade j\u00e1 \u00e9 poss\u00edvel identificar racismo, ou comportamentos racistas, em crian\u00e7as criadas em lares preconceituosos. <a href=\"https:\/\/bebe.abril.com.br\/familia\/estudo-mostra-que-pais-deveriam-falar-mais-cedo-sobre-racismo-com-filhos\/\" target=\"_blank\" rel=\"noopener\">Outros estudos indicam que crian\u00e7as com quatro anos tendem a julgar brancos como mais ricos e bem-sucedidos.<\/a><\/strong><span data-offset-key=\"d98bk-0-1\">\u00a0Isso mostra que, quanto mais cedo falarmos sobre o assunto, melhor.\u00a0\u00a0<\/span><\/div>\n<div data-offset-key=\"d98bk-0-0\"><\/div>\n<div style=\"text-align: center;\" data-offset-key=\"d98bk-0-0\"><strong>.<\/strong><\/div>\n<div data-offset-key=\"d98bk-0-0\"><\/div>\n<\/div>\n<div class=\"DK2WGA7X3rKos2v1AABBD _20x9t-BL2SDh7lOGEew66E\" style=\"text-align: justify;\" data-block=\"true\" data-editor=\"b5vrs\" data-offset-key=\"9qhi8-0-0\">\n<div class=\"public-DraftStyleDefault-block public-DraftStyleDefault-ltr\" style=\"text-align: justify;\" data-offset-key=\"9qhi8-0-0\"><strong>Nas sugest\u00f5es de leitura, <a href=\"https:\/\/www.companhiadasletras.com.br\/detalhe.php?codigo=14774\" target=\"_blank\" rel=\"noopener\">\u201cPequeno Manual Antirracista\u201d<\/a>, Djamila Ribeiro, editora Companhia das Letras; <a href=\"https:\/\/www.companhiadasletras.com.br\/detalhe.php?codigo=41343\" target=\"_blank\" rel=\"noopener\">\u201cAmoras\u201d<\/a>, do Emicida, editora Companhia das Letrinhas; <a href=\"https:\/\/www.mazzaedicoes.com.br\/obra\/minha-mae-e-negra-sim\/\" target=\"_blank\" rel=\"noopener\">\u201cMinha m\u00e3e \u00e9 negra, sim!\u201d<\/a>\u00a0de Patr\u00edcia Santana, Mazza Edi\u00e7\u00f5es; <a href=\"https:\/\/www2.boitempoeditorial.com.br\/produto\/meu-crespo-e-de-rainha-773\" target=\"_blank\" rel=\"noopener\">\u201cMeu crespo \u00e9 de rainha\u201d<\/a>, Bell Hooks, editora Boitempo, selo boitat\u00e1; e \u201cRacismo Estrutural\u201d, de Silvio Almeida, editora Janda\u00edra.<\/strong><\/div>\n<div data-offset-key=\"9qhi8-0-0\"><\/div>\n<div style=\"text-align: center;\" data-offset-key=\"9qhi8-0-0\"><strong>.<\/strong><\/div>\n<div data-offset-key=\"9qhi8-0-0\"><\/div>\n<\/div>\n<div class=\"DK2WGA7X3rKos2v1AABBD _20x9t-BL2SDh7lOGEew66E\" data-block=\"true\" data-editor=\"b5vrs\" data-offset-key=\"3hbc6-0-0\">\n<div class=\"public-DraftStyleDefault-block public-DraftStyleDefault-ltr\" style=\"text-align: justify;\" data-offset-key=\"3hbc6-0-0\"><span data-offset-key=\"3hbc6-0-0\">O epis\u00f3dio ainda traz um trecho da entrevista do professor Silvio Almeida ao programa Roda Viva, da TV Cultura, em que ele explica de que forma o racismo est\u00e1 vinculado a todos os aspectos da vida em sociedade.<\/span><\/div>\n<div style=\"text-align: center;\" data-offset-key=\"3hbc6-0-0\">.<\/div>\n<div data-offset-key=\"3hbc6-0-0\"><\/div>\n<\/div>\n<p style=\"text-align: center;\"><iframe loading=\"lazy\" src=\"https:\/\/anchor.fm\/flavia-travassos-cunha\/embed\/episodes\/A-importncia-da-literatura-infantil-antirracista-epl98v\" width=\"400px\" height=\"102px\" frameborder=\"0\" scrolling=\"no\"><\/iframe><\/p>\n","protected":false},"excerpt":{"rendered":"<p>O terceiro epis\u00f3dio do podcast Cantinho da Leitura trata da literatura infantil antirracista. A jornalista Ge\u00f3rgia Santos conversa com Fl\u00e1via [&hellip;]<\/p>\n","protected":false},"author":3,"featured_media":7485,"comment_status":"open","ping_status":"open","sticky":false,"template":"","format":"standard","meta":{"_acf_changed":false,"footnotes":""},"categories":[1541],"tags":[2241,2338,194,335,185,2242,336,1544,1422,289],"class_list":["post-7798","post","type-post","status-publish","format-standard","has-post-thumbnail","hentry","category-podcasts","tag-antirracismo","tag-cantinho-da-leitura","tag-criancas","tag-leitura","tag-literatura","tag-literatura-antirracista","tag-literatura-infantil","tag-podcast","tag-primeira-infancia","tag-racismo"],"acf":[],"_links":{"self":[{"href":"https:\/\/vos.homolog.arsnova.work\/index.php?rest_route=\/wp\/v2\/posts\/7798","targetHints":{"allow":["GET"]}}],"collection":[{"href":"https:\/\/vos.homolog.arsnova.work\/index.php?rest_route=\/wp\/v2\/posts"}],"about":[{"href":"https:\/\/vos.homolog.arsnova.work\/index.php?rest_route=\/wp\/v2\/types\/post"}],"author":[{"embeddable":true,"href":"https:\/\/vos.homolog.arsnova.work\/index.php?rest_route=\/wp\/v2\/users\/3"}],"replies":[{"embeddable":true,"href":"https:\/\/vos.homolog.arsnova.work\/index.php?rest_route=%2Fwp%2Fv2%2Fcomments&post=7798"}],"version-history":[{"count":0,"href":"https:\/\/vos.homolog.arsnova.work\/index.php?rest_route=\/wp\/v2\/posts\/7798\/revisions"}],"wp:featuredmedia":[{"embeddable":true,"href":"https:\/\/vos.homolog.arsnova.work\/index.php?rest_route=\/wp\/v2\/media\/7485"}],"wp:attachment":[{"href":"https:\/\/vos.homolog.arsnova.work\/index.php?rest_route=%2Fwp%2Fv2%2Fmedia&parent=7798"}],"wp:term":[{"taxonomy":"category","embeddable":true,"href":"https:\/\/vos.homolog.arsnova.work\/index.php?rest_route=%2Fwp%2Fv2%2Fcategories&post=7798"},{"taxonomy":"post_tag","embeddable":true,"href":"https:\/\/vos.homolog.arsnova.work\/index.php?rest_route=%2Fwp%2Fv2%2Ftags&post=7798"}],"curies":[{"name":"wp","href":"https:\/\/api.w.org\/{rel}","templated":true}]}}