{"id":7794,"date":"2021-01-27T17:00:10","date_gmt":"2021-01-27T20:00:10","guid":{"rendered":"https:\/\/vos.homolog.arsnova.work\/?p=7794"},"modified":"2021-01-27T15:16:35","modified_gmt":"2021-01-27T18:16:35","slug":"bsv-especial-coronavirus-42-impeachment-de-bolsonaro","status":"publish","type":"post","link":"https:\/\/vos.homolog.arsnova.work\/?p=7794","title":{"rendered":"BSV Especial Coronav\u00edrus #42 Impeachment de Bolsonaro?"},"content":{"rendered":"<p style=\"text-align: justify;\"><strong>No epis\u00f3dio desta semana, vamos falar de impeachment. Calma, vamos especificar, porque entre Estados Unidos e os cinco anos do golpe institucional contra Dilma Rousseff se aproximando, \u00e9 importante esclarecer. Vamos falar sobre o impeachment de Bolsonaro &#8211; ou, pelo menos, da possibilidade de Jair n\u00e3o terminar os dois anos de mandato que lhe restam.\u00a0<\/strong><\/p>\n<h5 style=\"text-align: center;\">.<\/h5>\n<h5 style=\"text-align: center;\">N\u00e3o, o processo n\u00e3o foi aberto. Por enquanto, ainda \u00e9 um sonho. Mas, pela primeira vez desde 2018, \u00e9 um sonho que pode ser concretizado<\/h5>\n<h5 style=\"text-align: center;\">.<\/h5>\n<p style=\"text-align: justify;\"><a href=\"https:\/\/vos.homolog.arsnova.work\/voos-literarios\/distanciamento-social-e-fora-bolsonaro\/\" target=\"_blank\" rel=\"noopener\">No \u00faltimo final de semana, manifesta\u00e7\u00f5es pelo pa\u00eds pediam a sa\u00edda de Jair Bolsonaro.<\/a> Editoriais de jornais tradicionais, que antes apoiaram &#8220;Paulo Guedes&#8221;, agora tamb\u00e9m pedem a sa\u00edda do presidente da Rep\u00fablica. <a href=\"https:\/\/vos.homolog.arsnova.work\/podcasts\/bsv-especial-coronavirus-36-o-preco-da-incompetencia-de-bolsonaro\/\" target=\"_blank\" rel=\"noopener\">Enquanto isso, os crimes de responsabilidade s\u00e3o empilhados no Pal\u00e1cio do Planalto. \u00a0<\/a>O ministro da sa\u00fade, Eduardo Pazuello j\u00e1 est\u00e1 sendo investigado pela responsabilidade no caos da sa\u00fade de Manaus. Rodrigo Maia j\u00e1 acena com a palavra crime. Aliados parecem estar pulando da barca. E h\u00e1 evid\u00eancias escancaradas de que o governo federal rejeitou milh\u00f5es de doses de vacinas contra o coronav\u00edrus.<\/p>\n<p style=\"text-align: justify;\"><strong>O que est\u00e1 faltando, ent\u00e3o, para o Impeachment de Bolsonaro? Mais crimes? Press\u00e3o popular? Apoio do Centr\u00e3o \u00e0 causa? Vontade pol\u00edtica de Rodrigo Maia? O alinhamento dos astros? <a href=\"https:\/\/g1.globo.com\/pop-arte\/noticia\/2021\/01\/25\/faustao-deixa-tv-globo-no-final-de-2021.ghtml\" target=\"_blank\" rel=\"noopener\">O Faust\u00e3o sair da Globo?<\/a> Opa.<\/strong><\/p>\n<p style=\"text-align: justify;\"><strong>Participam os jornalistas Ge\u00f3rgia Santos, Fl\u00e1via Cunha, Igor Natusch e T\u00e9rcio Saccol.\u00a0Voc\u00ea tamb\u00e9m pode ouvir o epis\u00f3dio no\u00a0<a href=\"https:\/\/open.spotify.com\/show\/5I8zWzbmuDvEx9Wp6Gtnyd\" target=\"_blank\" rel=\"noopener\">Spotify<\/a>,\u00a0<a href=\"https:\/\/podcasts.apple.com\/us\/podcast\/bendita-sois-v%C3%B3s\/id1436913300\" target=\"_blank\" rel=\"noopener\">Itunes<\/a>\u00a0e\u00a0<a href=\"https:\/\/castbox.fm\/channel\/Bendita-Sois-V%C3%B3s-id1474946?country=br\" target=\"_blank\" rel=\"noopener\">Castbox<\/a>.\u00a0<\/strong><\/p>\n<p style=\"text-align: center;\"><iframe loading=\"lazy\" src=\"https:\/\/w.soundcloud.com\/player\/?url=https%3A\/\/api.soundcloud.com\/tracks\/973892488%3Fsecret_token%3Ds-Likwvd91xcQ&amp;color=%23ff5500&amp;auto_play=false&amp;hide_related=false&amp;show_comments=true&amp;show_user=true&amp;show_reposts=false&amp;show_teaser=true&amp;visual=true\" width=\"100%\" height=\"300\" frameborder=\"no\" scrolling=\"no\"><\/iframe><\/p>\n<div style=\"font-size: 10px; color: #cccccc; line-break: anywhere; word-break: normal; overflow: hidden; white-space: nowrap; text-overflow: ellipsis; font-family: Interstate, 'Lucida Grande', 'Lucida Sans Unicode', 'Lucida Sans', Garuda, Verdana, Tahoma, sans-serif; font-weight: 100; text-align: center;\"><a style=\"color: #cccccc; text-decoration: none;\" title=\"V\u00f3s Pessoas no Plural\" href=\"https:\/\/soundcloud.com\/vos-social\" target=\"_blank\" rel=\"noopener\">V\u00f3s Pessoas no Plural<\/a> \u00b7 <a style=\"color: #cccccc; text-decoration: none;\" title=\"BSV Especial Coronav\u00edrus #42 Impeachment de Bolsonaro?\" href=\"https:\/\/soundcloud.com\/vos-social\/bsv-especial-coronavirus-42-impeachment-de-bolsonaro\/s-Likwvd91xcQ\" target=\"_blank\" rel=\"noopener\">BSV Especial Coronav\u00edrus #42 Impeachment de Bolsonaro?<\/a><\/div>\n","protected":false},"excerpt":{"rendered":"<p>No epis\u00f3dio desta semana, vamos falar de impeachment. Calma, vamos especificar, porque entre Estados Unidos e os cinco anos do [&hellip;]<\/p>\n","protected":false},"author":3,"featured_media":7795,"comment_status":"open","ping_status":"open","sticky":false,"template":"","format":"standard","meta":{"_acf_changed":false,"footnotes":""},"categories":[1541],"tags":[870,2196,2158,2156,529,2165,228,590],"class_list":["post-7794","post","type-post","status-publish","format-standard","has-post-thumbnail","hentry","category-podcasts","tag-bolsonaro","tag-corona","tag-coronavirus","tag-epidemia","tag-impeachment","tag-pandemia","tag-politica","tag-saude"],"acf":[],"_links":{"self":[{"href":"https:\/\/vos.homolog.arsnova.work\/index.php?rest_route=\/wp\/v2\/posts\/7794","targetHints":{"allow":["GET"]}}],"collection":[{"href":"https:\/\/vos.homolog.arsnova.work\/index.php?rest_route=\/wp\/v2\/posts"}],"about":[{"href":"https:\/\/vos.homolog.arsnova.work\/index.php?rest_route=\/wp\/v2\/types\/post"}],"author":[{"embeddable":true,"href":"https:\/\/vos.homolog.arsnova.work\/index.php?rest_route=\/wp\/v2\/users\/3"}],"replies":[{"embeddable":true,"href":"https:\/\/vos.homolog.arsnova.work\/index.php?rest_route=%2Fwp%2Fv2%2Fcomments&post=7794"}],"version-history":[{"count":0,"href":"https:\/\/vos.homolog.arsnova.work\/index.php?rest_route=\/wp\/v2\/posts\/7794\/revisions"}],"wp:featuredmedia":[{"embeddable":true,"href":"https:\/\/vos.homolog.arsnova.work\/index.php?rest_route=\/wp\/v2\/media\/7795"}],"wp:attachment":[{"href":"https:\/\/vos.homolog.arsnova.work\/index.php?rest_route=%2Fwp%2Fv2%2Fmedia&parent=7794"}],"wp:term":[{"taxonomy":"category","embeddable":true,"href":"https:\/\/vos.homolog.arsnova.work\/index.php?rest_route=%2Fwp%2Fv2%2Fcategories&post=7794"},{"taxonomy":"post_tag","embeddable":true,"href":"https:\/\/vos.homolog.arsnova.work\/index.php?rest_route=%2Fwp%2Fv2%2Ftags&post=7794"}],"curies":[{"name":"wp","href":"https:\/\/api.w.org\/{rel}","templated":true}]}}