{"id":7782,"date":"2021-01-24T14:52:54","date_gmt":"2021-01-24T17:52:54","guid":{"rendered":"https:\/\/vos.homolog.arsnova.work\/?p=7782"},"modified":"2021-01-24T14:59:03","modified_gmt":"2021-01-24T17:59:03","slug":"distanciamento-social-e-fora-bolsonaro","status":"publish","type":"post","link":"https:\/\/vos.homolog.arsnova.work\/?p=7782","title":{"rendered":"Distanciamento social e as carreatas Fora Bolsonaro"},"content":{"rendered":"<p style=\"text-align: justify\"><span style=\"font-weight: 400\">Tenho vivido em distanciamento social relativamente r\u00edgido desde mar\u00e7o de 2020. \u00cesso, claro, gra\u00e7as ao privil\u00e9gio de poder trabalhar de forma remota nas minhas fun\u00e7\u00f5es como produtora cultural e jornalista. Depois de quase um ano sem ir a locais com aglomera\u00e7\u00e3o de pessoas em raz\u00e3o da pandemia, fui convidada por uma amiga a ir na manifesta\u00e7\u00e3o &#8220;Fora Bolsonaro&#8221;,\u00a0 neste s\u00e1bado, dia 23.\u00a0 Ap\u00f3s essa provoca\u00e7\u00e3o, fiquei durante um tempo refletindo sobre a poss\u00edvel incoer\u00eancia entre defender o distanciamento social e sair de casa para um protesto. <\/span><\/p>\n<p style=\"text-align: justify\"><span style=\"font-weight: 400\">Cheguei \u00e0 conclus\u00e3o que eram atividades essenciais (e urgentes):<\/span><\/p>\n<h6 style=\"text-align: justify\"><strong>Pressionar para tirar do poder um presidente que demonstra tamanho descaso na condu\u00e7\u00e3o de uma pandemia.<\/strong><\/h6>\n<h6 style=\"text-align: justify\"><strong>Sair \u00e0s ruas para demonstrar a insatisfa\u00e7\u00e3o com a falta de organiza\u00e7\u00e3o para vacinar a popula\u00e7\u00e3o.\u00a0<\/strong><\/h6>\n<h6 style=\"text-align: justify\"><strong>Lutar para o retorno do aux\u00edlio emergencial j\u00e1 que milhares de pessoas passam fome com o fim do benef\u00edcio,\u00a0<\/strong><\/h6>\n<p style=\"text-align: justify\"><span style=\"font-weight: 400\">Com isso em mente, resolvi comparecer ao protesto, ainda que a convoca\u00e7\u00e3o tenha sido para uma carreata e eu indo a p\u00e9, por n\u00e3o ter carro. Os organizadores do ato em Porto Alegre contabilizaram a ades\u00e3o de pelo menos 1 mil ve\u00edculos, que se concentraram no Largo Zumbi dos Palmares para depois percorrerem as ruas de diferentes bairros da capital ga\u00facha. Os protestos, em forma de carreatas, foram realizados em dezenas de cidades brasileiras e na maioria das grandes capitais.<\/span><\/p>\n<h6><strong>Uma avalia\u00e7\u00e3o pessoal do protesto<\/strong><\/h6>\n<p style=\"text-align: justify\"><span style=\"font-weight: 400\"><a href=\"https:\/\/vos.homolog.arsnova.work\/wp-content\/uploads\/2021\/01\/fora_bozo2.jpg\"><img loading=\"lazy\" decoding=\"async\" class=\"size-medium wp-image-7786 alignleft\" src=\"https:\/\/vos.homolog.arsnova.work\/wp-content\/uploads\/2021\/01\/fora_bozo2-225x300.jpg\" alt=\"\" width=\"225\" height=\"300\" srcset=\"https:\/\/vos.homolog.arsnova.work\/wp-content\/uploads\/2021\/01\/fora_bozo2-225x300.jpg 225w, https:\/\/vos.homolog.arsnova.work\/wp-content\/uploads\/2021\/01\/fora_bozo2-768x1024.jpg 768w, https:\/\/vos.homolog.arsnova.work\/wp-content\/uploads\/2021\/01\/fora_bozo2.jpg 960w\" sizes=\"auto, (max-width: 225px) 100vw, 225px\" \/><\/a>Em Porto Alegre, os pedestres, como eu, ficaram no local da concentra\u00e7\u00e3o. Posso garantir que a quantidade de carros era realmente grande. Por\u00e9m, n\u00e3o sei se o n\u00famero total de ades\u00e3o chegou a 2 mil ve\u00edculos, como vi em algumas postagens mais otimistas nas redes sociais. Mas, ao contr\u00e1rio do que afirmam os defensores de Bolsonaro, o protesto n\u00e3o era apenas de partidos pol\u00edticos, sindicatos e movimentos sociais. Havia muitos idosos dentro dos ve\u00edculos e pessoas ostentando cartazes visivelmente improvisados. O que, na minha opini\u00e3o, \u00e9 uma comprova\u00e7\u00e3o do qu\u00e3o genu\u00edno \u00e9 o sentimento de revolta de parte da popula\u00e7\u00e3o com o presidente da Rep\u00fablica e seu governo repleto de incompet\u00eancia, desorganiza\u00e7\u00e3o e desprezo pela vida humana.<\/span><\/p>\n<h6>Haver\u00e1 resultados?<\/h6>\n<p style=\"text-align: justify\"><span style=\"font-weight: 400\">Voltei para casa satisfeita por ver tanta gente engajada na luta por exigir a abertura de um processo de impeachment contra Bolsonaro. A press\u00e3o surtir\u00e1 efeito no Congresso Nacional? Sinceramente, n\u00e3o sei. Se a op\u00e7\u00e3o por carreatas foi elitista, conforme vi algumas pessoas de esquerda comentando, tamb\u00e9m n\u00e3o consigo avaliar com exatid\u00e3o. Acredito que tenha sido a alternativa mais segura neste momento para demonstrar insatisfa\u00e7\u00e3o com o governo. Ainda que tenha sido, de certa forma, excludente para quem, como eu, \u00e9 pedestre e n\u00e3o p\u00f4de acompanhar a manifesta\u00e7\u00e3o em sua integralidade.<\/span><\/p>\n<h6>Distanciamento social precisa continuar<\/h6>\n<p style=\"text-align: justify\"><span style=\"font-weight: 400\">Afora necess\u00e1rios protestos e sa\u00eddas essenciais para comprar comida, por exemplo, aconselho, a quem puder, que prossiga em distanciamento social. Considero ser a atitude mais sensata, enquanto a vacina\u00e7\u00e3o n\u00e3o for realizada em massa no Brasil. Mesmo que quem mantenha-se em casa, seja taxado de radical, medroso ou exagerado. Os adjetivos s\u00e3o muitos e podemos colocar nessa lista tamb\u00e9m o termo &#8220;comunista&#8221;, mesmo que a quarentena tenha sido recomendada em pa\u00edses onde os governos est\u00e3o muito longe do espectro pol\u00edtico de esquerda.<\/span><\/p>\n<h6>Aos resilientes do distanciamento social<\/h6>\n<p style=\"text-align: justify\"><span style=\"font-weight: 400\">Como incentivo aos que permanecer\u00e3o em casa por muito tempo com o compromisso pessoal de evitar a propaga\u00e7\u00e3o do coronav\u00edrus, recomendo a leitura do e-book gratuito <em>Porto Alegre em Quarentena<\/em>. A obra \u00e9 uma colet\u00e2nea com o registro po\u00e9tico dos primeiros meses da pandemia, a partir do olhar de escritores que moram na capital do Rio Grande do Sul. S\u00e3o diferentes estilos e tem\u00e1ticas diversas.\u00a0<\/span><\/p>\n<h6>Porto Alegre em Quarentena<\/h6>\n<p style=\"text-align: justify\"><span style=\"font-weight: 400\">A diversidade presente na obra \u00e9 um registro hist\u00f3rico do ano que passou. O conte\u00fado varia desde a sensa\u00e7\u00e3o em si de isolamento, at\u00e9 temas sociais urgentes que vieram \u00e0 tona nos \u00faltimos meses, como a luta antirracista. Na apresenta\u00e7\u00e3o do livro, os organizadores Camilo Mattar Raabe e Diego Grando comentam: \u201cOs poemas aqui reunidos formam, enfim, um retrato de um tempo e de uma cidade: um 2020 que corre estranho, uma Porto Alegre onde estamos sem estar.&#8221;<\/span><\/p>\n<h6>Um poema para encerrar<\/h6>\n<p style=\"text-align: justify\"><span style=\"font-weight: 400\">Entre todos os poemas, destaco <em>Disperato Incantabile &#8211; Afflito ma non troppp<\/em>\u00a0de Diego Grando, por reflitir o esp\u00edrito dessa pandemia sem fim:<\/span><\/p>\n<p style=\"text-align: justify\"><strong><em>\u201clorem ipsum fecha a porta \/ tem miojo no jantar \/ nostradamus \/ v\u00f3s travais \/ eles trovam por wi-fi \/ quem tem boca fica em casa \/ n\u00e3o tem c\u00e3o ca\u00e7a com live \/ pandeguices \/ isquemias \/ esqueminhas confirmados \/ rivotril no dry martini \/ gardenal com aperol \/ hoje a rave clandestina \u00e9 num galp\u00e3o em ivoti \/ lorem ipsum segue o baile \/ vai \u00e0 merda e volta atr\u00e1s \/ como lidar \/ em tempos de \/ seno b cosseno a \/ cloroquina mon amour \/ no dos outros \u00e9 refresco \/ quem furar o isolamento \/ n\u00e3o vai preso no quartel \/ vem ro\u00e7ar essa m\u00e3ozinha \/ marinada em \u00e1lcool gel \/ vem ro\u00e7ar na minha tela \/ ou eu fa\u00e7o um escarc\u00e9u \/ lorem ipsum vai no super \/ estocar papel higi\u00eanico \/ tem entrega que \u00e9 do bem \/ tem delivery do mal \/ tomar sol na basculante \/ j\u00e1 virou lugar-comum \/ tomar \u00e1gua do chuveiro \/ n\u00e3o \u00e9 novo nem normal \/ dormir cedo \/ acordar tarde \/ dormir tarde \/ acordar cedo \/ google meet \/ zoom zoom zoom \/ n\u00e3o passou um avi\u00e3o \/ lorem ipsum coisa e tal\u201d<\/em><\/strong><\/p>\n<p style=\"text-align: justify\"><span style=\"font-weight: 400\">Para baixar o livro, de forma gratuita, clique <a href=\"https:\/\/literaturars.files.wordpress.com\/2020\/12\/porto-alegre-em-quarentena.pdf\" target=\"_blank\" rel=\"noopener\">aqui<\/a>. Mais detalhes sobre a obra podem ser conferidos em mat\u00e9ria do site <a href=\"https:\/\/literaturars.com.br\/portoalegreemquarentena\/\" target=\"_blank\" rel=\"noopener\">Literatura RS<\/a>.<\/span><\/p>\n<p style=\"text-align: justify\"><em><span style=\"font-weight: 400\">Imagens: Facebook \/ Reprodu\u00e7\u00e3o<\/span><\/em><\/p>\n<p>&nbsp;<\/p>\n","protected":false},"excerpt":{"rendered":"<p>Tenho vivido em distanciamento social relativamente r\u00edgido desde mar\u00e7o de 2020. \u00cesso, claro, gra\u00e7as ao privil\u00e9gio de poder trabalhar de [&hellip;]<\/p>\n","protected":false},"author":5,"featured_media":7784,"comment_status":"open","ping_status":"open","sticky":false,"template":"","format":"standard","meta":{"_acf_changed":false,"footnotes":""},"categories":[4],"tags":[2437,2434,2436,2433,2213,2165,2435],"class_list":["post-7782","post","type-post","status-publish","format-standard","has-post-thumbnail","hentry","category-voos-literarios","tag-camilo-mattar-raabe","tag-carreatas-fora-bolsonaro","tag-diego-grando","tag-distanciamento-social","tag-fora-bolsonaro","tag-pandemia","tag-porto-alegre-em-quarentena"],"acf":[],"_links":{"self":[{"href":"https:\/\/vos.homolog.arsnova.work\/index.php?rest_route=\/wp\/v2\/posts\/7782","targetHints":{"allow":["GET"]}}],"collection":[{"href":"https:\/\/vos.homolog.arsnova.work\/index.php?rest_route=\/wp\/v2\/posts"}],"about":[{"href":"https:\/\/vos.homolog.arsnova.work\/index.php?rest_route=\/wp\/v2\/types\/post"}],"author":[{"embeddable":true,"href":"https:\/\/vos.homolog.arsnova.work\/index.php?rest_route=\/wp\/v2\/users\/5"}],"replies":[{"embeddable":true,"href":"https:\/\/vos.homolog.arsnova.work\/index.php?rest_route=%2Fwp%2Fv2%2Fcomments&post=7782"}],"version-history":[{"count":0,"href":"https:\/\/vos.homolog.arsnova.work\/index.php?rest_route=\/wp\/v2\/posts\/7782\/revisions"}],"wp:featuredmedia":[{"embeddable":true,"href":"https:\/\/vos.homolog.arsnova.work\/index.php?rest_route=\/wp\/v2\/media\/7784"}],"wp:attachment":[{"href":"https:\/\/vos.homolog.arsnova.work\/index.php?rest_route=%2Fwp%2Fv2%2Fmedia&parent=7782"}],"wp:term":[{"taxonomy":"category","embeddable":true,"href":"https:\/\/vos.homolog.arsnova.work\/index.php?rest_route=%2Fwp%2Fv2%2Fcategories&post=7782"},{"taxonomy":"post_tag","embeddable":true,"href":"https:\/\/vos.homolog.arsnova.work\/index.php?rest_route=%2Fwp%2Fv2%2Ftags&post=7782"}],"curies":[{"name":"wp","href":"https:\/\/api.w.org\/{rel}","templated":true}]}}