{"id":7778,"date":"2021-01-20T17:17:05","date_gmt":"2021-01-20T20:17:05","guid":{"rendered":"https:\/\/vos.homolog.arsnova.work\/?p=7778"},"modified":"2021-01-20T17:17:05","modified_gmt":"2021-01-20T20:17:05","slug":"bsv-especial-coronavirus-41-vai-trump-vem-vacina","status":"publish","type":"post","link":"https:\/\/vos.homolog.arsnova.work\/?p=7778","title":{"rendered":"BSV Especial Coronav\u00edrus #41 Vai Trump, vem vacina"},"content":{"rendered":"<p style=\"text-align: justify;\"><strong>A vacina, finalmente, chegou ao Brasil e a imuniza\u00e7\u00e3o come\u00e7ou nesta semana. Agora, finalmente, a gente vai respeitar a necessidade de distanciamento social enquanto parte da popula\u00e7\u00e3o \u00e9 vacinada. O momento que todos os que acreditam na ci\u00eancia esperavam. O momento que todos os que levam informa\u00e7\u00e3o a s\u00e9rio esperavam. O come\u00e7o do fim da pandemia.<\/strong><\/p>\n<h5 style=\"text-align: center;\">.<\/h5>\n<h5 style=\"text-align: center;\"><a href=\"https:\/\/vos.homolog.arsnova.work\/podcasts\/bsv-especial-coronavirus-36-o-preco-da-incompetencia-de-bolsonaro\/\" target=\"_blank\" rel=\"noopener\">Mas n\u00e3o por causa de Jair Bolsonaro<\/a><\/h5>\n<h5 style=\"text-align: center;\">.<\/h5>\n<p style=\"text-align: justify;\">Logo ap\u00f3s a aprova\u00e7\u00e3o, pela Anvisa, das vacinas de Oxford em parceria com a FioCruz e da Sinovac em parceria com o Butantan, n\u00e3o se ouviu falar em Jair Bolsonaro. Nem depois de a enfermeira M\u00f4nica Calazans ser a primeira vacinada no pa\u00eds. N\u00e3o. O grande estadista s\u00f3 se manifestou no dia seguinte e pra falar da inaugura\u00e7\u00e3o de uma obra. Quando falou, se referiu ao momento mais importante deste 2021 com a express\u00e3o APESAR DA VACINA.<\/p>\n<h5 style=\"text-align: center;\">.<\/h5>\n<h5 style=\"text-align: center;\">Se dependesse de Jair Bolsonaro, n\u00e3o ter\u00edamos vacina, apenas a mentira de que o tratamento precoce funciona<\/h5>\n<h5 style=\"text-align: center;\">.<\/h5>\n<p style=\"text-align: justify;\">Ali\u00e1s, quando dependemos de Jair Bolsonaro, ele rejeitou 50 milh\u00f5es de doses da vacina de Oxford, 40 milh\u00f5es da Sinovac. Quando dependemos de Jair Bolsonaro, ele rejeitou as vacinas.<\/p>\n<p style=\"text-align: justify;\">Mas este \u00e9 um epis\u00f3dio de esperan\u00e7a. E pra coroar esse sentimento maravilhoso, hoje, dia 20 de janeiro, \u00e9 a posse de Joe Biden como o novo presidente dos Estados. \u00c9 o fim da era Donald Trump e, quem sabe, o come\u00e7o de um per\u00edodo em que a humanidade tenha algum valor.<\/p>\n<p><b>Participam do programa os jornalistas Ge\u00f3rgia Santos, Fl\u00e1via Cunha, Igor Natusch e T\u00e9rcio Saccol.\u00a0Voc\u00ea tamb\u00e9m pode ouvir o epis\u00f3dio no\u00a0<\/b><a href=\"https:\/\/open.spotify.com\/show\/5I8zWzbmuDvEx9Wp6Gtnyd\"><span class=\"s1\"><b>Spotify<\/b><\/span><\/a><b>,\u00a0<\/b><a href=\"https:\/\/podcasts.apple.com\/us\/podcast\/bendita-sois-v%C3%B3s\/id1436913300\"><span class=\"s1\"><b>Itunes<\/b><\/span><\/a><b>\u00a0e\u00a0<\/b><a href=\"https:\/\/castbox.fm\/channel\/Bendita-Sois-V%C3%B3s-id1474946?country=br\"><span class=\"s1\"><b>Castbox<\/b><\/span><\/a><b>.\u00a0<\/b><\/p>\n<p style=\"text-align: center;\"><iframe loading=\"lazy\" src=\"https:\/\/w.soundcloud.com\/player\/?url=https%3A\/\/api.soundcloud.com\/tracks\/969449959&amp;color=%23ff5500&amp;auto_play=false&amp;hide_related=false&amp;show_comments=true&amp;show_user=true&amp;show_reposts=false&amp;show_teaser=true&amp;visual=true\" width=\"100%\" height=\"300\" frameborder=\"no\" scrolling=\"no\"><\/iframe><\/p>\n<div style=\"font-size: 10px; color: #cccccc; line-break: anywhere; word-break: normal; overflow: hidden; white-space: nowrap; text-overflow: ellipsis; font-family: Interstate, 'Lucida Grande', 'Lucida Sans Unicode', 'Lucida Sans', Garuda, Verdana, Tahoma, sans-serif; font-weight: 100; text-align: center;\"><a style=\"color: #cccccc; text-decoration: none;\" title=\"V\u00f3s Pessoas no Plural\" href=\"https:\/\/soundcloud.com\/vos-social\" target=\"_blank\" rel=\"noopener\">V\u00f3s Pessoas no Plural<\/a> \u00b7 <a style=\"color: #cccccc; text-decoration: none;\" title=\"BSV Especial Coronav\u00edrus #41 Vai Trump, vem vacina\" href=\"https:\/\/soundcloud.com\/vos-social\/bsv-especial-coronavirus-41-vai-trump-vem-vacina\" target=\"_blank\" rel=\"noopener\">BSV Especial Coronav\u00edrus #41 Vai Trump, vem vacina<\/a><\/div>\n","protected":false},"excerpt":{"rendered":"<p>A vacina, finalmente, chegou ao Brasil e a imuniza\u00e7\u00e3o come\u00e7ou nesta semana. Agora, finalmente, a gente vai respeitar a necessidade [&hellip;]<\/p>\n","protected":false},"author":3,"featured_media":7779,"comment_status":"open","ping_status":"open","sticky":false,"template":"","format":"standard","meta":{"_acf_changed":false,"footnotes":""},"categories":[1541],"tags":[2432,870,800,2429,2196,2427,2158,2156,841,2430,2431,2165,228,590,2428,268,2352],"class_list":["post-7778","post","type-post","status-publish","format-standard","has-post-thumbnail","hentry","category-podcasts","tag-biden","tag-bolsonaro","tag-brasil","tag-butantan","tag-corona","tag-coronavac","tag-coronavirus","tag-epidemia","tag-eua","tag-fiocruz","tag-oxford","tag-pandemia","tag-politica","tag-saude","tag-sinovac","tag-trump","tag-vacina"],"acf":[],"_links":{"self":[{"href":"https:\/\/vos.homolog.arsnova.work\/index.php?rest_route=\/wp\/v2\/posts\/7778","targetHints":{"allow":["GET"]}}],"collection":[{"href":"https:\/\/vos.homolog.arsnova.work\/index.php?rest_route=\/wp\/v2\/posts"}],"about":[{"href":"https:\/\/vos.homolog.arsnova.work\/index.php?rest_route=\/wp\/v2\/types\/post"}],"author":[{"embeddable":true,"href":"https:\/\/vos.homolog.arsnova.work\/index.php?rest_route=\/wp\/v2\/users\/3"}],"replies":[{"embeddable":true,"href":"https:\/\/vos.homolog.arsnova.work\/index.php?rest_route=%2Fwp%2Fv2%2Fcomments&post=7778"}],"version-history":[{"count":0,"href":"https:\/\/vos.homolog.arsnova.work\/index.php?rest_route=\/wp\/v2\/posts\/7778\/revisions"}],"wp:featuredmedia":[{"embeddable":true,"href":"https:\/\/vos.homolog.arsnova.work\/index.php?rest_route=\/wp\/v2\/media\/7779"}],"wp:attachment":[{"href":"https:\/\/vos.homolog.arsnova.work\/index.php?rest_route=%2Fwp%2Fv2%2Fmedia&parent=7778"}],"wp:term":[{"taxonomy":"category","embeddable":true,"href":"https:\/\/vos.homolog.arsnova.work\/index.php?rest_route=%2Fwp%2Fv2%2Fcategories&post=7778"},{"taxonomy":"post_tag","embeddable":true,"href":"https:\/\/vos.homolog.arsnova.work\/index.php?rest_route=%2Fwp%2Fv2%2Ftags&post=7778"}],"curies":[{"name":"wp","href":"https:\/\/api.w.org\/{rel}","templated":true}]}}