{"id":7768,"date":"2021-01-16T18:20:49","date_gmt":"2021-01-16T21:20:49","guid":{"rendered":"https:\/\/vos.homolog.arsnova.work\/?p=7768"},"modified":"2021-01-16T18:25:20","modified_gmt":"2021-01-16T21:25:20","slug":"sos-manaus-o-brasil-sufocado-pela-pandemia","status":"publish","type":"post","link":"https:\/\/vos.homolog.arsnova.work\/?p=7768","title":{"rendered":"SOS Manaus: o Brasil sufocado pela pandemia"},"content":{"rendered":"<p style=\"text-align: justify\"><span style=\"font-weight: 400\">Depois de 10 meses de pandemia no pa\u00eds, presenciamos, com horror e impot\u00eancia, o estado do Amazonas pedir socorro. A falta de oxig\u00eanio e outros insumos b\u00e1sicos para pacientes com covid-19 nos hospitais p\u00fablicos em Manaus \u00e9 um tapa na nossa cara. Diante de tamanho desleixo do governo federal, surgiu a campanha Brasil Sufocado, que pede assinaturas virtuais para a abertura de processo de impeachment contra o presidente Jair Bolsonaro. <\/span><\/p>\n<h6 style=\"text-align: justify\"><strong>Ser\u00e1 que agora, finalmente, haver\u00e1 abertura de um processo de impeachment contra Bolsonaro no Congresso Nacional?<\/strong><\/h6>\n<p style=\"text-align: justify\"><span style=\"font-weight: 400\">Particularmente, observo com alguma cautela o movimento Brasil Sufocado, por ter o apoio expl\u00edcito do presidenci\u00e1vel Luciano Huck. Apesar disso, realmente j\u00e1 passou da hora de fazermos algo para impedir a perman\u00eancia no poder de um presidente t\u00e3o incapaz. Al\u00e9m da press\u00e3o por impeachment, voltaram a ganhar for\u00e7a nas redes sociais os coment\u00e1rios sobre Bolsonaro ser julgado por genoc\u00eddio pelo Tribunal Internacional Penal, em fun\u00e7\u00e3o de sua conduta diante da pandemia.<\/span><\/p>\n<h6 style=\"text-align: justify\">Mas isso seria poss\u00edvel?<\/h6>\n<p style=\"text-align: justify\"><span style=\"font-weight: 400\">Para que a abertura de uma investiga\u00e7\u00e3o nesse sentido acontecesse, seria necess\u00e1rio a comprova\u00e7\u00e3o de inten\u00e7\u00e3o de crime contra a humanidade. Ou seja, precisaria haver um plano concreto do governo federal para a morte em massa da popula\u00e7\u00e3o por covid-19. Incompet\u00eancia ou neglig\u00eancia governamental n\u00e3o s\u00e3o julgadas em Haia, conforme j\u00e1 <a href=\"https:\/\/brasil.elpais.com\/brasil\/2020-07-21\/para-que-bolsonaro-seja-julgado-em-haia-e-preciso-mostrar-a-intencao-de-crime-contra-a-humanidade.html\" target=\"_blank\" rel=\"noopener\">explicou<\/a> o primeiro promotor-chefe do TPI, Lu\u00eds Moreno Ocampo. <\/span><\/p>\n<h6 style=\"text-align: justify\">Indica\u00e7\u00f5es de obras juridicas<\/h6>\n<p style=\"text-align: justify\"><span style=\"font-size: 14px;text-align: justify;letter-spacing: 0px\">Aos curiosos pela \u00e1rea jur\u00eddica, sugiro dois livros para entender<\/span><span style=\"font-weight: 400\">\u00a0melhor o funcionamento do Tribunal de Haia:\u00a0<em><a href=\"https:\/\/www.amazon.com.br\/Tribunal-Penal-Internacional-Concretiza%C3%A7%C3%A3o-Sonho\/dp\/8571475431\" target=\"_blank\" rel=\"noopener\">Tribunal Penal Internacional: a concretiza\u00e7\u00e3o de um sonho<\/a>,<\/em> de David Augusto Fernandes, e\u00a0\u00a0<\/span><span style=\"font-weight: 400\"><a href=\"https:\/\/www.amazon.com.br\/Tribunal-Penal-Internacional-Direito-Brasileiro\/dp\/8520339093\" target=\"_blank\" rel=\"noopener\"><em>Tribunal Penal Internacional e o Direito Brasileiro<\/em><\/a>, de Val\u00e9rio Oliveira Mazzuoli.<\/span><\/p>\n<h6 style=\"text-align: justify\">Dica de leitura para leigos<\/h6>\n<p style=\"text-align: justify\"><span style=\"font-weight: 400\">J\u00e1\u00a0<\/span><a href=\"https:\/\/www.travessa.com.br\/testemunha-1-ed-2017\/artigo\/b21faf84-7f92-4704-bbaf-61c7b3ff5b34\" target=\"_blank\" rel=\"noopener\"><i><span style=\"font-weight: 400\">Testemunha<\/span><\/i><\/a><span style=\"font-weight: 400\">\u00a0\u00e9 um thriller jur\u00eddico do consagrado escritor norte-americano Scott Turow. A obra pode ajudar a conhecer os meandros da corte internacional, conforme revela o trecho a seguir:<\/span><\/p>\n<p style=\"text-align: justify\"><em><span style=\"font-weight: 400\">&#8220;<\/span><span style=\"font-weight: 400\">No fim da d\u00e9cada de noventa, a ONU havia reconhecido que a prolifera\u00e7\u00e3o de f\u00f3runs penais especiais em Haia indicava um triste fato: o genoc\u00eddio e as atrocidades de guerra n\u00e3o estavam perto de acabar. Foram iniciadas as negocia\u00e7\u00f5es de um tratado global para criar um tribunal permanente de crimes de guerra, o TPI.<\/span><\/em><\/p>\n<p style=\"text-align: justify\"><em><span style=\"font-weight: 400\">Contudo, enquanto as conversas se arrastavam, mais e mais pot\u00eancias mundiais perceberam os riscos de se submeter a penalidades criminais controladas por estrangeiros. N\u00e3o apenas Estados Unidos como tamb\u00e9m R\u00fassia, China, Israel, \u00cdndia, Paquist\u00e3o, Coreia do Norte e a maioria das na\u00e7\u00f5es \u00e1rabes se recusaram a participar. As na\u00e7\u00f5es europeias, latinas e africanas assinaram o tratado, profundamente desapontadas com os Estados Unidos e os outros pa\u00edses por terem recuado.&#8221;<\/span><\/em><\/p>\n<h6 style=\"text-align: justify\">Voltando \u00e0 realidade brasileira<\/h6>\n<p style=\"text-align: justify\"><span style=\"font-weight: 400\">\u00c9 bom recordar que o presidente brasileiro j\u00e1 \u00e9 <a href=\"https:\/\/www.brasildefato.com.br\/2020\/12\/18\/tribunal-penal-internacional-investiga-bolsonaro-o-que-isso-significa\" target=\"_blank\" rel=\"noopener\">investigado<\/a> pelo Tribunal de Haia por den\u00fancias de viola\u00e7\u00f5es contra o meio ambiente e os povos ind\u00edgenas. Al\u00e9m disso,\u00a0<\/span><span style=\"font-weight: 400\">o <a href=\"https:\/\/www.cartacapital.com.br\/justica\/lewandowski-da-48h-para-bolsonaro-apresentar-plano-contra-colapso-em-manaus\/\" target=\"_blank\" rel=\"noopener\">Supremo Tribunal Federal<\/a> deu prazo de 48 horas, na \u00faltima sexta-feira (dia 15\/1), para que o governo federal apresentasse um plano detalhado do enfrentamento ao colapso na sa\u00fade p\u00fablica em Manaus. <\/span><\/p>\n<p style=\"text-align: justify\"><span style=\"font-weight: 400\">Infelizmente, este \u00e9 apenas mais um triste cap\u00edtulo no Brasil sufocado pela pandemia e por um governo displicente. Seguiremos apenas articulando protestos virtuais e fazendo panela\u00e7os dentro de casa? At\u00e9 quando?<\/span><\/p>\n<h6 style=\"text-align: justify\">Para ajudar na pr\u00e1tica<\/h6>\n<p style=\"text-align: justify\">Existem campanhas de apoio \u00e0 sa\u00fade p\u00fablica no estado do Amazonas. Entre elas, destaco a iniciativa SOS Manaus. Para contribuir, clique <a href=\"https:\/\/www.vakinha.com.br\/vaquinha\/sos-manaus-am\" target=\"_blank\" rel=\"noopener\">aqui<\/a>.<\/p>\n<p style=\"text-align: justify\"><em>Imagem: M\u00e1rcio James \/ Fotos P\u00fablicas<\/em><\/p>\n<p style=\"text-align: justify\">\n","protected":false},"excerpt":{"rendered":"<p>Depois de 10 meses de pandemia no pa\u00eds, presenciamos, com horror e impot\u00eancia, o estado do Amazonas pedir socorro. A [&hellip;]<\/p>\n","protected":false},"author":5,"featured_media":7770,"comment_status":"open","ping_status":"open","sticky":false,"template":"","format":"standard","meta":{"_acf_changed":false,"footnotes":""},"categories":[4],"tags":[2421,2426,2422,2425,2424,2423],"class_list":["post-7768","post","type-post","status-publish","format-standard","has-post-thumbnail","hentry","category-voos-literarios","tag-brasil-sufocado","tag-scott-turow","tag-sos-manaus","tag-testemunha","tag-tribunal-de-haia","tag-tribunal-penal-internacional"],"acf":[],"_links":{"self":[{"href":"https:\/\/vos.homolog.arsnova.work\/index.php?rest_route=\/wp\/v2\/posts\/7768","targetHints":{"allow":["GET"]}}],"collection":[{"href":"https:\/\/vos.homolog.arsnova.work\/index.php?rest_route=\/wp\/v2\/posts"}],"about":[{"href":"https:\/\/vos.homolog.arsnova.work\/index.php?rest_route=\/wp\/v2\/types\/post"}],"author":[{"embeddable":true,"href":"https:\/\/vos.homolog.arsnova.work\/index.php?rest_route=\/wp\/v2\/users\/5"}],"replies":[{"embeddable":true,"href":"https:\/\/vos.homolog.arsnova.work\/index.php?rest_route=%2Fwp%2Fv2%2Fcomments&post=7768"}],"version-history":[{"count":0,"href":"https:\/\/vos.homolog.arsnova.work\/index.php?rest_route=\/wp\/v2\/posts\/7768\/revisions"}],"wp:featuredmedia":[{"embeddable":true,"href":"https:\/\/vos.homolog.arsnova.work\/index.php?rest_route=\/wp\/v2\/media\/7770"}],"wp:attachment":[{"href":"https:\/\/vos.homolog.arsnova.work\/index.php?rest_route=%2Fwp%2Fv2%2Fmedia&parent=7768"}],"wp:term":[{"taxonomy":"category","embeddable":true,"href":"https:\/\/vos.homolog.arsnova.work\/index.php?rest_route=%2Fwp%2Fv2%2Fcategories&post=7768"},{"taxonomy":"post_tag","embeddable":true,"href":"https:\/\/vos.homolog.arsnova.work\/index.php?rest_route=%2Fwp%2Fv2%2Ftags&post=7768"}],"curies":[{"name":"wp","href":"https:\/\/api.w.org\/{rel}","templated":true}]}}