{"id":7752,"date":"2021-01-13T17:00:06","date_gmt":"2021-01-13T20:00:06","guid":{"rendered":"https:\/\/vos.homolog.arsnova.work\/?p=7752"},"modified":"2021-01-13T14:46:51","modified_gmt":"2021-01-13T17:46:51","slug":"bsv-especial-coronavirus-40-nosso-capitolio-invadido-em-2022","status":"publish","type":"post","link":"https:\/\/vos.homolog.arsnova.work\/?p=7752","title":{"rendered":"BSV Especial Coronav\u00edrus #40 &#8220;Nosso Capit\u00f3lio&#8221; invadido em 2022?"},"content":{"rendered":"<h5 style=\"text-align: center;\"><strong>No epis\u00f3dio desta semana, como ser\u00e1 o nosso capit\u00f3lio invadido em 2022?<\/strong><\/h5>\n<p style=\"text-align: center;\">.<\/p>\n<p style=\"text-align: justify;\"><a href=\"https:\/\/vos.homolog.arsnova.work\/reportagens-especiais\/mais-protestos-conservadores-na-era-pre-pos-trump-invadindo-o-capitolio\/\" target=\"_blank\" rel=\"noopener\">No \u00faltimo dia seis, apoiadores de Donald Trump adentraram o Capit\u00f3lio, a casa do legislativo dos Estados Unidos, para impedir que o Congresso aceitasse o resultado do pleito que elegeu o democrata Joe Biden como o novo presidente.<\/a> Os manifestantes foram incitados pelo pr\u00f3prio Trump, que disse que foi roubado. Ou melhor, que MENTIU que houve fraude na elei\u00e7\u00e3o.<\/p>\n<p style=\"text-align: justify;\">Mas n\u00e3o termina por a\u00ed, porque o epis\u00f3dio in\u00e9dito na hist\u00f3ria da pol\u00edtica dos Estados Unidos andou dando ideias a Jair Bolsonaro.<\/p>\n<h5 style=\"text-align: center;\">.<\/h5>\n<h5 style=\"text-align: center;\">O presidente do Brasil disse que se a elei\u00e7\u00e3o n\u00e3o for no papel em 2022, se ainda houver urna eletr\u00f4nica, aqui &#8220;pode acontecer pior&#8221; que nos EUA<\/h5>\n<h5 style=\"text-align: center;\">.<\/h5>\n<p style=\"text-align: justify;\">O problema \u00e9 que enquanto Bolsonaro se preocupa com 2022, o coronav\u00edrus avan\u00e7a no Brasil, deixando um rastro de mais de 200mil mortos e poucas perspectivas de vacina no curto prazo. O ministro da sa\u00fade, Eduardo Pazzuelo, \u00e9 a cara da trag\u00e9dia. Segundo ele, vamos nos vacinar &#8220;no dia D, na hora H&#8221;.<\/p>\n<p style=\"text-align: justify;\"><strong>Para discutir esses e outros assuntos participam as jornalistas Ge\u00f3rgia Santos e Fl\u00e1via Cunha e os jornalistas Igor Natusch e T\u00e9rcio Saccol.\u00a0<b>Voc\u00ea tamb\u00e9m pode ouvir o epis\u00f3dio no\u00a0<\/b><a href=\"https:\/\/open.spotify.com\/show\/5I8zWzbmuDvEx9Wp6Gtnyd\"><span class=\"s1\"><b>Spotify<\/b><\/span><\/a><b>,\u00a0<\/b><a href=\"https:\/\/podcasts.apple.com\/us\/podcast\/bendita-sois-v%C3%B3s\/id1436913300\"><span class=\"s1\"><b>Itunes<\/b><\/span><\/a><b>\u00a0e\u00a0<\/b><a href=\"https:\/\/castbox.fm\/channel\/Bendita-Sois-V%C3%B3s-id1474946?country=br\"><span class=\"s1\"><b>Castbox<\/b><\/span><\/a><b>.\u00a0<\/b><\/strong><\/p>\n<p style=\"text-align: center;\"><iframe loading=\"lazy\" src=\"https:\/\/w.soundcloud.com\/player\/?url=https%3A\/\/api.soundcloud.com\/tracks\/964922479%3Fsecret_token%3Ds-CwGYb4OyX6X&amp;color=%23ff5500&amp;auto_play=false&amp;hide_related=false&amp;show_comments=true&amp;show_user=true&amp;show_reposts=false&amp;show_teaser=true&amp;visual=true\" width=\"100%\" height=\"300\" frameborder=\"no\" scrolling=\"no\"><\/iframe>00<\/p>\n<div style=\"font-size: 10px; color: #cccccc; line-break: anywhere; word-break: normal; overflow: hidden; white-space: nowrap; text-overflow: ellipsis; font-family: Interstate, 'Lucida Grande', 'Lucida Sans Unicode', 'Lucida Sans', Garuda, Verdana, Tahoma, sans-serif; font-weight: 100; text-align: center;\"><a style=\"color: #cccccc; text-decoration: none;\" title=\"V\u00f3s Pessoas no Plural\" href=\"https:\/\/soundcloud.com\/vos-social\" target=\"_blank\" rel=\"noopener\">V\u00f3s Pessoas no Plural<\/a> \u00b7 <a style=\"color: #cccccc; text-decoration: none;\" title=\"BSV Especial Coronav\u00edrus #40 &quot;Nosso Capit\u00f3lio&quot; invadido em 2022?\" href=\"https:\/\/soundcloud.com\/vos-social\/bsv-especial-coronavirus-40-nosso-capitolio-invadido-em-2022\/s-CwGYb4OyX6X\" target=\"_blank\" rel=\"noopener\">BSV Especial Coronav\u00edrus #40 &#8220;Nosso Capit\u00f3lio&#8221; invadido em 2022?<\/a><\/div>\n","protected":false},"excerpt":{"rendered":"<p>No epis\u00f3dio desta semana, como ser\u00e1 o nosso capit\u00f3lio invadido em 2022? . No \u00faltimo dia seis, apoiadores de Donald [&hellip;]<\/p>\n","protected":false},"author":3,"featured_media":7753,"comment_status":"open","ping_status":"open","sticky":false,"template":"","format":"standard","meta":{"_acf_changed":false,"footnotes":""},"categories":[1541],"tags":[870,800,1326,2412,2196,2158,2414,2188,55,2156,635,841,766,2255,2165,228,964,590,268],"class_list":["post-7752","post","type-post","status-publish","format-standard","has-post-thumbnail","hentry","category-podcasts","tag-bolsonaro","tag-brasil","tag-brazil","tag-capitolio","tag-corona","tag-coronavirus","tag-covi19","tag-covid","tag-donald-trump","tag-epidemia","tag-estados-unidos","tag-eua","tag-jair-bolsonaro","tag-manifestacao","tag-pandemia","tag-politica","tag-protesto","tag-saude","tag-trump"],"acf":[],"_links":{"self":[{"href":"https:\/\/vos.homolog.arsnova.work\/index.php?rest_route=\/wp\/v2\/posts\/7752","targetHints":{"allow":["GET"]}}],"collection":[{"href":"https:\/\/vos.homolog.arsnova.work\/index.php?rest_route=\/wp\/v2\/posts"}],"about":[{"href":"https:\/\/vos.homolog.arsnova.work\/index.php?rest_route=\/wp\/v2\/types\/post"}],"author":[{"embeddable":true,"href":"https:\/\/vos.homolog.arsnova.work\/index.php?rest_route=\/wp\/v2\/users\/3"}],"replies":[{"embeddable":true,"href":"https:\/\/vos.homolog.arsnova.work\/index.php?rest_route=%2Fwp%2Fv2%2Fcomments&post=7752"}],"version-history":[{"count":0,"href":"https:\/\/vos.homolog.arsnova.work\/index.php?rest_route=\/wp\/v2\/posts\/7752\/revisions"}],"wp:featuredmedia":[{"embeddable":true,"href":"https:\/\/vos.homolog.arsnova.work\/index.php?rest_route=\/wp\/v2\/media\/7753"}],"wp:attachment":[{"href":"https:\/\/vos.homolog.arsnova.work\/index.php?rest_route=%2Fwp%2Fv2%2Fmedia&parent=7752"}],"wp:term":[{"taxonomy":"category","embeddable":true,"href":"https:\/\/vos.homolog.arsnova.work\/index.php?rest_route=%2Fwp%2Fv2%2Fcategories&post=7752"},{"taxonomy":"post_tag","embeddable":true,"href":"https:\/\/vos.homolog.arsnova.work\/index.php?rest_route=%2Fwp%2Fv2%2Ftags&post=7752"}],"curies":[{"name":"wp","href":"https:\/\/api.w.org\/{rel}","templated":true}]}}