{"id":7727,"date":"2021-01-06T17:00:22","date_gmt":"2021-01-06T20:00:22","guid":{"rendered":"https:\/\/vos.homolog.arsnova.work\/?p=7727"},"modified":"2021-01-06T14:29:08","modified_gmt":"2021-01-06T17:29:08","slug":"bsv-especial-coronavirus-39-razoes-para-ficarmos-atentos","status":"publish","type":"post","link":"https:\/\/vos.homolog.arsnova.work\/?p=7727","title":{"rendered":"BSV Especial Coronav\u00edrus #39 Raz\u00f5es para ficarmos atentos"},"content":{"rendered":"<p style=\"text-align: justify;\"><strong>No epis\u00f3dio desta semana, trazemos raz\u00f5es para ficarmos ainda mais atentos ao Brasil do novo ano.<\/strong><\/p>\n<p style=\"text-align: justify;\">Antes de mais nada, o constante descaso do governo de Jair Bolsonaro com a pandemia de coronav\u00edrus. No \u00faltimo final de semana, o estadista mergulhou no mar de uma praia aglomerada onde foi saudado por uma horda de negacionistas.<\/p>\n<h5 style=\"text-align: center;\">.<\/h5>\n<h5 style=\"text-align: center;\">O Reveillon da Covid foi forte<\/h5>\n<h5 style=\"text-align: center;\">.<\/h5>\n<p style=\"text-align: justify;\">O ministro da sa\u00fade, general Eduardo Pazzuello, n\u00e3o se manifesta publicamente h\u00e1 duas semanas e a vacina n\u00e3o est\u00e1 nem perto de chegar, temos nem seringa.<\/p>\n<p style=\"text-align: justify;\">O Reino Unido, que j\u00e1 est\u00e1 vacinando a popula\u00e7\u00e3o contra a Covid-19, entrou em lockdown. Por aqui, o presidente diz que a vacina transforma em jacar\u00e9, estimula aglomera\u00e7\u00e3o e n\u00e3o faz absolutamente nada para impedir que a pandemia se agrave. Enquanto isso, a disputa \u00e0 presid\u00eancia da Camara dos Deputados est\u00e1 acirrada. H\u00e1 quem fale em frente ampla? Ser\u00e1?<\/p>\n<h5 style=\"text-align: center;\">.<\/h5>\n<h5 style=\"text-align: center;\">E para finalizar, ainda vamos falar em resolu\u00e7\u00f5es. Qual a tua?<\/h5>\n<h5 style=\"text-align: center;\">.<\/h5>\n<p class=\"p1\"><b>Participam do programa os jornalistas Ge\u00f3rgia Santos, Fl\u00e1via Cunha, Igor Natusch e T\u00e9rcio Saccol.\u00a0Voc\u00ea tamb\u00e9m pode ouvir o epis\u00f3dio no\u00a0<\/b><a href=\"https:\/\/open.spotify.com\/show\/5I8zWzbmuDvEx9Wp6Gtnyd\"><span class=\"s1\"><b>Spotify<\/b><\/span><\/a><b>,\u00a0<\/b><a href=\"https:\/\/podcasts.apple.com\/us\/podcast\/bendita-sois-v%C3%B3s\/id1436913300\"><span class=\"s1\"><b>Itunes<\/b><\/span><\/a><b>\u00a0e\u00a0<\/b><a href=\"https:\/\/castbox.fm\/channel\/Bendita-Sois-V%C3%B3s-id1474946?country=br\"><span class=\"s1\"><b>Castbox<\/b><\/span><\/a><b>.\u00a0<\/b><\/p>\n<p style=\"text-align: center;\"><iframe loading=\"lazy\" src=\"https:\/\/w.soundcloud.com\/player\/?url=https%3A\/\/api.soundcloud.com\/tracks\/960476959%3Fsecret_token%3Ds-LuwHhw51XFx&amp;color=%23ff5500&amp;auto_play=false&amp;hide_related=false&amp;show_comments=true&amp;show_user=true&amp;show_reposts=false&amp;show_teaser=true&amp;visual=true\" width=\"100%\" height=\"300\" frameborder=\"no\" scrolling=\"no\"><\/iframe><\/p>\n<div style=\"font-size: 10px; color: #cccccc; line-break: anywhere; word-break: normal; overflow: hidden; white-space: nowrap; text-overflow: ellipsis; font-family: Interstate, 'Lucida Grande', 'Lucida Sans Unicode', 'Lucida Sans', Garuda, Verdana, Tahoma, sans-serif; font-weight: 100; text-align: center;\"><a style=\"color: #cccccc; text-decoration: none;\" title=\"V\u00f3s Pessoas no Plural\" href=\"https:\/\/soundcloud.com\/vos-social\" target=\"_blank\" rel=\"noopener\">V\u00f3s Pessoas no Plural<\/a> \u00b7 <a style=\"color: #cccccc; text-decoration: none;\" title=\"BSV Especial Coronav\u00edrus #39 Raz\u00f5es para ficarmos atentos\" href=\"https:\/\/soundcloud.com\/vos-social\/bsv-corona-39\/s-LuwHhw51XFx\" target=\"_blank\" rel=\"noopener\">BSV Especial Coronav\u00edrus #39 Raz\u00f5es para ficarmos atentos<\/a><\/div>\n","protected":false},"excerpt":{"rendered":"<p>No epis\u00f3dio desta semana, trazemos raz\u00f5es para ficarmos ainda mais atentos ao Brasil do novo ano. Antes de mais nada, [&hellip;]<\/p>\n","protected":false},"author":3,"featured_media":7728,"comment_status":"open","ping_status":"open","sticky":false,"template":"","format":"standard","meta":{"_acf_changed":false,"footnotes":""},"categories":[1541],"tags":[955,870,800,2196,2158,2188,2156,2405,2165,228,2406,590,2352],"class_list":["post-7727","post","type-post","status-publish","format-standard","has-post-thumbnail","hentry","category-podcasts","tag-ano-novo","tag-bolsonaro","tag-brasil","tag-corona","tag-coronavirus","tag-covid","tag-epidemia","tag-maia","tag-pandemia","tag-politica","tag-resolucoes","tag-saude","tag-vacina"],"acf":[],"_links":{"self":[{"href":"https:\/\/vos.homolog.arsnova.work\/index.php?rest_route=\/wp\/v2\/posts\/7727","targetHints":{"allow":["GET"]}}],"collection":[{"href":"https:\/\/vos.homolog.arsnova.work\/index.php?rest_route=\/wp\/v2\/posts"}],"about":[{"href":"https:\/\/vos.homolog.arsnova.work\/index.php?rest_route=\/wp\/v2\/types\/post"}],"author":[{"embeddable":true,"href":"https:\/\/vos.homolog.arsnova.work\/index.php?rest_route=\/wp\/v2\/users\/3"}],"replies":[{"embeddable":true,"href":"https:\/\/vos.homolog.arsnova.work\/index.php?rest_route=%2Fwp%2Fv2%2Fcomments&post=7727"}],"version-history":[{"count":0,"href":"https:\/\/vos.homolog.arsnova.work\/index.php?rest_route=\/wp\/v2\/posts\/7727\/revisions"}],"wp:featuredmedia":[{"embeddable":true,"href":"https:\/\/vos.homolog.arsnova.work\/index.php?rest_route=\/wp\/v2\/media\/7728"}],"wp:attachment":[{"href":"https:\/\/vos.homolog.arsnova.work\/index.php?rest_route=%2Fwp%2Fv2%2Fmedia&parent=7727"}],"wp:term":[{"taxonomy":"category","embeddable":true,"href":"https:\/\/vos.homolog.arsnova.work\/index.php?rest_route=%2Fwp%2Fv2%2Fcategories&post=7727"},{"taxonomy":"post_tag","embeddable":true,"href":"https:\/\/vos.homolog.arsnova.work\/index.php?rest_route=%2Fwp%2Fv2%2Ftags&post=7727"}],"curies":[{"name":"wp","href":"https:\/\/api.w.org\/{rel}","templated":true}]}}