{"id":7721,"date":"2020-12-31T15:14:36","date_gmt":"2020-12-31T18:14:36","guid":{"rendered":"https:\/\/vos.homolog.arsnova.work\/?p=7721"},"modified":"2021-11-08T13:01:55","modified_gmt":"2021-11-08T16:01:55","slug":"epidemia-de-empobrecimento","status":"publish","type":"post","link":"https:\/\/vos.homolog.arsnova.work\/?p=7721","title":{"rendered":"Epidemia de empobrecimento . Fim do aux\u00edlio emergencial deve recolocar milh\u00f5es em situa\u00e7\u00e3o de pobreza"},"content":{"rendered":"<p><a href=\"https:\/\/vos.homolog.arsnova.work\/wp-content\/uploads\/2020\/12\/Epidemia-empobrecimento.jpg\"><img loading=\"lazy\" decoding=\"async\" class=\"alignnone size-full wp-image-7722\" src=\"https:\/\/vos.homolog.arsnova.work\/wp-content\/uploads\/2020\/12\/Epidemia-empobrecimento.jpg\" alt=\"\" width=\"1200\" height=\"700\" srcset=\"https:\/\/vos.homolog.arsnova.work\/wp-content\/uploads\/2020\/12\/Epidemia-empobrecimento.jpg 1200w, https:\/\/vos.homolog.arsnova.work\/wp-content\/uploads\/2020\/12\/Epidemia-empobrecimento-300x175.jpg 300w, https:\/\/vos.homolog.arsnova.work\/wp-content\/uploads\/2020\/12\/Epidemia-empobrecimento-768x448.jpg 768w, https:\/\/vos.homolog.arsnova.work\/wp-content\/uploads\/2020\/12\/Epidemia-empobrecimento-1024x597.jpg 1024w\" sizes=\"auto, (max-width: 1200px) 100vw, 1200px\" \/><\/a><\/p>\n<p><em>Por Fl\u00e1via Cunha, Ge\u00f3rgia Santos, Igor Natusch e T\u00e9rcio Saccol<\/em><\/p>\n<p class=\"p1\" style=\"text-align: justify;\"><strong>&#8220;Me diz uma coisa: o que \u00e9 que se perdeu n\u00e3o comendo manteiga, isso, que \u00e9 mais um pir\u00e3o de batatas do que manteiga? Ela n\u00e3o responde. \u2014 E o gelo?&#8230; pra que \u00e9 que se precisava de gelo?&#8230; Faz-se uma pausa. Ele continua: \u2014 Gelo&#8230; manteiga&#8230; Quanta bobice in\u00fatil e dispendiosa&#8230; \u2014 Tu queres comparar o gelo e a manteiga com o leite? \u2014 Por que n\u00e3o? \u2014 Com o leite?! Ele desvia a cara de novo. \u2014 N\u00e3o digo com o leite \u2014 acrescenta depois \u2014 mas h\u00e1 muito esbanjamento. \u2014 Aponta o esbanjamento. \u2014 Olha, Adelaide (ele se coloca decisivo na frente dela), tu queres que eu te diga? Outros na nossa situa\u00e7\u00e3o j\u00e1 teriam suspendido o leite mesmo. Ela come\u00e7a a choramingar: \u2014 Pobre do meu filho&#8230; \u2014 O nosso filho n\u00e3o haveria de morrer por t\u00e3o pouco. Eu n\u00e3o morri, e muita vez s\u00f3 o que tinha pra tomar era \u00e1gua quente com a\u00e7\u00facar. \u2014 Mas, Naziazeno&#8230; (A mulher ergue-lhe uma cara branca, redonda, de crian\u00e7a grande chorosa)&#8230; tu n\u00e3o v\u00eas que uma crian\u00e7a n\u00e3o pode passar sem leite?&#8221;<\/strong><\/p>\n<p class=\"p3\" style=\"text-align: justify;\"><strong>Em \u201cOs Ratos\u201d, Dyon\u00e9lio Machado apresenta o protagonista Naziazeno durante o que o autor chama de \u201cpega\u201d com o leiteiro, que exige pagamento pelo leite de todo dia. Naziazeno contemporiza e tenta se convencer de que leite n\u00e3o \u00e9 importante, de que n\u00e3o \u00e9 necess\u00e1rio, mas ele sabe que n\u00e3o \u00e9 assim que a banda toca. Ele precisa dar um jeito. A situa\u00e7\u00e3o de Naziazeno em 1935 se repete, hoje, com milh\u00f5es de brasileiros que foram beneficiados com o programa de aux\u00edlio emergencial criado pelo governo federal para ajudar as fam\u00edlias mais vulner\u00e1veis durante a pandemia do novo coronav\u00edrus, que chegou ao Brasil em mar\u00e7o.<\/strong><\/p>\n<p class=\"p1\" style=\"text-align: justify;\">De abril a dezembro, foram repassados cerca de R$ 322 bilh\u00f5es em parcelas iniciais de R$ 600 e pagamentos \u201cextras\u201d de R$300. Estima-se que 70 milh\u00f5es de pessoas receberam pelo menos um pagamento..<\/p>\n<p class=\"p3\" style=\"text-align: justify;\">\u201cEra um dinheirinho que dava para fazer algumas coisinhas, n\u00e9? N\u00e3o muito, mas ajudava.\u201d A diarista Denise Bas\u00edlio da Costa, de 30 anos, foi aprovada para receber o aux\u00edlio emergencial no in\u00edcio da pandemia. O valor mensal era destinado principalmente \u00e0 compra de itens de alimenta\u00e7\u00e3o para os filhos Vit\u00f3ria, de 10 anos, Vitor, 6 anos, e Lucas, de 4. Ela o marido, Cristiano, de 24 anos, ainda contaram com eventuais doa\u00e7\u00f5es de cestas b\u00e1sicas ao longo dos \u00faltimos meses. \u201cMeu marido faz bicos, como limpeza de p\u00e1tios. A gente vai se virando, mas n\u00e3o sei como vai ser agora\u201d, lamenta. Ela reconhece que n\u00e3o sabe como ficar\u00e1 o sustento da fam\u00edlia com o fim do aux\u00edlio emergencial. \u201cEsse dinheiro vai fazer falta, vai mesmo\u201d.<\/p>\n<p class=\"p1\" style=\"text-align: justify;\">In\u00fameros fatores contribuem para a incerteza e ansiedade sobre o desempenho da economia, e o impacto na vida das pessoas, especialmente as mais vulner\u00e1veis. O fim do aux\u00edlio ocorre em um momento em que o desemprego atinge mais de 14 milh\u00f5es de brasileiros, um \u00edndice de 14,3%, provocado, principalmente, pela gradual busca por vagas no mercado por trabalhadores que n\u00e3o estavam procurando.&nbsp;O desempenho da cria\u00e7\u00e3o de vagas, no entanto, ainda depende da confian\u00e7a do empres\u00e1rio, algo que n\u00e3o est\u00e1 acontecendo, em meio a indefini\u00e7\u00f5es sobre vacina e pol\u00edticas fiscais. O \u00cdndice de Confian\u00e7a do Empres\u00e1rio do Com\u00e9rcio fechou o ano de 2020 na menor pontua\u00e7\u00e3o desde 2017 (102 pontos).<\/p>\n<p class=\"p1\" style=\"text-align: justify;\">Sem aux\u00edlio e com retomada mais lenta do que o necess\u00e1rio, o brasileiro ainda lida com infla\u00e7\u00e3o em alta em setores priorit\u00e1rios. No caso dos alimentos, a alta \u00e9 de 17,46% &#8211; a maior desde outubro de 2003, em parte pela favorabilidade para exporta\u00e7\u00f5es e, em outra, pelo aumento do consumo. E os mais pobres sofrem mais. Estudo do Banco Central (BC) divulgado em dezembro (17) mostrou justamente o impacto do&nbsp;aux\u00edlio emergencial na infla\u00e7\u00e3o dos mais pobres. A pesquisa mostrou que o benef\u00edcio concedido pelo governo em raz\u00e3o da pandemia da Covid-19 elevou os pre\u00e7os da cesta de alimentos de quem ganha entre um e tr\u00eas sal\u00e1rios m\u00ednimos.<\/p>\n<p class=\"p1\" style=\"text-align: justify;\">O economista Ely Jos\u00e9 Mattos, professor da Pontif\u00edcia Universidade Cat\u00f3lica do Rio Grande do Sul (PUCRS), explica que o aux\u00edlio causou um impacto consider\u00e1vel do ponto de vista do consumo.<span class=\"Apple-converted-space\">&nbsp; <\/span>\u201cPor exemplo, se a gente olhar carne de primeira e carne de segunda. Quando a gente pensa no movimento inflacion\u00e1rio da carne, por exemplo, esse dois tipos de carne tendem a caminhar mais ou menos juntos. Agora n\u00e3o aconteceu isso. A carne de segunda teve uma eleva\u00e7\u00e3o relativamente mais acentuada que a carne de primeira. Ou seja, a gente teve uma press\u00e3o que \u00e9 oriunda, sim, do aumento do consumo das fam\u00edlias em fun\u00e7\u00e3o da renda. Cabe lembrar que os R$600 mensais, para muitas fam\u00edlias, foi uma renda maior do que elas costumava receber regularmente antes da pandemia. S\u00e3o fam\u00edlias que tem poder de poupan\u00e7a muito baixo, elas gastam esse dinheiro, afinal de contas, s\u00e3o fam\u00edlias mais pobres e precisam usar esse dinheiro. S\u00f3 que com a chegada desagrada extra, isso levou a uma press\u00e3o inflacion\u00e1ria.\u201d<\/p>\n<p class=\"p1\" style=\"text-align: justify;\">Al\u00e9m do reflexo no pre\u00e7o dos alimentos, o \u00edndice usado para reajustar alugu\u00e9is j\u00e1 passa de 23% ao ano.&nbsp;Para piorar, a infla\u00e7\u00e3o para classe de renda muito baixa &#8211; a mesma que n\u00e3o ter\u00e1 mais acesso ao benef\u00edcio do governo &#8211; \u00e9 quase tr\u00eas vezes a de renda alta, segundo dados do Ipea divulgados em novembro. Uma equa\u00e7\u00e3o de dif\u00edcil solu\u00e7\u00e3o, sobretudo em meio a aumento do n\u00famero de mortes e endividamento em alta.<\/p>\n<h5 class=\"p1\" style=\"text-align: center;\">.<\/h5>\n<h5 class=\"p1\" style=\"text-align: center;\">O IMPACTO DA PANDEMIA<\/h5>\n<h5 style=\"text-align: center;\">.<\/h5>\n<p class=\"p1\" style=\"text-align: justify;\">Pesquisa realizada pelo <strong>Datafolha<\/strong> a pedido do <strong>C6 Bank<\/strong> mostrou o quanto os brasileiros foram afetados pela pandemia sob o ponto de vista financeiro. O estudo mostra, ainda, que os brasileiros foram afetados de maneira desigual &#8211;<span class=\"Apple-converted-space\">&nbsp; <\/span>segundo os dados da pesquisa, as classes C, D, e E foram as mais atingidas.<\/p>\n<p class=\"p1\" style=\"text-align: justify;\">Para a maioria dos brasileiros, mais especificamente para 67% dos entrevistados, a quest\u00e3o financeira foi motivo de estresse e ansiedade desde o in\u00edcio da pandemia. A maior parte dos brasileiros com mais de 16 anos precisou cortar gastos pessoais e com a fam\u00edlia e 58% afirmam que a renda familiar diminuiu. Quase a metade da popula\u00e7\u00e3o precisou adiar despesas. E entre os integrantes das classes C, D e E, os impactos financeiros foram mais comuns do que nas classes AB.<\/p>\n<p class=\"p1\" style=\"text-align: justify;\">A suspens\u00e3o dos contratos de trabalho atingiu 20% da popula\u00e7\u00e3o, impactando tanto assalariados como profissionais aut\u00f4nomos e <em>free-lancers<\/em>. Foi o caso do Tiago Rosa, de 34 anos, que \u00e9 aut\u00f4nomo e n\u00e3o conseguiu manter o ritmo do trabalho. \u201cEu e minha esposa, Julia, conseguimos o aux\u00edlio. O valor at\u00e9 foi suficiente para pagar as contas e a alimenta\u00e7\u00e3o nossa e do Caio (11) e da Elisa (5)\u201d, pondera. Antes da pandemia, ele tinha o pr\u00f3prio neg\u00f3cio, uma empresa de transporte de bandas para shows e eventos. \u201cLevava m\u00fasicos para shows em Porto Alegre, regi\u00e3o metropolitana e \u00e0s vezes at\u00e9 para outros Estados. Com a pandemia, meu neg\u00f3cio parou. At\u00e9 consegui fazer alguns trabalhos em <i>lives<\/i>, mas n\u00e3o tem como comparar com os ganhos que eu tinha antes\u201d, comenta. O projeto para 2021 \u00e9 voltar a ser motorista de aplicativo, uma ocupa\u00e7\u00e3o que havia abandonado principalmente pelo medo de assaltos e por ter investido em sua empresa. \u201cMas \u00e9 o jeito agora,\u201d resume.<\/p>\n<p class=\"p1\" style=\"text-align: justify;\">Em situa\u00e7\u00e3o similar \u00e0 do Tiago, a pesquisa do <strong>C6Bank<\/strong> e <strong>Datafolha<\/strong> indica que cerca de um ter\u00e7o da popula\u00e7\u00e3o economicamente ativa e assalariada afirma que teve redu\u00e7\u00e3o de sal\u00e1rio durante a pandemia provocada pelo novo coronav\u00edrus, o que representa 9% da popula\u00e7\u00e3o brasileira com 16 anos ou mais. Al\u00e9m disso, 43% dos entrevistados desempregados informaram que perderam o emprego durante a pandemia do Coronav\u00edrus.<\/p>\n<p><a href=\"https:\/\/vos.homolog.arsnova.work\/wp-content\/uploads\/2020\/12\/Info-Impacto-da-Pandemia-nas-financ\u0327as.jpg\"><img loading=\"lazy\" decoding=\"async\" class=\"size-full wp-image-7761 aligncenter\" src=\"https:\/\/vos.homolog.arsnova.work\/wp-content\/uploads\/2020\/12\/Info-Impacto-da-Pandemia-nas-financ\u0327as.jpg\" alt=\"\" width=\"1000\" height=\"700\" srcset=\"https:\/\/vos.homolog.arsnova.work\/wp-content\/uploads\/2020\/12\/Info-Impacto-da-Pandemia-nas-financ\u0327as.jpg 1000w, https:\/\/vos.homolog.arsnova.work\/wp-content\/uploads\/2020\/12\/Info-Impacto-da-Pandemia-nas-financ\u0327as-300x210.jpg 300w, https:\/\/vos.homolog.arsnova.work\/wp-content\/uploads\/2020\/12\/Info-Impacto-da-Pandemia-nas-financ\u0327as-768x538.jpg 768w\" sizes=\"auto, (max-width: 1000px) 100vw, 1000px\" \/><\/a><\/p>\n<p class=\"p1\" style=\"text-align: justify;\">Os n\u00fameros mostram a relev\u00e2ncia do aux\u00edlio emergencial para a popula\u00e7\u00e3o mais vulner\u00e1vel. Ainda, de acordo o economista Ely Jos\u00e9 Mattos, mostram a import\u00e2ncia do benef\u00edcio para o desempenho da economia brasileira em 2020. \u201cO Banco Central projeta uma queda de PIB entre 4,5 e 5% pra 2020. L\u00e1 em junho n\u00f3s apost\u00e1vamos em quedas de 7%, porque o cen\u00e1rio era muito preocupante. O auxilio emergencial robusto, sem d\u00favida, ajudou a manter a din\u00e2mica do varejo, do consumo b\u00e1sico. A gente teve, de fato, um componente de dinamismo econ\u00f4mico muito significativo. E foi fundamental pra manter as pessoas distantes de situa\u00e7\u00f5es de muita necessidade e muita vulnerabilidade nesse per\u00edodo incerto e de tanto deslocamento das atividades econ\u00f4micas. Tanto do ponto de vista do emprego quanto do ponto de vista de din\u00e2mica. Ent\u00e3o o auxilio emergencial foi fundamental.\u201d<\/p>\n<h5 class=\"p1\" style=\"text-align: center;\">.<\/h5>\n<h5 style=\"text-align: center;\">DESIGUALDADE<\/h5>\n<h5 style=\"text-align: center;\">.<\/h5>\n<p class=\"p1\" style=\"text-align: justify;\">O Centro de Pol\u00edticas Sociais da Funda\u00e7\u00e3o Get\u00falio Vargas (FGV Social) divulgou um estudo chamado \u201cCovid, Classes Econ\u00f4micas e o Caminho do Meio: Cr\u00f4nica da Crise at\u00e9 Agosto de 2020\u201d, que mostra que, em meio \u00e0 pandemia de covid-19, o aux\u00edlio emergencial contribuiu para a queda tempor\u00e1ria da pobreza no pa\u00eds. Segundo a FGV, a pobreza \u00e9 caracterizada pela renda domiciliar per capita de at\u00e9 meio sal\u00e1rio m\u00ednimo (R$522,50). A compara\u00e7\u00e3o feita com os dados fechados de 2019 aponta que 15 milh\u00f5es de brasileiros sa\u00edram da linha de pobreza at\u00e9 agosto, uma queda de 23,7%. Mesmo havendo 50 milh\u00f5es de pobres ap\u00f3s a queda, foi o n\u00edvel mais baixo de toda a s\u00e9rie estat\u00edstica. Com isso, de acordo com reportagem da jornalista C\u00e1ssia Almeida publicada no jornal O Globo a partir de c\u00e1lculo in\u00e9dito do soci\u00f3logo Rog\u00e9rio Barbosa, a desigualdade brasileira chegou no menor n\u00edvel hist\u00f3rico.<\/p>\n<p class=\"p1\" style=\"text-align: justify;\">A quest\u00e3o \u00e9 que a&nbsp;<a href=\"https:\/\/oglobo.globo.com\/economia\/brasil-vive-ciclo-mais-longo-de-aumento-da-desigualdade-23881027\"><span class=\"s1\">desigualdade no Brasil vinha aumentando desde 2016<\/span><\/a>, e o fim do aux\u00edlio emergencial pode levar a desigualdade de volta ao patamar da d\u00e9cada de 1980. Segundo reportagem publicada no jornal O Estado de S\u00e3o Paulo, o \u00edndice de pobreza &#8211; neste caso caracterizada por uma renda de at\u00e9 um ter\u00e7o do sal\u00e1rio m\u00ednimo (R$348) &#8211; caiu de 18,7% em 2019 para 11% em 2020. Mas sem o benef\u00edcio do governo, de acordo com o soci\u00f3logo Rog\u00e9rio Barbosa, do Instituto de Estudos Sociais e Pol\u00edticos (Iesp) da Universidade do Estado do Rio de Janeiro (Uerj), esse indicador pode chegar a 24%. Isso coloca quase um quarto de toda a popula\u00e7\u00e3o brasileira em situa\u00e7\u00e3o de pobreza.<\/p>\n<p class=\"p1\" style=\"text-align: justify;\">Apesar de se ventilar a ideia de um refor\u00e7o do Bolsa Fam\u00edlia, o economista Ely Jos\u00e9 Matos n\u00e3o enxerga a possibilidade de o governo federal financiar um novo aux\u00edlio.<\/p>\n<h5 class=\"p1\" style=\"text-align: center;\">.<\/h5>\n<h5 class=\"p1\" style=\"text-align: center;\">\u201cN\u00e3o consigo enxergar uma repeti\u00e7\u00e3o do que aconteceu esse ano, n\u00f3s n\u00e3o temos caixa pra isso. Mas se n\u00e3o tiver nada, a gente vai ver a volta de um percentual significativo da popula\u00e7\u00e3o de baixa renda para patamares abaixo da linha de pobreza, o que \u00e9 terr\u00edvel.&#8221;<\/h5>\n<h5 class=\"p1\" style=\"text-align: center;\">.<\/h5>\n<p class=\"p1\" style=\"text-align: justify;\">E essa discuss\u00e3o, segundo ele, maquia a realidade. &#8220;Porque quando a gente discute pobreza no brasil, a gente fala em pobreza cr\u00f4nica, n\u00e3o pobreza transiente, que \u00e9 quando se entra na momento de crise e depois sai. Aqui est\u00e1 acontecendo o inverso. A gente tem uma situa\u00e7\u00e3o de pobreza cr\u00f4nica, o aux\u00edlio emergencial resgatou, e assim que acabar, as pessoas voltam\u201d, explica.<\/p>\n<p class=\"p1\" style=\"text-align: justify;\">A perspectiva tra\u00e7ada pelo economista mostra um cen\u00e1rio dram\u00e1tico para 2021. Ainda mais dram\u00e1tico. Com uma taxa de desemprego alta, uma recupera\u00e7\u00e3o incerta. \u201cPara se ter uma ideia, o (ministro da economia) Paulo Guedes declarou que aconselharia n\u00e3o dar o 13\u00ba do Bolsa Fam\u00edlia pela quest\u00e3o fiscal. A gente vai precisar de algo mais criativo\u201d, diz o professor Ely Mattos.<\/p>\n<p class=\"p1\" style=\"text-align: justify;\">Mas se n\u00e3o se pode contar com o aux\u00edlio, se n\u00e3o se pode contar com o governo, o brasileiro vai precisar se virar. N\u00e3o que seja novidade, a criatividade no povo do Brasil \u00e9 famosa. Mas nao tem nada de bonito ou rom\u00e2ntico nisso. \u00c9 cruel. Porque mais do que nunca o brasileiro v\u00ea a necessidade de tirar leite de pedra, como Naziazeno. A educa\u00e7\u00e3o financeira \u00e9 um caminho &#8211; talvez o \u00fanico caminho &#8211; al\u00e9m da solidariedade.<\/p>\n<h5 class=\"p1\" style=\"text-align: center;\">.<\/h5>\n<h5 style=\"text-align: center;\">EDUCA\u00c7\u00c3O FINANCEIRA<\/h5>\n<h5 style=\"text-align: center;\">.<\/h5>\n<p class=\"p1\" style=\"text-align: justify;\">\u00c9 preciso cuidado para falar sobre educa\u00e7\u00e3o financeira diante do fim do aux\u00edlio emergencial. Porque para quem est\u00e1 abaixo da linha da pobreza, parece uma brincadeira de mau gosto discutir prioridades, or\u00e7amento familiar ou planilhas de gastos. Tanto \u00e9 assim que o presidente do SPC Brasil, Roque Pellizzaro Jr, alerta para o fato de que a teoria pode n\u00e3o ajudar, por exemplo, quem passa fome. \u201cA teoria \u00e9 muito bonita, diz que para aumentar a renda tem que aumentar as horas de trabalho e se qualificar. E do lado da despesa, trabalhar o or\u00e7amento. Mas para esse p\u00fablico, essas teorias tem valor pr\u00f3ximo de zero. Porque eles tem extrema dificuldade de melhorar qualifica\u00e7\u00e3o, e mesmo que conseguissem, demoraria um tempo razo\u00e1vel e, \u00e9 claro, custaria mais dinheiro. E fazer or\u00e7amento para se gastar R$300 por m\u00eas? Tudo \u00e9 prioridade.\u201d<\/p>\n<p class=\"p1\" style=\"text-align: justify;\">A quest\u00e3o \u00e9 quando a gente pensa em educa\u00e7\u00e3o financeira, logo imagina pessoas com muito dinheiro e investimentos. Mas a educadora financeira C\u00edntia Senna, ensina que ela pode ser aplicada tamb\u00e9m em fam\u00edlias mais vulner\u00e1veis e de baixa renda. \u201cTodos precisamos desse conhecimento, independente de quanto a gente ganha, escolaridade ou qualquer quest\u00e3o externa.\u201d<\/p>\n<p class=\"p1\" style=\"text-align: justify;\">Segundo C\u00edntia, diante do fim do aux\u00edlio emergencial e a falta de perspectiva de um novo benef\u00edcio ou mesmo uma melhora na economia, a primeira coisa a se fazer \u00e9 olhar ao redor, para a pr\u00f3pria comunidade, vizinhos e amigos. \u201cA gente tem que come\u00e7ar a observar o que \u00e9 poss\u00edvel ser feito diante da realidade de cada um. E se perguntar, como est\u00e1 a minha comunidade, meu bairro, o que se pode fazer em conjunto. Pode ser importante olhar pra dentro da comunidade e observar quais as necessidades e ver o que cada um pode contribuir.<span class=\"Apple-converted-space\">&nbsp; <\/span>E em troca disso receber um recurso financeiro ou at\u00e9 encontrar novas possibilidades.\u201d<\/p>\n<p class=\"p3\" style=\"text-align: justify;\">O m\u00fasico e cozinheiro Felipe Santos de Souza, de 44 anos, reativou o trabalho com gastronomia para conseguir pagar as contas depois de o setor de entretenimento come\u00e7ar a sofrer os impactos da pandemia, especialmente com o cancelamento de shows. Apesar de ter sido aprovado para receber o aux\u00edlio emergencial, o valor n\u00e3o foi suficiente para manter as contas da fam\u00edlia em dia. \u201cResolvi vender comida congelada como uma forma de complementar a renda para al\u00e9m do aux\u00edlio\u201d, conta. Mais recentemente, come\u00e7ou a trabalhar pintando apartamentos. E \u00e9 com essa ocupa\u00e7\u00e3o que pretende se sustentar no ano que vem. \u201cTamb\u00e9m pretendo enxugar mais ainda os gastos. Mas, certamente, \u00e9 um dinheiro que far\u00e1 falta, j\u00e1 que os shows, que eram minha principal fonte de renda, n\u00e3o t\u00eam data para serem retomados no Rio Grande do Sul.\u201d<\/p>\n<p class=\"p3\" style=\"text-align: justify;\"><strong>Mas nem todo mundo consegue encontrar novas possibilidades e pagar as despesas b\u00e1sicas se torna motivo de uma ang\u00fastia profunda. Naziazeno n\u00e3o conseguia comprar leite. A Denise, que aparece no in\u00edcio da reportagem, agora n\u00e3o sabe se vai conseguir comprar comida.<\/strong><\/p>\n<p class=\"p1\" style=\"text-align: justify;\">C\u00edntia explica que o supermercado \u00e9 respons\u00e1vel por 60% das despesas das fam\u00edlias brasileiras. Ou seja, em m\u00e9dia, 60% da renda, independente de qual seja, \u00e9 utilizada para a compra de alimentos que, como mostra o in\u00edcio da reportagem, \u00e9 fortemente impactada pela infla\u00e7\u00e3o. Mas mesmo assim, mesmo nessas condi\u00e7\u00f5es, a educa\u00e7\u00e3o financeira pode ajudar. \u201cAl\u00e9m de olhar marcas e pesquisar pre\u00e7os, a gente precisa sempre olhar o que tem dentro de casa e ir at\u00e9 o supermercado com uma lista pronta e ciente da quantidade se precisa. Tamb\u00e9m \u00e9 importante estabelecer um limite de gastos e observar o que eu preciso para a semana, e n\u00e3o para o m\u00eas. Porque pode haver diferen\u00e7a de pre\u00e7os em determinados produtos que, ao final de 30 dias, podem impactar consideravelmente o or\u00e7amento da casa\u201d, explica. Mas essas s\u00e3o medidas convencionais, que se aplicam a fam\u00edlias que tem o or\u00e7amento apertado mas que, apesar da dificuldade, tem condi\u00e7\u00f5es de se organizar sem passar necessidade ou fome.<\/p>\n<p class=\"p1\" style=\"text-align: justify;\">Para fam\u00edlias mais vulner\u00e1veis, C\u00edntia sugere medidas menos ortodoxas e que, de novo, envolvem a comunidade. \u201cTodas as fam\u00edlias precisam de comida e precisam fazer as compras. Ent\u00e3o, procure fazer algo em conjunto. Organize com os vizinhos um dia para as compras. Os produtos podem ser comprados em conjunto e, assim, \u00e9 poss\u00edvel negociar com o supermercado para se fazer uma compra \u00fanica e ter acesso a algum desconto pela quantidade que est\u00e1 sendo comprada. Assim,<span class=\"Apple-converted-space\">&nbsp; <\/span>\u00e9 poss\u00edvel dividir e ter um custo bem menor. Isso pode ser feito em atacad\u00f5es, que tem pre\u00e7os mais em conta. S\u00e3o estrat\u00e9gias que podem ser utilizadas para reduzir o valor da compra.\u201d Segundo Roque Pellizzaro, presidente do SPC, a for\u00e7a das comunidades \u00e9 muito importante nesse momento. \u201cEsse lado cooperativo \u00e9 muito nosso, muito do Brasil.\u201d<\/p>\n<p><a href=\"https:\/\/vos.homolog.arsnova.work\/wp-content\/uploads\/2020\/12\/Info-Educac\u0327a\u0303o-Financeira.jpg\"><img loading=\"lazy\" decoding=\"async\" class=\"alignnone size-full wp-image-7762\" src=\"https:\/\/vos.homolog.arsnova.work\/wp-content\/uploads\/2020\/12\/Info-Educac\u0327a\u0303o-Financeira.jpg\" alt=\"\" width=\"1000\" height=\"700\" srcset=\"https:\/\/vos.homolog.arsnova.work\/wp-content\/uploads\/2020\/12\/Info-Educac\u0327a\u0303o-Financeira.jpg 1000w, https:\/\/vos.homolog.arsnova.work\/wp-content\/uploads\/2020\/12\/Info-Educac\u0327a\u0303o-Financeira-300x210.jpg 300w, https:\/\/vos.homolog.arsnova.work\/wp-content\/uploads\/2020\/12\/Info-Educac\u0327a\u0303o-Financeira-768x538.jpg 768w\" sizes=\"auto, (max-width: 1000px) 100vw, 1000px\" \/><\/a><\/p>\n<p class=\"p1\" style=\"text-align: justify;\">Em momentos de crise como esse, muitas pessoas recorrem a empr\u00e9stimos consignados com longos prazos de pagamento. No momento, at\u00e9 pode parecer uma boa ideia, mas o que pode resolver os problemas no curto prazo pode se tornar um problema maior no m\u00e9dio e longo prazo. Por isso, outra li\u00e7\u00e3o importante da educa\u00e7\u00e3o financeira \u00e9 fugir do cr\u00e9dito f\u00e1cil. \u201cN\u00f3s t\u00ednhamos muitas pessoas desbancarizadas no Brasil, fora do sistema financeiro. Por causa do auxilio emergencial, a gente enxergou essas pessoas. Mas nem todas s\u00e3o informadas e isso faz com que a oferta de cr\u00e9dito seja atrativa para esse p\u00fablico. E o aumento no n\u00edvel de endividamento tem a ver com isso.\u201d<\/p>\n<p class=\"p1\" style=\"text-align: justify;\">O presidente do SPC Brasil, Roque Pellizzaro Jr, explica que \u00e9 importante ter muito<span class=\"Apple-converted-space\">&nbsp; <\/span>cuidado com qualquer promessa de facilidade exagerada. \u201cEu sempre me preocupei com essa quest\u00e3o do empr\u00e9stimo consignado. Em tese, \u00e9 uma coisa muito boa, porque como ele reduz o risco, ele teria que reduzir o juro. E o consignado nasceu com a ideia de melhorar esse vi\u00e9s do risco e oferecer juros mais atrativos, mas isso foi desvirtuado com o tempo. Tudo em excesso \u00e9 muito perigoso e essas ofertas de cr\u00e9dito com juro muito alto s\u00e3o muito perigosas.\u201d<\/p>\n<p class=\"p1\" style=\"text-align: justify;\">Roque explica que o mais importante, em momentos de vulnerabilidade como esse do fim do aux\u00edlio emergencial, \u00e9 n\u00e3o pegar um empr\u00e9stimo com o \u00fanico fim de pagar uma d\u00edvida antiga. \u201cO empr\u00e9stimo s\u00f3 vai ser bom se voc\u00ea for gerar uma nova riqueza com ele e, com essa nova riqueza, pagar o empr\u00e9stimo e ainda sobrar um dinheirinho\u201d, explica.<\/p>\n<p class=\"p1\" style=\"text-align: justify;\">O recomend\u00e1vel, ent\u00e3o, com rela\u00e7\u00e3o a d\u00edvidas antigas,<span class=\"Apple-converted-space\">&nbsp; <\/span>\u00e9 renegociar com o credor. \u201cVoc\u00ea vai vai conseguir uma taxa de juro muito mais barata do que tomando um empr\u00e9stimo. Ent\u00e3o, se voc\u00ea tem uma d\u00edvida, v\u00e1 at\u00e9 o credor e diga: \u201ceu n\u00e3o vou poder pagar. Vamos renegociar, eu vou precisar de seis meses, um ano.\u201d O credor vai fazer, porque ele j\u00e1 est\u00e1 sem receber.\u201d<\/p>\n<h5 class=\"p1\" style=\"text-align: center;\">.<\/h5>\n<h5 class=\"p1\" style=\"text-align: center;\">\u201cN\u00e3o tenha vergonha de procurar um credor. \u00c9 melhor para voc\u00ea e paro o seu cr\u00e9dito uma renegocia\u00e7\u00e3o do que ficar um tempo sem pagar e pagar tudo \u00e0 vista com dinheiro emprestado.\u201d<\/h5>\n<h5 style=\"text-align: center;\">.<\/h5>\n<p class=\"p1\" style=\"text-align: justify;\">Al\u00e9m de d\u00edvidas antigas, por\u00e9m, h\u00e1 as contas que se acumulam todos os meses. Nesse caso, Pellizzaro sugere estabelecer prioridades. \u201cO que eu preciso consumir todos os dias? Energia, \u00e1gua e alimentos. Ningu\u00e9m vive sem isso. Essas s\u00e3o as prioridades. Ent\u00e3o \u00e9 importante manter as contas em dia ara n\u00e3o ter corte de luz e \u00e1gua e renegociar outras d\u00edvidas eventuais como compras antigas e parceladas. N\u00e3o se pode pagar conta velha com dinheiro que voc\u00ea tem s\u00f3 pra comida.\u201d<\/p>\n<hr>\n<p class=\"p1\" style=\"text-align: justify;\">A educa\u00e7\u00e3o financeira \u00e9 algo que o brasileiro sempre exerceu muito pouco, de acordo com Roque Pellizzaro.<span class=\"Apple-converted-space\">&nbsp; <\/span>E ela, sozinha, n\u00e3o resolve a profunda desigualdade \u00e0 qual o Brasil \u00e9 submetido desde sempre. Tampouco \u00e9 capaz de mover fam\u00edlias que est\u00e3o abaixo da linha da pobreza para uma situa\u00e7\u00e3o mais confort\u00e1vel. Mas ela pode auxiliar fam\u00edlias vulner\u00e1veis em momentos de crises mais agudos como o que se avizinha em 2021. C\u00edntia Senna lembra que, a partir deste ano, a educa\u00e7\u00e3o financeira deve fazer parte do curr\u00edculo de todas as escolas. Mas at\u00e9 que exista uma cultura de planejamento nas fam\u00edlias brasileiras, h\u00e1 recursos que podem ser utilizados.<\/p>\n<p class=\"p1\" style=\"text-align: justify;\">O primeiro passo, para qualquer fam\u00edlia, segundo Pellizzaro, \u00e9 organizar um or\u00e7amento familiar. Por menor que seja a renda. Porque isso facilita mover os recursos conforme a necessidade. \u201cVamos supor que a pessoa reserve R$20 por m\u00eas para gastar com rem\u00e9dios. Mas ela ficou doente e precisou gastar R$50. De onde ela vai tirar os outros R$30? Se isso n\u00e3o estiver no papel, fica muito dif\u00edcil reorganizar o or\u00e7amento em situa\u00e7\u00f5es de crise ou emerg\u00eancia. Eu sei que fica muito dif\u00edcil para pessoas com baixa escolaridade, mas hoje h\u00e1 aplicativos e outras ferramentas que podem auxiliar.<\/p>\n<h5 class=\"p1\" style=\"text-align: center;\">.<\/h5>\n<h5 class=\"p1\" style=\"text-align: center;\">CANAIS DE EDUCA\u00c7\u00c3O FINANCEIRA NO YOUTUBE<\/h5>\n<h5 style=\"text-align: center;\">.<\/h5>\n<p style=\"text-align: justify;\"><a href=\"https:\/\/www.youtube.com\/c\/NathFinan%C3%A7as\/featured\" target=\"_blank\" rel=\"noopener\">Nath Finan\u00e7as<\/a> .&nbsp; A Nath Finan\u00e7as se dedica \u00e0 educa\u00e7\u00e3o financeira para pessoas pobres e de baixa renda. A proposta do canal \u00e9 falar sobre o tema de maneira f\u00e1cil e pr\u00e1tica, justamente para quem nunca estudou ou n\u00e3o tem familiaridade com o assunto.<\/p>\n<p style=\"text-align: justify;\"><a href=\"https:\/\/www.youtube.com\/c\/Mepoupenaweb\/featured\" target=\"_blank\" rel=\"noopener\">Me poupe<\/a> &#8211; A Nathalia Arcuri explica de forma did\u00e1tica as quest\u00f5es complexas do sistema financeiro e d\u00e1 dicas para quem, por exemplo, est\u00e1 endividado.<\/p>\n<p style=\"text-align: justify;\"><strong>Institui\u00e7\u00f5es financeiras<\/strong> &#8211; Algumas institui\u00e7\u00f5es financeiras, como o <a href=\"https:\/\/www.youtube.com\/c\/C6BankOficial\/videos\" target=\"_blank\" rel=\"noopener\">C6<\/a> e o <a href=\"https:\/\/www.youtube.com\/user\/BancoItau\" target=\"_blank\" rel=\"noopener\">Ita\u00fa<\/a>, tem canais no Youtube que auxiliam as pessoas que, por exemplo, precisam cortar despesas. E o melhor \u00e9 que n\u00e3o precisa ser correntista para acessar o conte\u00fado.<\/p>\n<h5 style=\"text-align: center;\">.<\/h5>\n<h5 style=\"text-align: center;\">APLICATIVOS<\/h5>\n<h5 style=\"text-align: center;\">.<\/h5>\n<p style=\"text-align: justify;\"><strong>Minhas Economias<\/strong> . O aplicativo permite que o usu\u00e1rio organize entradas e sa\u00eddas por meio de categorias. Assim, \u00e9 poss\u00edvel controlar receitas e despesas em grupos e controlar o impacto sobre a renda mensal. O aplicativo Minhas Economias pode ser baixado gratuitamente tanto no&nbsp;<a href=\"https:\/\/play.google.com\/store\/apps\/details?id=com.minhaseconomias\">Google Play<\/a>&nbsp;quanto na&nbsp;<a href=\"https:\/\/itunes.apple.com\/br\/app\/minhas-economias\/id520869873?ls=1&amp;mt=8\">App Store<\/a>.<\/p>\n<p style=\"text-align: justify;\"><strong>Guia Bolso .&nbsp;&nbsp;<\/strong>\u00c9 um dos&nbsp;aplicativos de controle financeiro mais utilizados no pa\u00eds. O grande diferencial \u00e9 a sincroniza\u00e7\u00e3o com a conta banc\u00e1ria do usu\u00e1rio. Ou seja, ele coordena o planejamento de gastos com a movimenta\u00e7\u00e3o financeira, com as entradas e as sa\u00eddas de recursos. O GuiaBolso pode ser baixado de gra\u00e7a no&nbsp;<a href=\"https:\/\/play.google.com\/store\/apps\/details?id=br.com.guiabolso&amp;hl=pt\">Google Play<\/a>&nbsp;e na&nbsp;<a href=\"https:\/\/itunes.apple.com\/br\/app\/guiabolso-empr%C3%A9stimo-e-controle-financeiro\/id891087489?mt=8\">App Store<\/a>.<\/p>\n<p style=\"text-align: justify;\"><strong>Organize .<\/strong> \u00c9 ideal&nbsp;para quem quer monitorar o quanto ganha e o quanto gasta. A ferramenta disp\u00f5e de um painel com as principais despesas do usu\u00e1rio e o quanto elas representam no or\u00e7amento total.&nbsp;O aplicativo&nbsp;<a href=\"https:\/\/play.google.com\/store\/apps\/details?id=com.organizze.android&amp;hl=pt-br\">Google Play<\/a>&nbsp;e na&nbsp;<a href=\"https:\/\/itunes.apple.com\/br\/app\/organizze\/id677699286?mt=8\">App Store<\/a>. O servi\u00e7o tamb\u00e9m tem vers\u00e3o web.<\/p>\n<h5 style=\"text-align: center;\">.<\/h5>\n<h5 style=\"text-align: center;\">PLANILHAS<\/h5>\n<h5 style=\"text-align: center;\">.<\/h5>\n<p style=\"text-align: justify;\">Pra quem tem dificuldade com aplicativos, o ideal \u00e9 apostar em uma planilha, que pode ser feita at\u00e9 em uma folha de caderno. Abaixo est\u00e3o alguns modelos que facilitam o come\u00e7o do trabalho.<\/p>\n<p style=\"text-align: justify;\"><a href=\"https:\/\/docs.google.com\/spreadsheets\/d\/1Picsl_-hiq_FdiYwPty0M8GieNREeM2gF0mASFRaZRQ\/edit#gid=184648703\" target=\"_blank\" rel=\"noopener\"><strong>Nath Finan\u00e7as .<\/strong><\/a> A Nath finan\u00e7as preparou uma planilha que pode ser acessada aqui e \u00e9 perfeita para quem est\u00e1 come\u00e7ando a fazer o or\u00e7amento da casa.<\/p>\n<p style=\"text-align: justify;\"><strong>Google Planilhas .<\/strong> Essa op\u00e7\u00e3o \u00e9 menos intuitiva, mas \u00e9 bastante eficiente. \u00c9 similar ao Exel, mas \u00e9 gratuito e dispoe de modelos prontos para organiza\u00e7\u00e3o financeira.<\/p>\n<p><a href=\"https:\/\/vos.homolog.arsnova.work\/wp-content\/uploads\/2020\/12\/Info-Ferramentas.jpg\"><img loading=\"lazy\" decoding=\"async\" class=\"size-full wp-image-7760 aligncenter\" src=\"https:\/\/vos.homolog.arsnova.work\/wp-content\/uploads\/2020\/12\/Info-Ferramentas.jpg\" alt=\"\" width=\"1000\" height=\"700\" srcset=\"https:\/\/vos.homolog.arsnova.work\/wp-content\/uploads\/2020\/12\/Info-Ferramentas.jpg 1000w, https:\/\/vos.homolog.arsnova.work\/wp-content\/uploads\/2020\/12\/Info-Ferramentas-300x210.jpg 300w, https:\/\/vos.homolog.arsnova.work\/wp-content\/uploads\/2020\/12\/Info-Ferramentas-768x538.jpg 768w\" sizes=\"auto, (max-width: 1000px) 100vw, 1000px\" \/><\/a><\/p>\n<hr>\n<p class=\"p1\" style=\"text-align: justify;\">Segundo Pellizzaro, esse \u00e9 um momento de transi\u00e7\u00e3o bastante dif\u00edcil. \u201cN\u00f3s vimos essa dificuldade<span class=\"Apple-converted-space\">&nbsp; <\/span>j\u00e1 com a redu\u00e7\u00e3o do auxilio de R$600 para R$300, nos primeiros dois meses houve um impacto especialmente no com\u00e9rcio, no com\u00e9rcio mais popular. A gente deve ter agora, no in\u00edcio de 2021, algo similar. S\u00e9 que com impacto ainda maior\u201d, lamenta.<span class=\"Apple-converted-space\">&nbsp; <\/span>Apesar de 2021 trazer uma expectativa melhor em fun\u00e7\u00e3o da possibilidade de vacina &#8211; possibilidade, porque, ao contr\u00e1rio de outros pa\u00edses, at\u00e9 agora, n\u00e3o h\u00e1 um plano concreto de vacina\u00e7\u00e3o no Brasil &#8211;<span class=\"Apple-converted-space\">&nbsp; <\/span>n\u00e3o h\u00e1 nenhuma perspectiva de, j\u00e1 no primeiro trimestre, n\u00f3s teremos uma vida social normal.<\/p>\n<p class=\"p1\" style=\"text-align: justify;\">Por isso, enquanto a\u00e7\u00f5es de educa\u00e7\u00e3o financeira ainda caminham, a solidariedade segue sendo uma for\u00e7a poderosa em tempos de crise. N\u00e3o para reduzir desigualdades, mas para ajudar quem precisa. Para matar a fome.<\/p>\n\n\n<h2 style=\"text-align: center;\">OU\u00c7A<\/h2>\n<p>&nbsp;<\/p>\n\n\n<p style=\"text-align: center;\"><iframe loading=\"lazy\" src=\"https:\/\/w.soundcloud.com\/player\/?url=https%3A\/\/api.soundcloud.com\/tracks\/953292787&amp;color=%23ff5500&amp;auto_play=false&amp;hide_related=false&amp;show_comments=true&amp;show_user=true&amp;show_reposts=false&amp;show_teaser=true&amp;visual=true\" width=\"100%\" height=\"300\" frameborder=\"no\" scrolling=\"no\"><\/iframe><\/p>\n<div style=\"font-size: 10px; color: #cccccc; line-break: anywhere; word-break: normal; overflow: hidden; white-space: nowrap; text-overflow: ellipsis; font-family: Interstate,Lucida Grande,Lucida Sans Unicode,Lucida Sans,Garuda,Verdana,Tahoma,sans-serif; font-weight: 100;\"><a style=\"color: #cccccc; text-decoration: none;\" title=\"V\u00f3s Pessoas no Plural\" href=\"https:\/\/soundcloud.com\/vos-social\" target=\"_blank\" rel=\"noopener\">V\u00f3s Pessoas no Plural<\/a> \u00b7 <a style=\"color: #cccccc; text-decoration: none;\" title=\"BSV Especial Coronav\u00edrus #37 A vida sem aux\u00edlio\" href=\"https:\/\/soundcloud.com\/vos-social\/bsv-especial-coronavirus-37-a-vida-sem-auxilio\" target=\"_blank\" rel=\"noopener\">BSV Especial Coronav\u00edrus #37 A vida sem aux\u00edlio<\/a><\/div>","protected":false},"excerpt":{"rendered":"<p>Por Fl\u00e1via Cunha, Ge\u00f3rgia Santos, Igor Natusch e T\u00e9rcio Saccol &#8220;Me diz uma coisa: o que \u00e9 que se perdeu [&hellip;]<\/p>\n","protected":false},"author":3,"featured_media":7722,"comment_status":"open","ping_status":"open","sticky":false,"template":"","format":"standard","meta":{"_acf_changed":false,"footnotes":""},"categories":[376],"tags":[2321,2322,2196,2415,2158,2055,2401,2417,2420,2418,2419,2165,2400,1248,2416],"class_list":["post-7721","post","type-post","status-publish","format-standard","has-post-thumbnail","hentry","category-reportagens-especiais","tag-auxilio","tag-auxilio-emergencial","tag-corona","tag-coronav","tag-coronavirus","tag-educacao-financeira","tag-empobrecimento","tag-financas","tag-miseria","tag-orcamento","tag-orcamento-familiar","tag-pandemia","tag-pobreza","tag-renda","tag-renda-familiar"],"acf":[],"_links":{"self":[{"href":"https:\/\/vos.homolog.arsnova.work\/index.php?rest_route=\/wp\/v2\/posts\/7721","targetHints":{"allow":["GET"]}}],"collection":[{"href":"https:\/\/vos.homolog.arsnova.work\/index.php?rest_route=\/wp\/v2\/posts"}],"about":[{"href":"https:\/\/vos.homolog.arsnova.work\/index.php?rest_route=\/wp\/v2\/types\/post"}],"author":[{"embeddable":true,"href":"https:\/\/vos.homolog.arsnova.work\/index.php?rest_route=\/wp\/v2\/users\/3"}],"replies":[{"embeddable":true,"href":"https:\/\/vos.homolog.arsnova.work\/index.php?rest_route=%2Fwp%2Fv2%2Fcomments&post=7721"}],"version-history":[{"count":0,"href":"https:\/\/vos.homolog.arsnova.work\/index.php?rest_route=\/wp\/v2\/posts\/7721\/revisions"}],"wp:featuredmedia":[{"embeddable":true,"href":"https:\/\/vos.homolog.arsnova.work\/index.php?rest_route=\/wp\/v2\/media\/7722"}],"wp:attachment":[{"href":"https:\/\/vos.homolog.arsnova.work\/index.php?rest_route=%2Fwp%2Fv2%2Fmedia&parent=7721"}],"wp:term":[{"taxonomy":"category","embeddable":true,"href":"https:\/\/vos.homolog.arsnova.work\/index.php?rest_route=%2Fwp%2Fv2%2Fcategories&post=7721"},{"taxonomy":"post_tag","embeddable":true,"href":"https:\/\/vos.homolog.arsnova.work\/index.php?rest_route=%2Fwp%2Fv2%2Ftags&post=7721"}],"curies":[{"name":"wp","href":"https:\/\/api.w.org\/{rel}","templated":true}]}}