{"id":7713,"date":"2020-12-31T13:19:55","date_gmt":"2020-12-31T16:19:55","guid":{"rendered":"https:\/\/vos.homolog.arsnova.work\/?p=7713"},"modified":"2020-12-31T13:25:15","modified_gmt":"2020-12-31T16:25:15","slug":"o-ultimo-texto-do-ano","status":"publish","type":"post","link":"https:\/\/vos.homolog.arsnova.work\/?p=7713","title":{"rendered":"O \u00faltimo texto do ano"},"content":{"rendered":"<h6 style=\"text-align: justify\"><span style=\"font-weight: 400\"><strong>Neste \u00faltimo texto do ano<\/strong>,\u00a0<\/span><\/h6>\n<p style=\"text-align: justify\"><span style=\"font-weight: 400\">come\u00e7o confessando que fiquei na d\u00favida sobre o que escrever. Ent\u00e3o, durante alguns dias, achei que poderia ser uma boa ideia fazer uma retrospectiva a respeito dos temas e livros abordados na coluna Voos Liter\u00e1rios. Depois, imaginei que voc\u00eas, meus leitores, j\u00e1 estariam cansados de balan\u00e7os e retrospectivas. E, certamente, se tem uma palavra que define 2020 \u00e9 cansa\u00e7o.<\/span><\/p>\n<h6 style=\"text-align: justify\"><strong>Neste \u00faltimo texto do ano, <\/strong><\/h6>\n<p style=\"text-align: justify\"><span style=\"font-weight: 400\">prossigo confidenciando que continuei mais um tempo sem saber qual assunto eu analisaria aqui. Apesar da hesita\u00e7\u00e3o, cheguei a escrever uma esp\u00e9cie de invent\u00e1rio de quantos livros eu havia lido nos \u00faltimos 12 meses.\u00a0 Para, assim, poder avaliar de que forma a pandemia e o distanciamento social afetaram meu ritmo de leitura. Por\u00e9m, desisti deste projeto de postagem, por considerar in\u00f3cua a minha experi\u00eancia individual perante tantas pessoas acometidas de <a href=\"https:\/\/vos.homolog.arsnova.work\/voos-literarios\/pra-que-essa-ansiedade-essa-angustia\/\" target=\"_blank\" rel=\"noopener\">ansiedade<\/a> e outras dificuldades.<\/span><\/p>\n<h6><span style=\"font-weight: 400\"><strong>Neste \u00faltimo texto do ano,<\/strong> <\/span><\/h6>\n<p style=\"text-align: justify\"><span style=\"font-weight: 400\">pensei, ainda, em refletir sobre o quanto 2021 ser\u00e1 desafiador no Brasil. <a href=\"https:\/\/vos.homolog.arsnova.work\/podcasts\/bsv-especial-coronavirus-37-a-vida-sem-auxilio\/\" target=\"_blank\" rel=\"noopener\">Sem aux\u00edlio emergencial<\/a>, <a href=\"https:\/\/www.poder360.com.br\/coronavirus\/vacinacao-no-brasil-deve-comecar-em-fevereiro-diz-pazuello\/\" target=\"_blank\" rel=\"noopener\">sem data certa para come\u00e7ar a vacina\u00e7\u00e3o<\/a>. Com pandemia, com Bolsonaro. Por\u00e9m, mais uma vez, abandonei o texto, antes mesmo de come\u00e7ar. Afinal, quem, infelizmente, n\u00e3o sabe disso?\u00a0<\/span><\/p>\n<h6 style=\"text-align: justify\"><strong>Neste \u00faltimo texto do ano, <\/strong><\/h6>\n<p style=\"text-align: justify\"><span style=\"font-weight: 400\">acabei, meio na marra, optando por escrever apenas uma tentativa desajeitada de transmitir esperan\u00e7a. Mas como fazer isso?\u00a0 Talvez compartilhar um sonho possa ser uma sa\u00edda. Desejar\u00a0<\/span><span style=\"font-weight: 400\">que em algum livro, ainda a ser publicado, esteja a resposta para muitos de nossos problemas atuais. E n\u00e3o ter vergonha de\u00a0<\/span><span style=\"font-weight: 400\">fantasiar que, no pr\u00f3ximo ano, poderia muito bem existir uma obra chamada \u201cComo a vacina contra o coronav\u00edrus mudou o mundo\u201d.\u00a0 Al\u00e9m disso, aproveito para imaginar, com todas as minhas for\u00e7as, um livro com o nome \u201cA falta de planejamento da vacina\u00e7\u00e3o no Brasil resultou na queda de Bolsonaro\u201d.\u00a0\u00a0<\/span><\/p>\n<h6 style=\"text-align: justify\"><strong>Nesse \u00faltimo texto do ano, <\/strong><\/h6>\n<p style=\"text-align: justify\"><span style=\"font-weight: 400\">termino me despedindo e propondo que a gente n\u00e3o desista. Que tenhamos for\u00e7a e resili\u00eancia em 2021 para, a cada dia, lutar, do jeito que der, por um mundo menos injusto.\u00a0 A<\/span><span style=\"font-weight: 400\">ntes de encerrar, aproveito para deixar um pequeno presente para voc\u00eas: um poema de Mario Quintana, chamado <em>Esperan\u00e7a.<\/em>\u00a0Pois se tem algo que precisamos, \u00e9 dela.<\/span><\/p>\n<p style=\"text-align: center\"><em><span style=\"font-weight: 400\">ESPERAN\u00c7A<\/span><\/em><\/p>\n<p style=\"text-align: center\"><em><span style=\"font-weight: 400\">L\u00e1 bem no alto do d\u00e9cimo segundo andar do Ano<\/span><\/em><\/p>\n<p style=\"text-align: center\"><em><span style=\"font-weight: 400\">Vive uma louca chamada Esperan\u00e7a<\/span><\/em><\/p>\n<p style=\"text-align: center\"><em><span style=\"font-weight: 400\">E ela pensa que quando todas as sirenas<\/span><\/em><\/p>\n<p style=\"text-align: center\"><em><span style=\"font-weight: 400\">Todas as buzinas<\/span><\/em><\/p>\n<p style=\"text-align: center\"><em><span style=\"font-weight: 400\">Todos os reco-recos tocarem<\/span><\/em><\/p>\n<p style=\"text-align: center\"><em><span style=\"font-weight: 400\">Atira-se<\/span><\/em><\/p>\n<p style=\"text-align: center\"><em><span style=\"font-weight: 400\">E<\/span><\/em><\/p>\n<p style=\"text-align: center\"><em><span style=\"font-weight: 400\">\u2014 \u00f3 delicioso v\u00f4o!<\/span><\/em><\/p>\n<p style=\"text-align: center\"><em><span style=\"font-weight: 400\">Ela ser\u00e1 encontrada miraculosamente inc\u00f3lume na cal\u00e7ada,<\/span><\/em><\/p>\n<p style=\"text-align: center\"><em><span style=\"font-weight: 400\">Outra vez crian\u00e7a&#8230;<\/span><\/em><\/p>\n<p style=\"text-align: center\"><em><span style=\"font-weight: 400\">E em torno dela indagar\u00e1 o povo:<\/span><\/em><\/p>\n<p style=\"text-align: center\"><em><span style=\"font-weight: 400\">\u2014 Como \u00e9 teu nome, meninazinha de olhos verdes?<\/span><\/em><\/p>\n<p style=\"text-align: center\"><em><span style=\"font-weight: 400\">E ela lhes dir\u00e1<\/span><\/em><\/p>\n<p style=\"text-align: center\"><em><span style=\"font-weight: 400\">(\u00c9 preciso dizer-lhes tudo de novo!)<\/span><\/em><\/p>\n<p style=\"text-align: center\"><em><span style=\"font-weight: 400\">Ela lhes dir\u00e1 bem devagarinho, para que n\u00e3o esque\u00e7am:<\/span><\/em><\/p>\n<p style=\"text-align: center\"><em><span style=\"font-weight: 400\">\u2014 O meu nome \u00e9 ES-PE-RAN-\u00c7A&#8230;<\/span><\/em><\/p>\n","protected":false},"excerpt":{"rendered":"<p>Neste \u00faltimo texto do ano,\u00a0 come\u00e7o confessando que fiquei na d\u00favida sobre o que escrever. Ent\u00e3o, durante alguns dias, achei [&hellip;]<\/p>\n","protected":false},"author":5,"featured_media":7714,"comment_status":"open","ping_status":"open","sticky":false,"template":"","format":"standard","meta":{"_acf_changed":false,"footnotes":""},"categories":[4],"tags":[2158,1708,1302,2404,2352],"class_list":["post-7713","post","type-post","status-publish","format-standard","has-post-thumbnail","hentry","category-voos-literarios","tag-coronavirus","tag-esperanca","tag-mario-quintana","tag-ultimo-texto-do-ano","tag-vacina"],"acf":[],"_links":{"self":[{"href":"https:\/\/vos.homolog.arsnova.work\/index.php?rest_route=\/wp\/v2\/posts\/7713","targetHints":{"allow":["GET"]}}],"collection":[{"href":"https:\/\/vos.homolog.arsnova.work\/index.php?rest_route=\/wp\/v2\/posts"}],"about":[{"href":"https:\/\/vos.homolog.arsnova.work\/index.php?rest_route=\/wp\/v2\/types\/post"}],"author":[{"embeddable":true,"href":"https:\/\/vos.homolog.arsnova.work\/index.php?rest_route=\/wp\/v2\/users\/5"}],"replies":[{"embeddable":true,"href":"https:\/\/vos.homolog.arsnova.work\/index.php?rest_route=%2Fwp%2Fv2%2Fcomments&post=7713"}],"version-history":[{"count":0,"href":"https:\/\/vos.homolog.arsnova.work\/index.php?rest_route=\/wp\/v2\/posts\/7713\/revisions"}],"wp:featuredmedia":[{"embeddable":true,"href":"https:\/\/vos.homolog.arsnova.work\/index.php?rest_route=\/wp\/v2\/media\/7714"}],"wp:attachment":[{"href":"https:\/\/vos.homolog.arsnova.work\/index.php?rest_route=%2Fwp%2Fv2%2Fmedia&parent=7713"}],"wp:term":[{"taxonomy":"category","embeddable":true,"href":"https:\/\/vos.homolog.arsnova.work\/index.php?rest_route=%2Fwp%2Fv2%2Fcategories&post=7713"},{"taxonomy":"post_tag","embeddable":true,"href":"https:\/\/vos.homolog.arsnova.work\/index.php?rest_route=%2Fwp%2Fv2%2Ftags&post=7713"}],"curies":[{"name":"wp","href":"https:\/\/api.w.org\/{rel}","templated":true}]}}