{"id":7707,"date":"2020-12-30T17:00:18","date_gmt":"2020-12-30T20:00:18","guid":{"rendered":"https:\/\/vos.homolog.arsnova.work\/?p=7707"},"modified":"2020-12-30T14:57:28","modified_gmt":"2020-12-30T17:57:28","slug":"bsv-especial-coronavirus-38-sobre-o-ano-de-2020","status":"publish","type":"post","link":"https:\/\/vos.homolog.arsnova.work\/?p=7707","title":{"rendered":"BSV Especial Coronav\u00edrus #38 Sobre o ano de 2020"},"content":{"rendered":"<p class=\"p1\" style=\"text-align: justify;\">Se voc\u00ea nos perguntar por onde andamos ao longo de 2020, a resposta \u00e9 que nos desesper\u00e1vamos. Desesperadamente gritamos em portugu\u00eas. Gritamos de medo, por revolta, ang\u00fastia, ansiedade, incerteza, dor, luto, desalento, desespero, desesperan\u00e7a, d\u00favida e mais medo.<\/p>\n<h5 class=\"p1\" style=\"text-align: center;\">.<\/h5>\n<h5 class=\"p1\" style=\"text-align: center;\">Desesperadamente gritamos em portugu\u00eas por mais cuidado, mais emprego, renda, sa\u00fade, educa\u00e7\u00e3o, mais aten\u00e7\u00e3o, rem\u00e9dios, mais m\u00e9dicos, empatia, respeito, m\u00e1scaras, comida<\/h5>\n<h5 class=\"p1\" style=\"text-align: center;\">.<\/h5>\n<p class=\"p1\" style=\"text-align: justify;\">Mas n\u00e3o nos ouviram. O ano de 2020 fica marcado na historia do mundo como o recept\u00e1culo da pior pandemia dos \u00faltimos cem anos. E presentemente, n\u00f3s, brasileiros, n\u00e3o podemos nos considerar sujeitos de sorte. Porque 2020, por estas bandas, fica marcado na hist\u00f3ria como o ano em que fomos abandonados \u00e0 pr\u00f3pria sorte.<\/p>\n<p class=\"p1\" style=\"text-align: justify;\">Mais de 190mil brasileiros morreram v\u00edtimas do coronav\u00edrus, principalmente, porque o governo de Jair Bolsonaro escolheu ser guiado pela ignor\u00e2ncia. Mais de 190mil fam\u00edlias passaram o Natal de luto tamb\u00e9m porque o governo de Jair Bolsonaro escolheu n\u00e3o combater a pandemia. Mais de 190mil fam\u00edlias n\u00e3o est\u00e3o s\u00e3s, salvas e fortes porque o governo de Jair Bolsonaro escolheu ironizar medidas de prote\u00e7\u00e3o, incentivar o consumo de medica\u00e7\u00e3o n\u00e3o aprovada para combater a Covid-19, desacreditar as vacinas que chegam como um sopro de esperan\u00e7a.<\/p>\n<p class=\"p1\" style=\"text-align: justify;\"><strong>Mais de 190mil brasileiros sangraram demais e pagaram a conta por termos escolhido uma pessoa que n\u00e3o \u00e9 apenas despreparada para governar o nosso pa\u00eds, mas que \u00e9 imoral, s\u00e1dica e n\u00e3o, n\u00e3o est\u00e1 nem a\u00ed para a p\u00e1tria, para Deus ou para qualquer fam\u00edlia que n\u00e3o seja a dele.<\/strong><\/p>\n<p class=\"p1\" style=\"text-align: justify;\">De todas as vezes em que o brasileiro quis que um ano acabasse, o desejo nunca foi t\u00e3o sincero. Mas emprestando a letra da can\u00e7\u00e3o de Belchior que virou o hino desta pandemia, chegamos ao \u00faltimo epis\u00f3dio do ano com o al\u00edvio de que pelo menos agora a gente j\u00e1 n\u00e3o pode sofrer no ano passado.<\/p>\n<p class=\"p1\" style=\"text-align: justify;\"><strong>2021 se avizinha. Sim, com esperan\u00e7a, porque estamos juntos.<\/strong> <b>Participam do programa os jornalistas Ge\u00f3rgia Santos, Fl\u00e1via Cunha, Igor Natusch e T\u00e9rcio Saccol.\u00a0Voc\u00ea tamb\u00e9m pode ouvir o epis\u00f3dio no\u00a0<\/b><a href=\"https:\/\/open.spotify.com\/show\/5I8zWzbmuDvEx9Wp6Gtnyd\"><span class=\"s1\"><b>Spotify<\/b><\/span><\/a><b>,\u00a0<\/b><a href=\"https:\/\/podcasts.apple.com\/us\/podcast\/bendita-sois-v%C3%B3s\/id1436913300\"><span class=\"s1\"><b>Itunes<\/b><\/span><\/a><b>\u00a0e\u00a0<\/b><a href=\"https:\/\/castbox.fm\/channel\/Bendita-Sois-V%C3%B3s-id1474946?country=br\"><span class=\"s1\"><b>Castbox<\/b><\/span><\/a><b>.\u00a0<\/b><\/p>\n<p><iframe loading=\"lazy\" src=\"https:\/\/w.soundcloud.com\/player\/?url=https%3A\/\/api.soundcloud.com\/tracks\/956646298%3Fsecret_token%3Ds-h33LSTAIQGF&amp;color=%23ff5500&amp;auto_play=false&amp;hide_related=false&amp;show_comments=true&amp;show_user=true&amp;show_reposts=false&amp;show_teaser=true&amp;visual=true\" width=\"100%\" height=\"300\" frameborder=\"no\" scrolling=\"no\"><\/iframe><\/p>\n<div style=\"font-size: 10px; color: #cccccc; line-break: anywhere; word-break: normal; overflow: hidden; white-space: nowrap; text-overflow: ellipsis; font-family: Interstate,Lucida Grande,Lucida Sans Unicode,Lucida Sans,Garuda,Verdana,Tahoma,sans-serif; font-weight: 100;\"><a style=\"color: #cccccc; text-decoration: none;\" title=\"V\u00f3s Pessoas no Plural\" href=\"https:\/\/soundcloud.com\/vos-social\" target=\"_blank\" rel=\"noopener\">V\u00f3s Pessoas no Plural<\/a> \u00b7 <a style=\"color: #cccccc; text-decoration: none;\" title=\"BSV Especial Coronav\u00edrus #38 Sobre 2020\" href=\"https:\/\/soundcloud.com\/vos-social\/bsv-especial-coronavirus-38-sobre-2020\/s-h33LSTAIQGF\" target=\"_blank\" rel=\"noopener\">BSV Especial Coronav\u00edrus #38 Sobre 2020<\/a><\/div>\n","protected":false},"excerpt":{"rendered":"<p>Se voc\u00ea nos perguntar por onde andamos ao longo de 2020, a resposta \u00e9 que nos desesper\u00e1vamos. Desesperadamente gritamos em [&hellip;]<\/p>\n","protected":false},"author":3,"featured_media":7708,"comment_status":"open","ping_status":"open","sticky":false,"template":"","format":"standard","meta":{"_acf_changed":false,"footnotes":""},"categories":[1541],"tags":[2403,955,870,800,2196,2158,2156,2165,590],"class_list":["post-7707","post","type-post","status-publish","format-standard","has-post-thumbnail","hentry","category-podcasts","tag-2403","tag-ano-novo","tag-bolsonaro","tag-brasil","tag-corona","tag-coronavirus","tag-epidemia","tag-pandemia","tag-saude"],"acf":[],"_links":{"self":[{"href":"https:\/\/vos.homolog.arsnova.work\/index.php?rest_route=\/wp\/v2\/posts\/7707","targetHints":{"allow":["GET"]}}],"collection":[{"href":"https:\/\/vos.homolog.arsnova.work\/index.php?rest_route=\/wp\/v2\/posts"}],"about":[{"href":"https:\/\/vos.homolog.arsnova.work\/index.php?rest_route=\/wp\/v2\/types\/post"}],"author":[{"embeddable":true,"href":"https:\/\/vos.homolog.arsnova.work\/index.php?rest_route=\/wp\/v2\/users\/3"}],"replies":[{"embeddable":true,"href":"https:\/\/vos.homolog.arsnova.work\/index.php?rest_route=%2Fwp%2Fv2%2Fcomments&post=7707"}],"version-history":[{"count":0,"href":"https:\/\/vos.homolog.arsnova.work\/index.php?rest_route=\/wp\/v2\/posts\/7707\/revisions"}],"wp:featuredmedia":[{"embeddable":true,"href":"https:\/\/vos.homolog.arsnova.work\/index.php?rest_route=\/wp\/v2\/media\/7708"}],"wp:attachment":[{"href":"https:\/\/vos.homolog.arsnova.work\/index.php?rest_route=%2Fwp%2Fv2%2Fmedia&parent=7707"}],"wp:term":[{"taxonomy":"category","embeddable":true,"href":"https:\/\/vos.homolog.arsnova.work\/index.php?rest_route=%2Fwp%2Fv2%2Fcategories&post=7707"},{"taxonomy":"post_tag","embeddable":true,"href":"https:\/\/vos.homolog.arsnova.work\/index.php?rest_route=%2Fwp%2Fv2%2Ftags&post=7707"}],"curies":[{"name":"wp","href":"https:\/\/api.w.org\/{rel}","templated":true}]}}