{"id":7704,"date":"2020-12-23T23:23:09","date_gmt":"2020-12-24T02:23:09","guid":{"rendered":"https:\/\/vos.homolog.arsnova.work\/?p=7704"},"modified":"2020-12-23T23:23:09","modified_gmt":"2020-12-24T02:23:09","slug":"bsv-especial-coronavirus-37-a-vida-sem-auxilio","status":"publish","type":"post","link":"https:\/\/vos.homolog.arsnova.work\/?p=7704","title":{"rendered":"BSV Especial Coronav\u00edrus #37 A vida sem aux\u00edlio"},"content":{"rendered":"<p class=\"p1\" style=\"text-align: justify;\"><strong>Algumas pessoas imaginavam que em dezembro j\u00e1 estar\u00edamos vivendo normalmente. Outros, s\u00f3 esperavam um Natal em fam\u00edlia. Mas 2020 chega ao fim e ainda estamos enfrentando o v\u00edrus e diversas outras epidemias. <a href=\"https:\/\/vos.homolog.arsnova.work\/reportagens-especiais\/epidemia-de-ansiedade\/\" target=\"_blank\" rel=\"noopener\">Epidemia de ansiedade<\/a>, <a href=\"https:\/\/vos.homolog.arsnova.work\/reportagens-especiais\/epidemia-de-violencia\/\" target=\"_blank\" rel=\"noopener\">epidemia de viol\u00eancia<\/a>, epidemia de empobrecimento.<\/strong><\/p>\n<h5 class=\"p1\" style=\"text-align: center;\">.<\/h5>\n<h5 class=\"p1\" style=\"text-align: center;\">Chegamos a 2021 em uma tempestade perfeita. A pandemia que n\u00e3o se foi, desemprego alto, infla\u00e7\u00e3o alta &#8211; especialmente de alimentos &#8211; e o fim do aux\u00edlio emergencial<\/h5>\n<h5 style=\"text-align: center;\">.<\/h5>\n<p class=\"p1\" style=\"text-align: justify;\">Essa conjuntura provoca uma s\u00e9rie de incertezas, especialmente para os brasileiros mais fr\u00e1geis economicamente e que come\u00e7am o ano sem saber exatamente quais as possibilidades de trabalho e sem saber se ter\u00e3o os R$600, os R$300 reais ou nada.<\/p>\n<p class=\"p1\" style=\"text-align: justify;\"><strong>Soma-se a isso uma crise pol\u00edtica, a incapacidade do governo de Jair Bolsonaro de lidar com a pandemia e a demora do Brasil em institucionalizar a vacina\u00e7\u00e3o e temos, de fato, uma tempestade perfeita.<\/strong><\/p>\n<p class=\"p1\" style=\"text-align: justify;\">Para tentar entender essa conjuntura econ\u00f4mica, n\u00f3s vamos conversar com o economista <strong>Ely Jos\u00e9 Mattos<\/strong>, professor da PUCRS, sobre a infla\u00e7\u00e3o e a import\u00e2ncia do aux\u00edlio emergencial. N\u00f3s ainda conversamos com a educadora financeira <strong>Cintia Senna<\/strong> e com o presidente do SPC Brasil, <strong>Roque Pellizzaro Junior<\/strong>, sobre como a educa\u00e7\u00e3o financeira pode ajudar, inclusive, a popula\u00e7\u00e3o de baixa renda.<\/p>\n<p class=\"p1\" style=\"text-align: justify;\">Mas a educa\u00e7\u00e3o financeira tamb\u00e9m tem seus limites. E a\u00ed entra o trabalho de pessoas como a Raquel Grabauska, que, diante dessa epidemia de empobrecimento, criou o projeto solid\u00e1rio CQM+, que ajuda pessoas em vulnerabilidade social em Porto Alegre.<\/p>\n<p style=\"text-align: justify;\"><b>Participam do programa os jornalistas Ge\u00f3rgia Santos, Fl\u00e1via Cunha, Igor Natusch e T\u00e9rcio Saccol.\u00a0Voc\u00ea tamb\u00e9m pode ouvir o epis\u00f3dio no\u00a0<\/b><a href=\"https:\/\/open.spotify.com\/show\/5I8zWzbmuDvEx9Wp6Gtnyd\"><span class=\"s1\"><b>Spotify<\/b><\/span><\/a><b>,\u00a0<\/b><a href=\"https:\/\/podcasts.apple.com\/us\/podcast\/bendita-sois-v%C3%B3s\/id1436913300\"><span class=\"s1\"><b>Itunes<\/b><\/span><\/a><b>\u00a0e\u00a0<\/b><a href=\"https:\/\/castbox.fm\/channel\/Bendita-Sois-V%C3%B3s-id1474946?country=br\"><span class=\"s1\"><b>Castbox<\/b><\/span><\/a><b>.\u00a0<\/b><\/p>\n<p style=\"text-align: center;\"><iframe loading=\"lazy\" src=\"https:\/\/w.soundcloud.com\/player\/?url=https%3A\/\/api.soundcloud.com\/tracks\/953292787&amp;color=%23ff5500&amp;auto_play=false&amp;hide_related=false&amp;show_comments=true&amp;show_user=true&amp;show_reposts=false&amp;show_teaser=true&amp;visual=true\" width=\"100%\" height=\"300\" frameborder=\"no\" scrolling=\"no\"><\/iframe><\/p>\n<div style=\"font-size: 10px; color: #cccccc; line-break: anywhere; word-break: normal; overflow: hidden; white-space: nowrap; text-overflow: ellipsis; font-family: Interstate, 'Lucida Grande', 'Lucida Sans Unicode', 'Lucida Sans', Garuda, Verdana, Tahoma, sans-serif; font-weight: 100; text-align: center;\"><a style=\"color: #cccccc; text-decoration: none;\" title=\"V\u00f3s Pessoas no Plural\" href=\"https:\/\/soundcloud.com\/vos-social\" target=\"_blank\" rel=\"noopener\">V\u00f3s Pessoas no Plural<\/a> \u00b7 <a style=\"color: #cccccc; text-decoration: none;\" title=\"BSV Especial Coronav\u00edrus #37 A vida sem aux\u00edlio\" href=\"https:\/\/soundcloud.com\/vos-social\/bsv-especial-coronavirus-37-a-vida-sem-auxilio\" target=\"_blank\" rel=\"noopener\">BSV Especial Coronav\u00edrus #37 A vida sem aux\u00edlio<\/a><\/div>\n","protected":false},"excerpt":{"rendered":"<p>Algumas pessoas imaginavam que em dezembro j\u00e1 estar\u00edamos vivendo normalmente. Outros, s\u00f3 esperavam um Natal em fam\u00edlia. Mas 2020 chega [&hellip;]<\/p>\n","protected":false},"author":3,"featured_media":7705,"comment_status":"open","ping_status":"open","sticky":false,"template":"","format":"standard","meta":{"_acf_changed":false,"footnotes":""},"categories":[1541],"tags":[2322,870,32,791,2055,2401,2320,2402,2400],"class_list":["post-7704","post","type-post","status-publish","format-standard","has-post-thumbnail","hentry","category-podcasts","tag-auxilio-emergencial","tag-bolsonaro","tag-crise","tag-economia","tag-educacao-financeira","tag-empobrecimento","tag-guedes","tag-inflacao","tag-pobreza"],"acf":[],"_links":{"self":[{"href":"https:\/\/vos.homolog.arsnova.work\/index.php?rest_route=\/wp\/v2\/posts\/7704","targetHints":{"allow":["GET"]}}],"collection":[{"href":"https:\/\/vos.homolog.arsnova.work\/index.php?rest_route=\/wp\/v2\/posts"}],"about":[{"href":"https:\/\/vos.homolog.arsnova.work\/index.php?rest_route=\/wp\/v2\/types\/post"}],"author":[{"embeddable":true,"href":"https:\/\/vos.homolog.arsnova.work\/index.php?rest_route=\/wp\/v2\/users\/3"}],"replies":[{"embeddable":true,"href":"https:\/\/vos.homolog.arsnova.work\/index.php?rest_route=%2Fwp%2Fv2%2Fcomments&post=7704"}],"version-history":[{"count":0,"href":"https:\/\/vos.homolog.arsnova.work\/index.php?rest_route=\/wp\/v2\/posts\/7704\/revisions"}],"wp:featuredmedia":[{"embeddable":true,"href":"https:\/\/vos.homolog.arsnova.work\/index.php?rest_route=\/wp\/v2\/media\/7705"}],"wp:attachment":[{"href":"https:\/\/vos.homolog.arsnova.work\/index.php?rest_route=%2Fwp%2Fv2%2Fmedia&parent=7704"}],"wp:term":[{"taxonomy":"category","embeddable":true,"href":"https:\/\/vos.homolog.arsnova.work\/index.php?rest_route=%2Fwp%2Fv2%2Fcategories&post=7704"},{"taxonomy":"post_tag","embeddable":true,"href":"https:\/\/vos.homolog.arsnova.work\/index.php?rest_route=%2Fwp%2Fv2%2Ftags&post=7704"}],"curies":[{"name":"wp","href":"https:\/\/api.w.org\/{rel}","templated":true}]}}