{"id":7685,"date":"2020-12-16T17:00:02","date_gmt":"2020-12-16T20:00:02","guid":{"rendered":"https:\/\/vos.homolog.arsnova.work\/?p=7685"},"modified":"2020-12-16T15:12:09","modified_gmt":"2020-12-16T18:12:09","slug":"bsv-especial-coronavirus-36-o-preco-da-incompetencia-de-bolsonaro","status":"publish","type":"post","link":"https:\/\/vos.homolog.arsnova.work\/?p=7685","title":{"rendered":"BSV Especial Coronav\u00edrus #36 O pre\u00e7o da incompet\u00eancia de Bolsonaro"},"content":{"rendered":"<p class=\"p1\" style=\"text-align: justify;\"><strong>No in\u00edcio do ano, a esperan\u00e7a era passar o Natal\u00a0e o Ano Novo com a fam\u00edlia reunida. Mas a incompet\u00eancia de Bolsonaro n\u00e3o permitiu. O coronav\u00edrus venceu. A incompet\u00eancia de Bolsonaro est\u00e1 na morte de mais de 180mil pessoas por coronav\u00edrus no pa\u00eds.\u00a0<\/strong><\/p>\n<p class=\"p1\" style=\"text-align: justify;\">Enquanto isso, o ministro da sa\u00fade, General Eduardo Pazzuello, participou de festinha, sem m\u00e1scara, na casa do governador de Bras\u00edlia, Ibaneis Rocha. Com direito a karaok\u00ea e Zez\u00e9 di Camargo.<\/p>\n<h5 class=\"p1\" style=\"text-align: center;\">.<\/h5>\n<h5 class=\"p1\" style=\"text-align: center;\">O m\u00e1ximo que o Minist\u00e9rio da Sa\u00fade faz \u00e9 transmitir uma missa no canal do SUS<\/h5>\n<h5 class=\"p1\" style=\"text-align: justify;\">.<\/h5>\n<p class=\"p1\" style=\"text-align: justify;\">Ah, mas tem o plano nacional de vacina\u00e7\u00e3o, n\u00e3o? N\u00e3o. O governo convidou um grupo de 36 especialistas para montar a estrat\u00e9gia e inclusive cita o nome dos pesquisadores no documento de 93 p\u00e1ginas. O problema \u00e9 que esqueceram de comunicar os pesquisadores, que ficaram sabendo do plano pela imprensa. Ou seja, o governo afirmou que os 36 cientistas endossavam o plano, mas eles sequer tiveram acesso ao documento. Pensa que acabou? N\u00e3o. De acordo com reportagem da Folha de S\u00e3o Paulo, em reuni\u00e3o com Pazuello, pesquisadores tiveram microfones silenciados e n\u00e3o puderam falar.<\/p>\n<h5 class=\"p1\" style=\"text-align: center;\">.<\/h5>\n<h5 class=\"p1\" style=\"text-align: center;\">O mundo come\u00e7a a ser vacinado, profissionais da sa\u00fade dan\u00e7am de alegria nos Estados Unidos, e n\u00f3s estamos aqui, esperando um governo inepto e criminoso assistir \u00e0 popula\u00e7\u00e3o brasileira. Estamos \u00e0 merce da incompet\u00eancia de Bolsonaro<\/h5>\n<h5 style=\"text-align: center;\">.<\/h5>\n<p class=\"p1\" style=\"text-align: justify;\">Ah, e ainda tem o novo Fundeb e a ABIN, a Ag\u00eancia Brasileira de Intelig\u00eancia, a servi\u00e7o de Fl\u00e1vio Bolsonaro, filho do presidente. \u00c9 mole? 2020 n\u00e3o d\u00e1 folga nem dezembro. E n\u00e3o tem indicativo de que 2021 ser\u00e1 melhor. A falta de planejamento e a incompet\u00eancia cobram seu pre\u00e7o.<\/p>\n<p class=\"p1\" style=\"text-align: justify;\"><b>Participam do programa os jornalistas Ge\u00f3rgia Santos, Fl\u00e1via Cunha, Igor Natusch e T\u00e9rcio Saccol.\u00a0Voc\u00ea tamb\u00e9m pode ouvir o epis\u00f3dio no\u00a0<\/b><a href=\"https:\/\/open.spotify.com\/show\/5I8zWzbmuDvEx9Wp6Gtnyd\"><span class=\"s1\"><b>Spotify<\/b><\/span><\/a><b>,\u00a0<\/b><a href=\"https:\/\/podcasts.apple.com\/us\/podcast\/bendita-sois-v%C3%B3s\/id1436913300\"><span class=\"s1\"><b>Itunes<\/b><\/span><\/a><b>\u00a0e\u00a0<\/b><a href=\"https:\/\/castbox.fm\/channel\/Bendita-Sois-V%C3%B3s-id1474946?country=br\"><span class=\"s1\"><b>Castbox<\/b><\/span><\/a><b>.\u00a0<\/b><\/p>\n<p style=\"text-align: center;\"><iframe loading=\"lazy\" src=\"https:\/\/w.soundcloud.com\/player\/?url=https%3A\/\/api.soundcloud.com\/tracks\/948887395%3Fsecret_token%3Ds-IWD6GYQ6Cgv&amp;color=%23ff5500&amp;auto_play=false&amp;hide_related=false&amp;show_comments=true&amp;show_user=true&amp;show_reposts=false&amp;show_teaser=true&amp;visual=true\" width=\"100%\" height=\"300\" frameborder=\"no\" scrolling=\"no\"><\/iframe><\/p>\n<div style=\"font-size: 10px; color: #cccccc; line-break: anywhere; word-break: normal; overflow: hidden; white-space: nowrap; text-overflow: ellipsis; font-family: Interstate, 'Lucida Grande', 'Lucida Sans Unicode', 'Lucida Sans', Garuda, Verdana, Tahoma, sans-serif; font-weight: 100; text-align: center;\"><a style=\"color: #cccccc; text-decoration: none;\" title=\"V\u00f3s Pessoas no Plural\" href=\"https:\/\/soundcloud.com\/vos-social\" target=\"_blank\" rel=\"noopener\">V\u00f3s Pessoas no Plural<\/a> \u00b7 <a style=\"color: #cccccc; text-decoration: none;\" title=\"BSV Especial Coronav\u00edrus #36 O pre\u00e7o da incompet\u00eancia de Bolsonaro\" href=\"https:\/\/soundcloud.com\/vos-social\/bsv-especial-coronavirus-36-o-preco-da-incompetencia-de-bolsonaro\/s-IWD6GYQ6Cgv\" target=\"_blank\" rel=\"noopener\">BSV Especial Coronav\u00edrus #36 O pre\u00e7o da incompet\u00eancia de Bolsonaro<\/a><\/div>\n","protected":false},"excerpt":{"rendered":"<p>No in\u00edcio do ano, a esperan\u00e7a era passar o Natal\u00a0e o Ano Novo com a fam\u00edlia reunida. Mas a incompet\u00eancia [&hellip;]<\/p>\n","protected":false},"author":3,"featured_media":7686,"comment_status":"open","ping_status":"open","sticky":false,"template":"","format":"standard","meta":{"_acf_changed":false,"footnotes":""},"categories":[1541],"tags":[870,2196,2158,2188,2156,2221,2165,2396,228,590,2352],"class_list":["post-7685","post","type-post","status-publish","format-standard","has-post-thumbnail","hentry","category-podcasts","tag-bolsonaro","tag-corona","tag-coronavirus","tag-covid","tag-epidemia","tag-ministerio-da-saude","tag-pandemia","tag-pazzuello","tag-politica","tag-saude","tag-vacina"],"acf":[],"_links":{"self":[{"href":"https:\/\/vos.homolog.arsnova.work\/index.php?rest_route=\/wp\/v2\/posts\/7685","targetHints":{"allow":["GET"]}}],"collection":[{"href":"https:\/\/vos.homolog.arsnova.work\/index.php?rest_route=\/wp\/v2\/posts"}],"about":[{"href":"https:\/\/vos.homolog.arsnova.work\/index.php?rest_route=\/wp\/v2\/types\/post"}],"author":[{"embeddable":true,"href":"https:\/\/vos.homolog.arsnova.work\/index.php?rest_route=\/wp\/v2\/users\/3"}],"replies":[{"embeddable":true,"href":"https:\/\/vos.homolog.arsnova.work\/index.php?rest_route=%2Fwp%2Fv2%2Fcomments&post=7685"}],"version-history":[{"count":0,"href":"https:\/\/vos.homolog.arsnova.work\/index.php?rest_route=\/wp\/v2\/posts\/7685\/revisions"}],"wp:featuredmedia":[{"embeddable":true,"href":"https:\/\/vos.homolog.arsnova.work\/index.php?rest_route=\/wp\/v2\/media\/7686"}],"wp:attachment":[{"href":"https:\/\/vos.homolog.arsnova.work\/index.php?rest_route=%2Fwp%2Fv2%2Fmedia&parent=7685"}],"wp:term":[{"taxonomy":"category","embeddable":true,"href":"https:\/\/vos.homolog.arsnova.work\/index.php?rest_route=%2Fwp%2Fv2%2Fcategories&post=7685"},{"taxonomy":"post_tag","embeddable":true,"href":"https:\/\/vos.homolog.arsnova.work\/index.php?rest_route=%2Fwp%2Fv2%2Ftags&post=7685"}],"curies":[{"name":"wp","href":"https:\/\/api.w.org\/{rel}","templated":true}]}}