{"id":7666,"date":"2020-12-12T14:52:02","date_gmt":"2020-12-12T17:52:02","guid":{"rendered":"https:\/\/vos.homolog.arsnova.work\/?p=7666"},"modified":"2020-12-12T15:20:07","modified_gmt":"2020-12-12T18:20:07","slug":"sobre-direitos-humanos-cidadaos-de-bem","status":"publish","type":"post","link":"https:\/\/vos.homolog.arsnova.work\/?p=7666","title":{"rendered":"Sobre direitos humanos e &#8220;cidad\u00e3os de bem&#8221;"},"content":{"rendered":"<p style=\"text-align: justify\"><span style=\"font-weight: 400\">H\u00e1 72 anos, em 10 de dezembro de 1948, era criado um dos documentos balizadores do mundo p\u00f3s-guerra, a Declara\u00e7\u00e3o Universal dos Direitos Humanos, aprovada em uma assembleia-geral da Organiza\u00e7\u00e3o das Na\u00e7\u00f5es Unidas. Na \u00e9poca, a maioria dos 58 pa\u00edses integrantes da ONU foi favor\u00e1vel ao texto, incluindo o Brasil.\u00a0\u00a0<\/span><span style=\"font-weight: 400\">Desde sua cria\u00e7\u00e3o, a declara\u00e7\u00e3o, composta por 30 artigos, \u00e9 considerada um marco no\u00a0<\/span><span style=\"font-weight: 400\">compromisso internacional para um mundo mais justo e com menos desigualdade.<\/span><\/p>\n<h6 style=\"text-align: justify\">DESVIRTUAMENTO CONCEITUAL<\/h6>\n<p style=\"text-align: justify\"><span style=\"font-weight: 400\">Tantas d\u00e9cadas depois, o que vemos no Brasil do s\u00e9culo 21 \u00e9 uma deturpa\u00e7\u00e3o do conceito de direitos humanos. A ideia err\u00f4nea vigente \u00e9 de que serviriam apenas para proteger criminosos e livr\u00e1-los de puni\u00e7\u00e3o. E, ent\u00e3o, o que percebemos entre os chamados cidad\u00e3os de bem \u00e9 uma necessidade de justi\u00e7amento contra bandidos.\u00a0 Tamb\u00e9m evidencia-se um discurso bastante question\u00e1vel de que direitos humanos deveriam servir apenas para \u201chumanos direitos\u201d.<\/span><\/p>\n<h6><strong>MAS SER\u00c1 QUE ELES ENTENDEM O QUE S\u00c3O OS DIREITOS HUMANOS?<\/strong><\/h6>\n<p style=\"text-align: justify\"><span style=\"font-weight: 400\"><a href=\"https:\/\/vos.homolog.arsnova.work\/wp-content\/uploads\/2020\/12\/Direitos_Humanos_livro1.jpg\"><img loading=\"lazy\" decoding=\"async\" class=\"size-full wp-image-7668 alignleft\" src=\"https:\/\/vos.homolog.arsnova.work\/wp-content\/uploads\/2020\/12\/Direitos_Humanos_livro1.jpg\" alt=\"\" width=\"200\" height=\"201\" srcset=\"https:\/\/vos.homolog.arsnova.work\/wp-content\/uploads\/2020\/12\/Direitos_Humanos_livro1.jpg 200w, https:\/\/vos.homolog.arsnova.work\/wp-content\/uploads\/2020\/12\/Direitos_Humanos_livro1-150x150.jpg 150w\" sizes=\"auto, (max-width: 200px) 100vw, 200px\" \/><\/a>Para come\u00e7ar, n\u00e3o d\u00e1 para saber quantos partid\u00e1rios desse discurso tosco realmente leram a Declara\u00e7\u00e3o Universal dos Direitos Humanos. \u00c9 bom lembrar que este \u00e9 um texto amplamente acess\u00edvel, inclusive na Internet, al\u00e9m de contar com uma bela <a href=\"https:\/\/www.amazon.com.br\/Declara%C3%A7%C3%A3o-Universal-dos-Direitos-Humanos\/dp\/8516090868\/\" target=\"_blank\" rel=\"noopener\">adapta\u00e7\u00e3o<\/a> destinada ao p\u00fablico infantil, com texto de Ruth Rocha e ilustra\u00e7\u00f5es de Otavio Roth.<\/span><\/p>\n<p style=\"text-align: justify\"><span style=\"font-weight: 400\">Para efeitos did\u00e1ticos, seguiremos o pensamento (equivocado, volto a ressaltar) de que direitos humanos deveriam ser apenas para \u201chumanos direitos\u201d. Como exerc\u00edcio de reflex\u00e3o, consideraremos \u201chumanos direitos\u201d aqueles que n\u00e3o cometem crimes como assaltos e assassinatos. (Sonegar impostos, sabemos, \u00e9 um crime considerado menor por cidad\u00e3os de bem, muitos deles grandes empres\u00e1rios cheios de pend\u00eancias e problemas com a Receita Federal.)<\/span><\/p>\n<p style=\"text-align: justify\"><span style=\"font-weight: 400\">Continuando essa linha de racioc\u00ednio, vamos imaginar aqui uma pessoa comum. Um trabalhador ou trabalhadora, de baixa renda, que se esfor\u00e7a para ter o suficiente por m\u00eas para pagar alimenta\u00e7\u00e3o e um local de moradia. Ser\u00e1 que os direitos humanos chegam mesmo a uma pessoa assim?<\/span><\/p>\n<h6>VEJAMOS O PRIMEIRO ITEM DO ARTIGO 23 DA DECLARA\u00c7\u00c3O:<\/h6>\n<h6 style=\"text-align: justify\"><em><span style=\"font-weight: 400\">Todo ser humano tem direito ao trabalho, \u00e0 livre escolha de emprego, a condi\u00e7\u00f5es justas e favor\u00e1veis de trabalho e \u00e0 prote\u00e7\u00e3o contra o desemprego.<\/span><\/em><\/h6>\n<p style=\"text-align: justify\"><span style=\"font-weight: 400\">Sobre a senten\u00e7a acima, vale enfatizar que \u201ccondi\u00e7\u00f5es justas e favor\u00e1veis de trabalho\u201d s\u00e3o cada vez mais dif\u00edceis para a popula\u00e7\u00e3o brasileira, n\u00e3o somente em raz\u00e3o da pandemia. H\u00e1 anos, vem se desenhando um cen\u00e1rio baseado em precariza\u00e7\u00e3o das rela\u00e7\u00f5es de trabalho, com sal\u00e1rios cada vez menos justos. Afora que a livre escolha acaba se tornando uma fal\u00e1cia, em um panorama com grande desemprego e poucas oportunidades de novas vagas.\u00a0<\/span><\/p>\n<h6><strong>Continuando nossa argumenta\u00e7\u00e3o, destaco parte de um dos itens do artigo 27 da Declara\u00e7\u00e3o:<\/strong><\/h6>\n<h6 style=\"text-align: justify\"><em><span style=\"font-weight: 400\">Todo ser humano tem o direito de participar livremente da vida cultural da comunidade, de fruir as artes [&#8230;].<\/span><\/em><\/h6>\n<p style=\"text-align: justify\"><span style=\"font-weight: 400\">O ponto exposto nesse trecho do artigo 27 \u00e9 o conceito de frui\u00e7\u00e3o da Arte. Sim, ele deveria ser fundamental na vida de todos, mas acaba sendo pouco presente na vida dos brasileiros, mesmo em tempos pr\u00e9-pand\u00eamicos. Dentre os maiores impeditivos para a Arte estar no dia a dia de muitos trabalhadores, acredito serem os mais comuns a falta de tempo e dificuldade de acesso a espa\u00e7os culturais, mesmo gratuitos.<\/span><\/p>\n<h6 style=\"text-align: justify\">UM RESPIRO LITER\u00c1RIO<\/h6>\n<p style=\"text-align: justify\"><span style=\"font-weight: 400\"><a href=\"https:\/\/vos.homolog.arsnova.work\/wp-content\/uploads\/2020\/12\/Mundos_Paralelos_Livro.jpg\"><img loading=\"lazy\" decoding=\"async\" class=\"size-medium wp-image-7670 alignleft\" src=\"https:\/\/vos.homolog.arsnova.work\/wp-content\/uploads\/2020\/12\/Mundos_Paralelos_Livro-284x300.jpg\" alt=\"\" width=\"284\" height=\"300\" srcset=\"https:\/\/vos.homolog.arsnova.work\/wp-content\/uploads\/2020\/12\/Mundos_Paralelos_Livro-284x300.jpg 284w, https:\/\/vos.homolog.arsnova.work\/wp-content\/uploads\/2020\/12\/Mundos_Paralelos_Livro.jpg 717w\" sizes=\"auto, (max-width: 284px) 100vw, 284px\" \/><\/a>Um exemplo liter\u00e1rio dessa aliena\u00e7\u00e3o do trabalho e falta de acesso \u00e0 cultura e lazer pode ser encontrado no conto \u201cRoda-Gigante\u201d, do livro <\/span><a href=\"https:\/\/mizunski-escritor.sualojaonline.app.\/\" target=\"_blank\" rel=\"noopener\"><i><span style=\"font-weight: 400\">Mundos Paralelos<\/span><\/i><\/a><span style=\"font-weight: 400\">, lan\u00e7amento independente do escritor ga\u00facho Rodrigo Mizunski Peres. Tive o privil\u00e9gio de ler esse texto antes de sua publica\u00e7\u00e3o, por ter sido a produtora editorial da obra. E esse conto foi o que mais me chamou a aten\u00e7\u00e3o dentre os 19 que integram o livro. Um exemplo claro, no meu ponto de vista, do quanto as condi\u00e7\u00f5es de trabalho afetam a vida de &#8220;humanos direitos&#8221; e podem, de certa forma, impedir o acesso destes a direitos humanos b\u00e1sicos, como os que citei ao longo deste <em>post<\/em>.\u00a0\u00a0<\/span><\/p>\n<p style=\"text-align: justify\"><span style=\"font-weight: 400\">O enredo de &#8220;Roda-Gigante&#8221; narra a jornada exaustiva e repetitiva de uma oper\u00e1ria. Conforme a leitura avan\u00e7a, acompanhamos o arrebatamento da personagem ao deparar-se com um parque de divers\u00f5es, pr\u00f3ximo \u00e0 f\u00e1brica onde trabalha:<\/span><\/p>\n<h6 style=\"text-align: justify\"><em><span style=\"font-weight: 400\">&#8220;N\u00e3o costumava parar fosse na ida ou na volta de sua mon\u00f3tona rotina. Sequer passara na padaria para comprar seu p\u00e3o. Mas se deteve na cal\u00e7ada, e ficou a mirar \u2013 j\u00e1 admirava \u2013 a roda-gigante. Pois nunca mesmo andara numa. Nunca fora a um parque de divers\u00f5es. Nunca. N\u00e3o soube precisar quanto tempo ficara ali parada, mas o suficiente para alterar sua rotina.&#8221;<\/span><\/em><\/h6>\n<h6 style=\"text-align: center\">Confiram um trecho do conto, na leitura c\u00eanica feita pela atriz Elisa Lucas:<\/h6>\n<p><iframe loading=\"lazy\" title=\"CONTO RODA GIGANTE (FRAGMENTO), livro MUNDOS PARALELOS,  de RODRIGO MIZUNSKI PERES; por Elisa Lucas.\" width=\"640\" height=\"360\" src=\"https:\/\/www.youtube.com\/embed\/C8OCzVrFnQw?feature=oembed\" frameborder=\"0\" allow=\"accelerometer; autoplay; clipboard-write; encrypted-media; gyroscope; picture-in-picture; web-share\" referrerpolicy=\"strict-origin-when-cross-origin\" allowfullscreen><\/iframe><\/p>\n<h6>DIREITOS HUMANOS<\/h6>\n<p style=\"text-align: justify\">\u00c9 essencial lutarmos para que os direitos humanos sejam respeitados. \u00c9 a \u00fanica forma de livrarmos o Brasil da barb\u00e1rie e da injusti\u00e7a social defendidas por uma parcela ego\u00edsta, privilegiada e torpe da nossa sociedade. Para quem ainda n\u00e3o leu, uma vers\u00e3o digital da Declara\u00e7\u00e3o Universal dos Direitos Humanos pode ser adquirida <a href=\"https:\/\/www.amazon.com.br\/Declara%C3%A7%C3%A3o-Universal-Direitos-Humanos-Translated-ebook\/dp\/B005UDPAQQ\/\" target=\"_blank\" rel=\"noopener\">aqui<\/a>.<\/p>\n<p>&nbsp;<\/p>\n<p>&nbsp;<\/p>\n<p>&nbsp;<\/p>\n","protected":false},"excerpt":{"rendered":"<p>H\u00e1 72 anos, em 10 de dezembro de 1948, era criado um dos documentos balizadores do mundo p\u00f3s-guerra, a Declara\u00e7\u00e3o [&hellip;]<\/p>\n","protected":false},"author":5,"featured_media":7672,"comment_status":"open","ping_status":"open","sticky":false,"template":"","format":"standard","meta":{"_acf_changed":false,"footnotes":""},"categories":[4],"tags":[2393,770,2394,2395,761],"class_list":["post-7666","post","type-post","status-publish","format-standard","has-post-thumbnail","hentry","category-voos-literarios","tag-declaracao-universal-dos-direitos-humanos","tag-direitos-humanos","tag-mundos-paralelos","tag-rodrigo-mizunski-peres","tag-ruth-rocha"],"acf":[],"_links":{"self":[{"href":"https:\/\/vos.homolog.arsnova.work\/index.php?rest_route=\/wp\/v2\/posts\/7666","targetHints":{"allow":["GET"]}}],"collection":[{"href":"https:\/\/vos.homolog.arsnova.work\/index.php?rest_route=\/wp\/v2\/posts"}],"about":[{"href":"https:\/\/vos.homolog.arsnova.work\/index.php?rest_route=\/wp\/v2\/types\/post"}],"author":[{"embeddable":true,"href":"https:\/\/vos.homolog.arsnova.work\/index.php?rest_route=\/wp\/v2\/users\/5"}],"replies":[{"embeddable":true,"href":"https:\/\/vos.homolog.arsnova.work\/index.php?rest_route=%2Fwp%2Fv2%2Fcomments&post=7666"}],"version-history":[{"count":0,"href":"https:\/\/vos.homolog.arsnova.work\/index.php?rest_route=\/wp\/v2\/posts\/7666\/revisions"}],"wp:featuredmedia":[{"embeddable":true,"href":"https:\/\/vos.homolog.arsnova.work\/index.php?rest_route=\/wp\/v2\/media\/7672"}],"wp:attachment":[{"href":"https:\/\/vos.homolog.arsnova.work\/index.php?rest_route=%2Fwp%2Fv2%2Fmedia&parent=7666"}],"wp:term":[{"taxonomy":"category","embeddable":true,"href":"https:\/\/vos.homolog.arsnova.work\/index.php?rest_route=%2Fwp%2Fv2%2Fcategories&post=7666"},{"taxonomy":"post_tag","embeddable":true,"href":"https:\/\/vos.homolog.arsnova.work\/index.php?rest_route=%2Fwp%2Fv2%2Ftags&post=7666"}],"curies":[{"name":"wp","href":"https:\/\/api.w.org\/{rel}","templated":true}]}}