{"id":7660,"date":"2020-12-09T17:00:33","date_gmt":"2020-12-09T20:00:33","guid":{"rendered":"https:\/\/vos.homolog.arsnova.work\/?p=7660"},"modified":"2020-12-09T16:34:37","modified_gmt":"2020-12-09T19:34:37","slug":"bsv-especial-coronavirus-35-a-vacina-que-o-brasil-nao-quer","status":"publish","type":"post","link":"https:\/\/vos.homolog.arsnova.work\/?p=7660","title":{"rendered":"BSV Especial Coronav\u00edrus #35 A vacina que o Brasil n\u00e3o quer"},"content":{"rendered":"<p class=\"p1\" style=\"text-align: justify;\">Finalmente, uma vacina. Finalmente, uma luz no fim do t\u00fanel. O Reino Unido come\u00e7ou a vacinar a popula\u00e7\u00e3o contra a Covid-19 na \u00faltima ter\u00e7a-feira, 8. Os brit\u00e2nicos est\u00e3o sendo imunizados com a vacina da farmac\u00eautica norte-americana Pfizer e da empresa alem\u00e3 de biotecnologia BioNTech. Margaret Keenan, uma senhora de 90 anos, Margaret Keenan, foi a primeira a receber a dose da vacina que o Brasil n\u00e3o quer &#8211; <a href=\"https:\/\/vos.homolog.arsnova.work\/podcasts\/bsv-especial-coronavirus-30-bolsonaro-contra-a-vacina\/\" target=\"_blank\" rel=\"noopener\">pelo menos o governo age como se n\u00e3o quisesse.<\/a><\/p>\n<p class=\"p1\" style=\"text-align: justify;\">Por aqui, o presidente da Rep\u00fablica Federativa do Brasil, um pa\u00eds em que mais de 178 mil pessoas morreram em fun\u00e7\u00e3o da Covid-19, n\u00e3o faz nada. N\u00e3o, faz sim. Jair Messias Bolsonaro inaugurou uma exposi\u00e7\u00e3o com as roupas que ele e a primeira-dama, Michelle, usaram na posse.<\/p>\n<p class=\"p1\" style=\"text-align: justify;\">O governo de S\u00e3o Paulo anunciou que pretende come\u00e7ar a imuniza\u00e7\u00e3o com a CoronaVac em janeiro.<span class=\"Apple-converted-space\">\u00a0 <\/span>A vacina est\u00e1 sendo desenvolvida no Brasil pela chinesa Sinovac em parceria com o Instituto Butantan.\u00a0Mas depende da aprova\u00e7\u00e3o da Anvisa. E n\u00e3o nos esque\u00e7amos que\u00a0<b>Bolsonaro colocou militares na Anvisa para controlar as vacinas. <\/b><\/p>\n<h5 class=\"p1\" style=\"text-align: center;\"><b>.<\/b><\/h5>\n<h5 class=\"p1\" style=\"text-align: center;\"><b>\u00c9 quase como se ele n\u00e3o quisesse que a pandemia acabe<\/b><\/h5>\n<h5 style=\"text-align: center;\">.<\/h5>\n<p style=\"text-align: justify;\"><strong>Participam do programa os jornalistas Ge\u00f3rgia Santos, Fl\u00e1via Cunha, Igor Natusch e T\u00e9rcio Saccol.\u00a0Voc\u00ea tamb\u00e9m pode ouvir o epis\u00f3dio no\u00a0<a href=\"https:\/\/open.spotify.com\/show\/5I8zWzbmuDvEx9Wp6Gtnyd\" target=\"_blank\" rel=\"noopener\">Spotify<\/a>,\u00a0<a href=\"https:\/\/podcasts.apple.com\/us\/podcast\/bendita-sois-v%C3%B3s\/id1436913300\" target=\"_blank\" rel=\"noopener\">Itunes<\/a>\u00a0e\u00a0<a href=\"https:\/\/castbox.fm\/channel\/Bendita-Sois-V%C3%B3s-id1474946?country=br\" target=\"_blank\" rel=\"noopener\">Castbox<\/a>.\u00a0<\/strong><\/p>\n","protected":false},"excerpt":{"rendered":"<p>Finalmente, uma vacina. Finalmente, uma luz no fim do t\u00fanel. O Reino Unido come\u00e7ou a vacinar a popula\u00e7\u00e3o contra a [&hellip;]<\/p>\n","protected":false},"author":3,"featured_media":7661,"comment_status":"open","ping_status":"open","sticky":false,"template":"","format":"standard","meta":{"_acf_changed":false,"footnotes":""},"categories":[1541],"tags":[870,800,2196,2158,2188,2173,2156,1653,2165,228,590,2352],"class_list":["post-7660","post","type-post","status-publish","format-standard","has-post-thumbnail","hentry","category-podcasts","tag-bolsonaro","tag-brasil","tag-corona","tag-coronavirus","tag-covid","tag-covid19","tag-epidemia","tag-governo","tag-pandemia","tag-politica","tag-saude","tag-vacina"],"acf":[],"_links":{"self":[{"href":"https:\/\/vos.homolog.arsnova.work\/index.php?rest_route=\/wp\/v2\/posts\/7660","targetHints":{"allow":["GET"]}}],"collection":[{"href":"https:\/\/vos.homolog.arsnova.work\/index.php?rest_route=\/wp\/v2\/posts"}],"about":[{"href":"https:\/\/vos.homolog.arsnova.work\/index.php?rest_route=\/wp\/v2\/types\/post"}],"author":[{"embeddable":true,"href":"https:\/\/vos.homolog.arsnova.work\/index.php?rest_route=\/wp\/v2\/users\/3"}],"replies":[{"embeddable":true,"href":"https:\/\/vos.homolog.arsnova.work\/index.php?rest_route=%2Fwp%2Fv2%2Fcomments&post=7660"}],"version-history":[{"count":0,"href":"https:\/\/vos.homolog.arsnova.work\/index.php?rest_route=\/wp\/v2\/posts\/7660\/revisions"}],"wp:featuredmedia":[{"embeddable":true,"href":"https:\/\/vos.homolog.arsnova.work\/index.php?rest_route=\/wp\/v2\/media\/7661"}],"wp:attachment":[{"href":"https:\/\/vos.homolog.arsnova.work\/index.php?rest_route=%2Fwp%2Fv2%2Fmedia&parent=7660"}],"wp:term":[{"taxonomy":"category","embeddable":true,"href":"https:\/\/vos.homolog.arsnova.work\/index.php?rest_route=%2Fwp%2Fv2%2Fcategories&post=7660"},{"taxonomy":"post_tag","embeddable":true,"href":"https:\/\/vos.homolog.arsnova.work\/index.php?rest_route=%2Fwp%2Fv2%2Ftags&post=7660"}],"curies":[{"name":"wp","href":"https:\/\/api.w.org\/{rel}","templated":true}]}}