{"id":7650,"date":"2020-12-05T17:41:09","date_gmt":"2020-12-05T20:41:09","guid":{"rendered":"https:\/\/vos.homolog.arsnova.work\/?p=7650"},"modified":"2020-12-07T14:20:20","modified_gmt":"2020-12-07T17:20:20","slug":"a-violencia-contra-a-mulher-e-diaria","status":"publish","type":"post","link":"https:\/\/vos.homolog.arsnova.work\/?p=7650","title":{"rendered":"A viol\u00eancia contra a mulher \u00e9 di\u00e1ria"},"content":{"rendered":"<p style=\"text-align: justify\"><span style=\"font-weight: 400\">Ap\u00f3s um novembro marcado por manifesta\u00e7\u00f5es e campanhas de combate \u00e0 viol\u00eancia contra a mulher, come\u00e7amos dezembro com a repercuss\u00e3o de diversas\u00a0<a href=\"https:\/\/piaui.folha.uol.com.br\/materia\/o-que-mais-voce-quer-filha-para-calar-boca\/\" target=\"_blank\" rel=\"noopener\">den\u00fancias de ass\u00e9dio<\/a>\u00a0moral e sexual envolvendo o humorista e ex-diretor da TV Globo Marcius Melhem. O ator reconhece ter sido \u201c<a href=\"https:\/\/f5.folha.uol.com.br\/celebridades\/2020\/12\/fui-um-homem-toxico-mas-jamais-tive-relacao-que-nao-foi-consensual-diz-marcius-melhem.shtml\" target=\"_blank\" rel=\"noopener\">um homem t\u00f3xico\u201d<\/a>, mas nega as acusa\u00e7\u00f5es de viol\u00eancia sexual.<\/span><\/p>\n<h6>L\u00d3GICA PERVERSA<\/h6>\n<p style=\"text-align: justify\"><span style=\"font-weight: 400\">Infelizmente, acusa\u00e7\u00f5es de ass\u00e9dio e de outros tipos de viol\u00eancia contra a mulher em geral t\u00eam uma caracter\u00edstica bastante perversa. Inverte-se o jogo e o relato da assediada \u00e9 que necessita de provas, duvidando-se da veracidade de testemunhos e questionando-se o comportamento feminino.<\/span><\/p>\n<h6>INCISIVA<\/h6>\n<p style=\"text-align: justify\"><span style=\"font-weight: 400\">Refletindo a respeito do assunto, lembrei da leitura recente que fiz do livro de cr\u00f4nicas\/contos<\/span><i><span style=\"font-weight: 400\"> Aqui Dentro<\/span><\/i><span style=\"font-weight: 400\">, de Nathallia Protazio. No texto \u201cIncisiva\u201d, a escritora relata a hist\u00f3ria de uma mulher que v\u00ea-se obrigada a receber, \u00e0 noite sozinha em casa, um ex. Este homem, alcoolizado, faz chantagens para dormir na casa da protagonista. Ela, exausta, cede, mesmo com medo. Enquanto seu assediador est\u00e1 na sala do apartamento, a personagem permanece no quarto, onde come\u00e7a a fazer digress\u00f5es sobre o que pode acontecer a seguir:<\/span><\/p>\n<h6 style=\"text-align: justify\"><em><span style=\"font-weight: 400\">\u201cTransform\u00e1-lo em criminoso me transformava em v\u00edtima e eu n\u00e3o queria ser v\u00edtima de nada. Ou pior, v\u00edtima-c\u00famplice, afinal, fui eu quem abriu a porta. Sem querer assumir a verdade que eu estava, sim, sendo uma v\u00edtima e sem encontrar uma forma de sair daquela situa\u00e7\u00e3o, \u00e0 beira do desespero psicol\u00f3gico eu chorei.\u201d<\/span><\/em><\/h6>\n<p style=\"text-align: justify\">VIOL\u00caNCIA DI\u00c1RIA<\/p>\n<p style=\"text-align: justify\"><span style=\"font-weight: 400\">Sabemos que\u00a0<\/span><span style=\"font-weight: 400\">a situa\u00e7\u00e3o vivida pela personagem criada pela escritora Nathallia Protazio no texto \u201cIncisiva\u201d est\u00e1 longe de ser uma fantasia. Dados do Anu\u00e1rio Brasileiro de Seguran\u00e7a P\u00fablica apontam que 45% das mulheres em situa\u00e7\u00e3o de viol\u00eancia s\u00e3o agredidas diariamente. Em m\u00e9dia, a cada 8 minutos uma mulher \u00e9 estuprada no Brasil.\u00a0<\/span><\/p>\n<p><span style=\"font-weight: 400\">No texto-t\u00edtulo de sua obra, \u201cAqui Dentro\u201d, Nathalia Protazio alerta para os in\u00fameros problemas enfrentados pelas mulheres:<\/span><\/p>\n<h6 style=\"text-align: justify\"><em><span style=\"font-weight: 400\">\u201cCansada de amar o fato de ser mulher e viver num mundo contr\u00e1rio a isso. Todo mundo j\u00e1 enjoou de ouvir falar em como tudo \u00e9 injusto. Feminismo. Machismo. Tudo que est\u00e1 errado. Sal\u00e1rio mais baixo; mais t\u00edtulos e menos carreira; viol\u00eancia dom\u00e9stica; descaso governamental e preconceito institucional. A gente n\u00e3o pode se maquiar e colocar uma saia sem se lembrar que nascemos no planeta errado, e ainda tentam nos fazer acreditar que o que t\u00e1 errado \u00e9 o nosso g\u00eanero.\u201d<\/span><\/em><\/h6>\n<h6 style=\"text-align: justify\"><a href=\"https:\/\/vos.homolog.arsnova.work\/wp-content\/uploads\/2020\/12\/nathallia_protazio.jpg\"><img loading=\"lazy\" decoding=\"async\" class=\"size-medium wp-image-7651 alignleft\" src=\"https:\/\/vos.homolog.arsnova.work\/wp-content\/uploads\/2020\/12\/nathallia_protazio-208x300.jpg\" alt=\"\" width=\"208\" height=\"300\" srcset=\"https:\/\/vos.homolog.arsnova.work\/wp-content\/uploads\/2020\/12\/nathallia_protazio-208x300.jpg 208w, https:\/\/vos.homolog.arsnova.work\/wp-content\/uploads\/2020\/12\/nathallia_protazio-711x1024.jpg 711w, https:\/\/vos.homolog.arsnova.work\/wp-content\/uploads\/2020\/12\/nathallia_protazio.jpg 755w\" sizes=\"auto, (max-width: 208px) 100vw, 208px\" \/><\/a><span style=\"font-weight: 400\">Mas como Nathalia anuncia, no in\u00edcio do texto \u2018Aqui Dentro\u201d:\u00a0\u00a0<\/span><strong>\u201cAmanh\u00e3 eu amanhe\u00e7o e renas\u00e7o.\u201d<\/strong><\/h6>\n<p style=\"text-align: justify\"><span style=\"font-weight: 400\">Que tenhamos for\u00e7a para renascer, seguir resistindo (e tendo coragem para denunciar abusadores da vida real).<\/span><\/p>\n<h6 style=\"text-align: justify\"><strong>SOBRE A AUTORA E O LIVRO:<\/strong><\/h6>\n<p style=\"text-align: justify\">Nathallia Protazio \u00e9 pernambucana, farmac\u00eautica e escritora. J\u00e1 morou em muitos lugares, incluindo S\u00e3o Paulo e Lausanne, Su\u00ed\u00e7a. Hoje vive em Porto Alegre\/RS, onde acaba de lan\u00e7ar o t\u00edtulo <em>Aqui Dentro<\/em>, na cole\u00e7\u00e3o de bolso &#8220;A voz da Ancestralidade&#8221; pela Editora Venas Abiertas. O livro est\u00e1 dispon\u00edvel pelo Instagram da autora: <a href=\"https:\/\/www.instagram.com\/nathalliaprotazio\/\" target=\"_blank\" rel=\"noopener\">@nathalliaprotazio<\/a>.<\/p>\n<p><em>Imagem de capa:\u00a0\u00a0<span style=\"font-weight: 400\">Nino Car\u00e8\/Pixabay<\/span><\/em><\/p>\n<p><em>Imagem da autora: Acervo Pessoal<\/em><\/p>\n","protected":false},"excerpt":{"rendered":"<p>Ap\u00f3s um novembro marcado por manifesta\u00e7\u00f5es e campanhas de combate \u00e0 viol\u00eancia contra a mulher, come\u00e7amos dezembro com a repercuss\u00e3o [&hellip;]<\/p>\n","protected":false},"author":5,"featured_media":7652,"comment_status":"open","ping_status":"open","sticky":false,"template":"","format":"standard","meta":{"_acf_changed":false,"footnotes":""},"categories":[4],"tags":[2391,785,1186,2390,2027],"class_list":["post-7650","post","type-post","status-publish","format-standard","has-post-thumbnail","hentry","category-voos-literarios","tag-aqui-dentro","tag-assedio","tag-leia-mulheres","tag-nathallia-protazio","tag-violencia-contra-a-mulher"],"acf":[],"_links":{"self":[{"href":"https:\/\/vos.homolog.arsnova.work\/index.php?rest_route=\/wp\/v2\/posts\/7650","targetHints":{"allow":["GET"]}}],"collection":[{"href":"https:\/\/vos.homolog.arsnova.work\/index.php?rest_route=\/wp\/v2\/posts"}],"about":[{"href":"https:\/\/vos.homolog.arsnova.work\/index.php?rest_route=\/wp\/v2\/types\/post"}],"author":[{"embeddable":true,"href":"https:\/\/vos.homolog.arsnova.work\/index.php?rest_route=\/wp\/v2\/users\/5"}],"replies":[{"embeddable":true,"href":"https:\/\/vos.homolog.arsnova.work\/index.php?rest_route=%2Fwp%2Fv2%2Fcomments&post=7650"}],"version-history":[{"count":0,"href":"https:\/\/vos.homolog.arsnova.work\/index.php?rest_route=\/wp\/v2\/posts\/7650\/revisions"}],"wp:featuredmedia":[{"embeddable":true,"href":"https:\/\/vos.homolog.arsnova.work\/index.php?rest_route=\/wp\/v2\/media\/7652"}],"wp:attachment":[{"href":"https:\/\/vos.homolog.arsnova.work\/index.php?rest_route=%2Fwp%2Fv2%2Fmedia&parent=7650"}],"wp:term":[{"taxonomy":"category","embeddable":true,"href":"https:\/\/vos.homolog.arsnova.work\/index.php?rest_route=%2Fwp%2Fv2%2Fcategories&post=7650"},{"taxonomy":"post_tag","embeddable":true,"href":"https:\/\/vos.homolog.arsnova.work\/index.php?rest_route=%2Fwp%2Fv2%2Ftags&post=7650"}],"curies":[{"name":"wp","href":"https:\/\/api.w.org\/{rel}","templated":true}]}}