{"id":7646,"date":"2020-12-02T17:00:02","date_gmt":"2020-12-02T20:00:02","guid":{"rendered":"https:\/\/vos.homolog.arsnova.work\/?p=7646"},"modified":"2020-12-02T16:25:33","modified_gmt":"2020-12-02T19:25:33","slug":"bsv-especial-coronavirus-34-e-o-vencedor-das-eleicoes-foi-o-centrao","status":"publish","type":"post","link":"https:\/\/vos.homolog.arsnova.work\/?p=7646","title":{"rendered":"BSV Especial Coronav\u00edrus #34 E o vencedor das elei\u00e7\u00f5es foi o centr\u00e3o"},"content":{"rendered":"<p class=\"p1\" style=\"text-align: justify;\">Um retorno ao dom\u00ednio do centr\u00e3o. Agora sim, o processo de elei\u00e7\u00f5es municipais foi finalizado no Brasil ap\u00f3s a vota\u00e7\u00e3o do segundo turno em diversas cidades do pa\u00eds. <strong>Quanto aos resultados em algumas capitais, pouca ou nenhuma surpresa.<\/strong>\u00a0Eduardo Paes venceu Crivella<span class=\"Apple-converted-space\">\u00a0 <\/span>no Rio de Janeiro, Sebasti\u00e3o Melo venceu Manuela D\u00e1vila em Porto Alegre, Bruno Covas venceu Guilherme Boulos em S\u00e3o Paulo.<\/p>\n<h5 class=\"p1\" style=\"text-align: center;\">.<\/h5>\n<h5 class=\"p1\" style=\"text-align: center;\">DEM, MDB e PSDB. Parece que o centr\u00e3o foi o grande vencedor de 2020<\/h5>\n<h5 style=\"text-align: center;\">.<\/h5>\n<p class=\"p1\" style=\"text-align: justify;\"><a href=\"https:\/\/vos.homolog.arsnova.work\/podcasts\/bsv-especial-coronavirus-32-bolsonaro-e-as-eleicoes-municipais\/\" target=\"_blank\" rel=\"noopener\">Jair Bolsonaro pode ter sa\u00eddo enfraquecido, afinal, os candidatos que apoiou diretamente n\u00e3o se elegeram, mas n\u00e3o est\u00e1 acabado.<\/a><span class=\"Apple-converted-space\">\u00a0 <\/span>O bolsonarismo e o que ele representa estiveram vivos durante o pleito. E o namoro com o centr\u00e3o parece estar s\u00f3 come\u00e7ando. Quando \u00e0 esquerda, coube a renova\u00e7\u00e3o nas C\u00e2maras e a possibilidade de forte oposi\u00e7\u00e3o aos eleitos da direta no Executivo.<\/p>\n<p><strong>Participam do programa os jornalistas Ge\u00f3rgia Santos, Fl\u00e1via Cunha, Igor Natusch e T\u00e9rcio Saccol.\u00a0Voc\u00ea tamb\u00e9m pode ouvir o epis\u00f3dio no\u00a0<a href=\"https:\/\/open.spotify.com\/show\/5I8zWzbmuDvEx9Wp6Gtnyd\" target=\"_blank\" rel=\"noopener\">Spotify<\/a>,\u00a0<a href=\"https:\/\/podcasts.apple.com\/us\/podcast\/bendita-sois-v%C3%B3s\/id1436913300\" target=\"_blank\" rel=\"noopener\">Itunes<\/a>\u00a0e\u00a0<a href=\"https:\/\/castbox.fm\/channel\/Bendita-Sois-V%C3%B3s-id1474946?country=br\" target=\"_blank\" rel=\"noopener\">Castbox<\/a>.\u00a0<\/strong><\/p>\n<p style=\"text-align: center;\"><iframe loading=\"lazy\" src=\"https:\/\/w.soundcloud.com\/player\/?url=https%3A\/\/api.soundcloud.com\/tracks\/940110712%3Fsecret_token%3Ds-reD0fgOJRBP&amp;color=%23ff5500&amp;auto_play=false&amp;hide_related=false&amp;show_comments=true&amp;show_user=true&amp;show_reposts=false&amp;show_teaser=true&amp;visual=true\" width=\"100%\" height=\"300\" frameborder=\"no\" scrolling=\"no\"><\/iframe><\/p>\n<div style=\"font-size: 10px; color: #cccccc; line-break: anywhere; word-break: normal; overflow: hidden; white-space: nowrap; text-overflow: ellipsis; font-family: Interstate, 'Lucida Grande', 'Lucida Sans Unicode', 'Lucida Sans', Garuda, Verdana, Tahoma, sans-serif; font-weight: 100; text-align: center;\"><a style=\"color: #cccccc; text-decoration: none;\" title=\"V\u00f3s Pessoas no Plural\" href=\"https:\/\/soundcloud.com\/vos-social\" target=\"_blank\" rel=\"noopener\">V\u00f3s Pessoas no Plural<\/a> \u00b7 <a style=\"color: #cccccc; text-decoration: none;\" title=\"BSV Especial Coronav\u00edrus #34 E o vencedor foi o centr\u00e3o\" href=\"https:\/\/soundcloud.com\/vos-social\/bsv-especial-coronavirus-34-e-o-vencedor-foi-o-centrao\/s-reD0fgOJRBP\" target=\"_blank\" rel=\"noopener\">BSV Especial Coronav\u00edrus #34 E o vencedor foi o centr\u00e3o<\/a><\/div>\n","protected":false},"excerpt":{"rendered":"<p>Um retorno ao dom\u00ednio do centr\u00e3o. Agora sim, o processo de elei\u00e7\u00f5es municipais foi finalizado no Brasil ap\u00f3s a vota\u00e7\u00e3o [&hellip;]<\/p>\n","protected":false},"author":3,"featured_media":7647,"comment_status":"open","ping_status":"open","sticky":false,"template":"","format":"standard","meta":{"_acf_changed":false,"footnotes":""},"categories":[1541],"tags":[2239,870,2389,2286,1205,925,2365,729,228],"class_list":["post-7646","post","type-post","status-publish","format-standard","has-post-thumbnail","hentry","category-podcasts","tag-bolsonarismo","tag-bolsonaro","tag-capitais","tag-centrao","tag-direita","tag-eleicoes","tag-eleicoes-2020","tag-esquerda","tag-politica"],"acf":[],"_links":{"self":[{"href":"https:\/\/vos.homolog.arsnova.work\/index.php?rest_route=\/wp\/v2\/posts\/7646","targetHints":{"allow":["GET"]}}],"collection":[{"href":"https:\/\/vos.homolog.arsnova.work\/index.php?rest_route=\/wp\/v2\/posts"}],"about":[{"href":"https:\/\/vos.homolog.arsnova.work\/index.php?rest_route=\/wp\/v2\/types\/post"}],"author":[{"embeddable":true,"href":"https:\/\/vos.homolog.arsnova.work\/index.php?rest_route=\/wp\/v2\/users\/3"}],"replies":[{"embeddable":true,"href":"https:\/\/vos.homolog.arsnova.work\/index.php?rest_route=%2Fwp%2Fv2%2Fcomments&post=7646"}],"version-history":[{"count":0,"href":"https:\/\/vos.homolog.arsnova.work\/index.php?rest_route=\/wp\/v2\/posts\/7646\/revisions"}],"wp:featuredmedia":[{"embeddable":true,"href":"https:\/\/vos.homolog.arsnova.work\/index.php?rest_route=\/wp\/v2\/media\/7647"}],"wp:attachment":[{"href":"https:\/\/vos.homolog.arsnova.work\/index.php?rest_route=%2Fwp%2Fv2%2Fmedia&parent=7646"}],"wp:term":[{"taxonomy":"category","embeddable":true,"href":"https:\/\/vos.homolog.arsnova.work\/index.php?rest_route=%2Fwp%2Fv2%2Fcategories&post=7646"},{"taxonomy":"post_tag","embeddable":true,"href":"https:\/\/vos.homolog.arsnova.work\/index.php?rest_route=%2Fwp%2Fv2%2Ftags&post=7646"}],"curies":[{"name":"wp","href":"https:\/\/api.w.org\/{rel}","templated":true}]}}