{"id":7641,"date":"2020-12-01T17:44:06","date_gmt":"2020-12-01T20:44:06","guid":{"rendered":"https:\/\/vos.homolog.arsnova.work\/?p=7641"},"modified":"2021-01-29T12:30:25","modified_gmt":"2021-01-29T15:30:25","slug":"cantinho-da-leitura-2-o-que-literatura-infantil-tem-a-ver-com-feminismo","status":"publish","type":"post","link":"https:\/\/vos.homolog.arsnova.work\/?p=7641","title":{"rendered":"Cantinho da leitura #2 O que literatura infantil tem a ver com feminismo?"},"content":{"rendered":"<div class=\"DK2WGA7X3rKos2v1AABBD _20x9t-BL2SDh7lOGEew66E\" data-block=\"true\" data-editor=\"1q7kb\" data-offset-key=\"dk9n6-0-0\">\n<div data-offset-key=\"dk9n6-0-0\"><span data-offset-key=\"dk9n6-0-0\"><strong>Desde que idade devemos come\u00e7ar a falar sobre feminismo para as crian\u00e7as? Desde sempre.<\/strong> <strong>E a literatura pode ajudar.<\/strong> <\/span><\/div>\n<div data-offset-key=\"dk9n6-0-0\">.<\/div>\n<div class=\"public-DraftStyleDefault-block public-DraftStyleDefault-ltr\" style=\"text-align: justify;\" data-offset-key=\"dk9n6-0-0\"><span data-offset-key=\"dk9n6-0-0\">O segundo epis\u00f3dio do podcast Cantinho da Leitura pergunta: o que literatura infantil tem a ver com feminismo? A jornalista Ge\u00f3rgia Santos conversa com Fl\u00e1via Cunha, jornalista, mestre em Literatura pela UFRGS e produtora editorial de livros infantojuvenis. <\/span><\/div>\n<div data-offset-key=\"dk9n6-0-0\">.<\/div>\n<div class=\"public-DraftStyleDefault-block public-DraftStyleDefault-ltr\" style=\"text-align: justify;\" data-offset-key=\"dk9n6-0-0\"><strong>Nas sugest\u00f5es de leitura, \u201cCoisa de Menina\u201d e \u201cCoisa de Menino\u201d, de Pri Ferreira (Companhia das Letrinhas), \u201cPrincesas em Greve\u201d, Tha\u00eds Linhares (clube de leitura Minha Pequena Feminista) e &#8220;As Rainhas dos Animais&#8221;, de Clarissa Barreto (lan\u00e7amento independente).<\/strong><\/div>\n<div style=\"text-align: justify;\" data-offset-key=\"dk9n6-0-0\">.<\/div>\n<\/div>\n<div class=\"DK2WGA7X3rKos2v1AABBD _20x9t-BL2SDh7lOGEew66E\" data-block=\"true\" data-editor=\"1q7kb\" data-offset-key=\"d6tt1-0-0\">\n<div class=\"public-DraftStyleDefault-block public-DraftStyleDefault-ltr\" style=\"text-align: justify;\" data-offset-key=\"d6tt1-0-0\"><span data-offset-key=\"d6tt1-0-0\">O epis\u00f3dio ainda traz um trecho de uma conversa entre Fl\u00e1via Cunha e Clarissa Barreto, gravada durante uma live da programa\u00e7\u00e3o especial da Feira do Livro de Porto Alegre. Porque para um futuro menos machista, precisamos, sim de livros, mas tamb\u00e9m de atitude.<\/span><\/div>\n<div data-offset-key=\"d6tt1-0-0\">.<\/div>\n<div data-offset-key=\"d6tt1-0-0\"><\/div>\n<\/div>\n<p style=\"text-align: center;\"><iframe loading=\"lazy\" src=\"https:\/\/anchor.fm\/flavia-travassos-cunha\/embed\/episodes\/O-que-literatura-infantil-tem-a-ver-com-feminismo-en7k7k\" width=\"400px\" height=\"102px\" frameborder=\"0\" scrolling=\"no\"><\/iframe><\/p>\n","protected":false},"excerpt":{"rendered":"<p>Desde que idade devemos come\u00e7ar a falar sobre feminismo para as crian\u00e7as? Desde sempre. E a literatura pode ajudar. . [&hellip;]<\/p>\n","protected":false},"author":3,"featured_media":7485,"comment_status":"open","ping_status":"open","sticky":false,"template":"","format":"standard","meta":{"_acf_changed":false,"footnotes":""},"categories":[1541],"tags":[],"class_list":["post-7641","post","type-post","status-publish","format-standard","has-post-thumbnail","hentry","category-podcasts"],"acf":[],"_links":{"self":[{"href":"https:\/\/vos.homolog.arsnova.work\/index.php?rest_route=\/wp\/v2\/posts\/7641","targetHints":{"allow":["GET"]}}],"collection":[{"href":"https:\/\/vos.homolog.arsnova.work\/index.php?rest_route=\/wp\/v2\/posts"}],"about":[{"href":"https:\/\/vos.homolog.arsnova.work\/index.php?rest_route=\/wp\/v2\/types\/post"}],"author":[{"embeddable":true,"href":"https:\/\/vos.homolog.arsnova.work\/index.php?rest_route=\/wp\/v2\/users\/3"}],"replies":[{"embeddable":true,"href":"https:\/\/vos.homolog.arsnova.work\/index.php?rest_route=%2Fwp%2Fv2%2Fcomments&post=7641"}],"version-history":[{"count":0,"href":"https:\/\/vos.homolog.arsnova.work\/index.php?rest_route=\/wp\/v2\/posts\/7641\/revisions"}],"wp:featuredmedia":[{"embeddable":true,"href":"https:\/\/vos.homolog.arsnova.work\/index.php?rest_route=\/wp\/v2\/media\/7485"}],"wp:attachment":[{"href":"https:\/\/vos.homolog.arsnova.work\/index.php?rest_route=%2Fwp%2Fv2%2Fmedia&parent=7641"}],"wp:term":[{"taxonomy":"category","embeddable":true,"href":"https:\/\/vos.homolog.arsnova.work\/index.php?rest_route=%2Fwp%2Fv2%2Fcategories&post=7641"},{"taxonomy":"post_tag","embeddable":true,"href":"https:\/\/vos.homolog.arsnova.work\/index.php?rest_route=%2Fwp%2Fv2%2Ftags&post=7641"}],"curies":[{"name":"wp","href":"https:\/\/api.w.org\/{rel}","templated":true}]}}