{"id":7634,"date":"2020-11-28T19:20:13","date_gmt":"2020-11-28T22:20:13","guid":{"rendered":"https:\/\/vos.homolog.arsnova.work\/?p=7634"},"modified":"2020-11-28T19:21:02","modified_gmt":"2020-11-28T22:21:02","slug":"por-que-tanto-medo-do-comunismo","status":"publish","type":"post","link":"https:\/\/vos.homolog.arsnova.work\/?p=7634","title":{"rendered":"Por que tanto medo do comunismo?"},"content":{"rendered":"<p style=\"text-align: justify\"><span style=\"font-weight: 400\">O segundo turno das elei\u00e7\u00f5es municipais no Brasil tirou do arm\u00e1rio de vez um monstro bem conhecido dos conservadores brasileiros: o fantasma do comunismo. Este monstro j\u00e1 foi usado como justificativa para o golpe militar de 1964, por exemplo. E voltou com tudo nos \u00faltimos anos, ganhando for\u00e7a na campanha presidencial de 2018. Surgiram, ent\u00e3o, argumentos pouco l\u00f3gicos, como o fato de as gest\u00f5es petistas terem sido uma \u201cditadura comunista\u201d no Brasil.<\/span><\/p>\n<h6 style=\"text-align: justify\">AMEA\u00c7AS C\u00cdCLICAS<\/h6>\n<p style=\"text-align: justify\"><span style=\"font-weight: 400\"><a href=\"https:\/\/vos.homolog.arsnova.work\/wp-content\/uploads\/2020\/11\/medo_comunismo.jpeg\"><img loading=\"lazy\" decoding=\"async\" class=\"size-medium wp-image-7635 alignleft\" src=\"https:\/\/vos.homolog.arsnova.work\/wp-content\/uploads\/2020\/11\/medo_comunismo-233x300.jpeg\" alt=\"\" width=\"233\" height=\"300\" srcset=\"https:\/\/vos.homolog.arsnova.work\/wp-content\/uploads\/2020\/11\/medo_comunismo-233x300.jpeg 233w, https:\/\/vos.homolog.arsnova.work\/wp-content\/uploads\/2020\/11\/medo_comunismo.jpeg 720w\" sizes=\"auto, (max-width: 233px) 100vw, 233px\" \/><\/a>Em entrevista \u00e0 coluna Voos Liter\u00e1rios, o historiador Jo\u00e3o de Los Santos comenta que o medo do comunismo como artif\u00edcio pol\u00edtico vem desde a \u00e9poca de Get\u00falio Vargas. \u201cO golpe do Estado Novo foi dado a partir de uma suposta amea\u00e7a comunista. Podemos dizer que a cada 30, 40 anos existe o comunismo sendo usado como amea\u00e7a.&#8221;<\/span><\/p>\n<h6 style=\"text-align: left\">ELEI\u00c7\u00d5ES 2020<\/h6>\n<p style=\"text-align: justify\"><span style=\"font-weight: 400\">Em duas capitais brasileiras, o fantasma de roupa vermelha com o s\u00edmbolo da foice e martelo aparece com mais const\u00e2ncia durante a campanha eleitoral. Em S\u00e3o Paulo, Guilherme Boulos, do PSOL (Partido Socialismo e Solidariedade), volta e meia \u00e9 taxado de comunista e h\u00e1 boatos de que im\u00f3veis residenciais ser\u00e3o invadidos, caso ele ven\u00e7a o pleito. Em Porto Alegre, a situa\u00e7\u00e3o \u00e9 ainda pior. A candidata Manuela D&#8217;\u00c1vila, por ser PC do B (Partido Comunista do Brasil), \u00e9 constantemente alvo de <em>fake news<\/em>. Entre as mais bizarras, est\u00e3o a de que fechar\u00e1 igrejas e liberar\u00e1 o uso de drogas il\u00edcitas se for eleita prefeita da capital ga\u00facha.<\/span><\/p>\n<h6>ST\u00c1LIN EM DESTAQUE<\/h6>\n<p style=\"text-align: justify\"><span style=\"font-weight: 400\">E o tema comunismo chegou a fazer parte de um <a href=\"https:\/\/noticias.uol.com.br\/eleicoes\/2020\/11\/27\/debate-segundo-turno-prefeitura-de-porto-alegre.htm\" target=\"_blank\" rel=\"noopener\">debate<\/a> realizado na televis\u00e3o nesta sexta-feira, dia 27, em Porto Alegre. O candidato Sebasti\u00e3o Melo (MDB) acusou Manuela de ser \u201cstalinista\u201d por integrar o PC do B. A partir desse ataque de Melo, me vieram \u00e0 mente tr\u00eas questionamentos: <\/span><\/p>\n<p style=\"text-align: justify\"><strong>O que isso traz de produtivo para o cen\u00e1rio eleitoral de 2020? <\/strong><\/p>\n<p style=\"text-align: justify\"><strong>Quantos telespectadores realmente sabem quem foi Josef Stalin e sua atua\u00e7\u00e3o pol\u00edtica na Uni\u00e3o Sovi\u00e9tica?<\/strong><\/p>\n<p><strong>Quem realmente entende o que \u00e9 comunismo e socialismo aplicados \u00e0 realidade atual brasileira?<\/strong><\/p>\n<h6><strong>O SURGIMENTO DO SOCIALISMO<\/strong><\/h6>\n<p style=\"text-align: justify\"><span style=\"font-weight: 400\">Para refletir sobre o assunto, \u00e9 interessante voltarmos \u00e0s ra\u00edzes do socialismo. A grosso modo, os ideais socialistas surgiram como uma rea\u00e7\u00e3o \u00e0 Revolu\u00e7\u00e3o Industrial, que trouxe baixos sal\u00e1rios associados a jornadas de trabalho de 14 horas di\u00e1rias, entre outros abusos.\u00a0<\/span><span style=\"font-weight: 400\">Ou seja, a inten\u00e7\u00e3o era lutar contra a mis\u00e9ria reinante entre a classe trabalhadora naquele per\u00edodo hist\u00f3rico.<\/span><\/p>\n<h6>PC do B<\/h6>\n<p style=\"text-align: justify\"><span style=\"font-weight: 400\">Fazendo um corte para o Brasil atual o site do<a href=\"https:\/\/pcdob.org.br\/apresentacao-do-partido\/\" target=\"_blank\" rel=\"noopener\"> PC do B<\/a> enfatiza a trajet\u00f3ria do partido, fundado em 1922, sendo a legenda mais antiga em atividade no pa\u00eds.\u00a0\u00a0<\/span><span style=\"font-weight: 400\">No texto institucional, s\u00e3o destacadas bandeira hist\u00f3ricas comunistas:<\/span><\/p>\n<p style=\"text-align: justify\"><em><span style=\"font-weight: 400\">\u201ccria\u00e7\u00e3o dos direitos sociais e trabalhistas (como a jornada de trabalho de 8 horas di\u00e1rias, o direito a f\u00e9rias, aposentadoria, 13\u00ba sal\u00e1rio, sa\u00fade, educa\u00e7\u00e3o e previd\u00eancia p\u00fablica etc).\u00a0<\/span><span style=\"font-weight: 400\">O PCdoB tamb\u00e9m tem sido um intransigente defensor do Brasil, da independ\u00eancia e soberania da na\u00e7\u00e3o.\u201d<\/span><\/em><\/p>\n<h6 style=\"text-align: justify\">PSOL<\/h6>\n<p style=\"text-align: justify\"><span style=\"font-weight: 400\">J\u00e1 o <a href=\"https:\/\/psol50.org.br\/partido\/historia\/\" target=\"_blank\" rel=\"noopener\">PSOL<\/a>, em seu site oficial, ressalta que em seus 15 anos de exist\u00eancia, segue <em>\u201c<\/em><\/span><em><span style=\"font-weight: 400\">no combate sem tr\u00e9guas em defesa dos direitos trabalhistas, previdenci\u00e1rios, do servi\u00e7o p\u00fablico e contra a agenda conservadora que amea\u00e7a mulheres, negros\/as, a comunidade LGBT, os direitos ind\u00edgenas, entre outros.\u201d<\/span><\/em><\/p>\n<h6 style=\"text-align: justify\">MOTIVOS OCULTOS<\/h6>\n<p style=\"text-align: justify\"><span style=\"font-weight: 400\">Ap\u00f3s analisar as propostas defendidas pelo PC do B e PSOL, fico aqui me perguntando a raz\u00e3o destas\u00a0 lutas serem consideradas amea\u00e7adoras para determinados setores da sociedade. Provavelmente, por interesses econ\u00f4micos de parte da popula\u00e7\u00e3o. Na outra parcela, menos favorecida financeiramente, a desinforma\u00e7\u00e3o me parece ser o motivo por tr\u00e1s de tanto temor.<\/span><\/p>\n<h6 style=\"text-align: justify\"><strong>PRIMEIROS PASSOS<\/strong><\/h6>\n<p style=\"text-align: justify\"><span style=\"font-weight: 400\">E contra a desinforma\u00e7\u00e3o, nada melhor do que a leitura. A s\u00e9rie Primeiros Passos \u00e9 um marco no meio editorial e acad\u00eamico no Brasil. A cole\u00e7\u00e3o foi criada pela Editora Brasiliense na d\u00e9cada de 1970 e seus livros de bolso marcaram gera\u00e7\u00f5es.\u00a0<\/span><span style=\"font-weight: 400\">A sugest\u00e3o de leitura para ajudar nessa conjuntura politica s\u00e3o os volumes <a href=\"https:\/\/www.amazon.com.br\/que-%C3%A9-socialismo-Primeiros-Passos-ebook\/dp\/B074JK8N89\" target=\"_blank\" rel=\"noopener\"><em>O que \u00e9 socialismo?<\/em><\/a> e <a href=\"https:\/\/www.amazon.com.br\/que-%C3%A9-comunismo-Primeiros-Passos-ebook\/dp\/B0788XRQ3C\" target=\"_blank\" rel=\"noopener\"><em>O que \u00e9 comunismo?<\/em><\/a>, os dois escritos pelo soci\u00f3logo Arnaldo Spindel.\u00a0<\/span><\/p>\n<p style=\"text-align: justify\"><span style=\"font-weight: 400\">N\u00e3o sei se quem tem medo do comunismo vai se dispor a ler algo a respeito do tema, mas acredito que a tentativa \u00e9 v\u00e1lida. Vai que a pessoa perceba que \u00e9 imposs\u00edvel\u00a0 implementar uma ditadura comunista em apenas uma cidade?<\/span><\/p>\n<h6>MEDO SEM SENTIDO<\/h6>\n<p style=\"text-align: justify\"><span style=\"font-weight: 400\">O historiador Jo\u00e3o de Los Santos concorda que este aspecto \u00e9 in\u00e9dito no quesito medo do comunismo. \u201cPela primeira vez, \u00e9 uma amea\u00e7a em n\u00edvel municipal. O PT teve a oportunidade durante 14 anos de dar um golpe de Estado comunista no Brasil. Isso n\u00e3o aconteceu. Mas quem vai dar esse golpe \u00e9 uma prefeita de uma cidade em um estado conservador como \u00e9 o Rio Grande do Sul atualmente?\u201d, analisa, demonstrando o absurdo desse temor.\u00a0\u00a0<\/span><\/p>\n<p style=\"text-align: justify\"><span style=\"font-weight: 400\">Procurando ser otimista, espero que, com o tempo, esse pessoal que morre de medo da amea\u00e7a comunista perceba que o capitalismo \u00e9 o verdadeiro monstro a ser combatido.\u00a0<\/span><strong>Sigamos na luta, cada um a seu modo. Bom voto amanh\u00e3!<\/strong><\/p>\n<p><em>Imagens: Internet\/Reprodu\u00e7\u00e3o<\/em><\/p>\n<p>&nbsp;<\/p>\n","protected":false},"excerpt":{"rendered":"<p>O segundo turno das elei\u00e7\u00f5es municipais no Brasil tirou do arm\u00e1rio de vez um monstro bem conhecido dos conservadores brasileiros: [&hellip;]<\/p>\n","protected":false},"author":5,"featured_media":7636,"comment_status":"open","ping_status":"open","sticky":false,"template":"","format":"standard","meta":{"_acf_changed":false,"footnotes":""},"categories":[4],"tags":[2387,2365,2388,1321,2384,2385,2386],"class_list":["post-7634","post","type-post","status-publish","format-standard","has-post-thumbnail","hentry","category-voos-literarios","tag-arnaldo-spindel","tag-eleicoes-2020","tag-guilherme-boulos","tag-manuela-davila","tag-medo-do-comunismo","tag-o-que-e-comunismo","tag-o-que-e-socialismo"],"acf":[],"_links":{"self":[{"href":"https:\/\/vos.homolog.arsnova.work\/index.php?rest_route=\/wp\/v2\/posts\/7634","targetHints":{"allow":["GET"]}}],"collection":[{"href":"https:\/\/vos.homolog.arsnova.work\/index.php?rest_route=\/wp\/v2\/posts"}],"about":[{"href":"https:\/\/vos.homolog.arsnova.work\/index.php?rest_route=\/wp\/v2\/types\/post"}],"author":[{"embeddable":true,"href":"https:\/\/vos.homolog.arsnova.work\/index.php?rest_route=\/wp\/v2\/users\/5"}],"replies":[{"embeddable":true,"href":"https:\/\/vos.homolog.arsnova.work\/index.php?rest_route=%2Fwp%2Fv2%2Fcomments&post=7634"}],"version-history":[{"count":0,"href":"https:\/\/vos.homolog.arsnova.work\/index.php?rest_route=\/wp\/v2\/posts\/7634\/revisions"}],"wp:featuredmedia":[{"embeddable":true,"href":"https:\/\/vos.homolog.arsnova.work\/index.php?rest_route=\/wp\/v2\/media\/7636"}],"wp:attachment":[{"href":"https:\/\/vos.homolog.arsnova.work\/index.php?rest_route=%2Fwp%2Fv2%2Fmedia&parent=7634"}],"wp:term":[{"taxonomy":"category","embeddable":true,"href":"https:\/\/vos.homolog.arsnova.work\/index.php?rest_route=%2Fwp%2Fv2%2Fcategories&post=7634"},{"taxonomy":"post_tag","embeddable":true,"href":"https:\/\/vos.homolog.arsnova.work\/index.php?rest_route=%2Fwp%2Fv2%2Ftags&post=7634"}],"curies":[{"name":"wp","href":"https:\/\/api.w.org\/{rel}","templated":true}]}}