{"id":7621,"date":"2020-11-27T09:05:58","date_gmt":"2020-11-27T12:05:58","guid":{"rendered":"https:\/\/vos.homolog.arsnova.work\/?p=7621"},"modified":"2020-11-27T09:38:40","modified_gmt":"2020-11-27T12:38:40","slug":"racismo-nao-e-privilegio","status":"publish","type":"post","link":"https:\/\/vos.homolog.arsnova.work\/?p=7621","title":{"rendered":"Racismo n\u00e3o \u00e9 privil\u00e9gio"},"content":{"rendered":"<h6><em>Por Leandro Godinho*<\/em><\/h6>\n<p><a href=\"https:\/\/vos.homolog.arsnova.work\/wp-content\/uploads\/2020\/11\/MontagemLG.jpg\"><img loading=\"lazy\" decoding=\"async\" class=\"alignnone size-full wp-image-7630\" src=\"https:\/\/vos.homolog.arsnova.work\/wp-content\/uploads\/2020\/11\/MontagemLG.jpg\" alt=\"\" width=\"1200\" height=\"700\" srcset=\"https:\/\/vos.homolog.arsnova.work\/wp-content\/uploads\/2020\/11\/MontagemLG.jpg 1200w, https:\/\/vos.homolog.arsnova.work\/wp-content\/uploads\/2020\/11\/MontagemLG-300x175.jpg 300w, https:\/\/vos.homolog.arsnova.work\/wp-content\/uploads\/2020\/11\/MontagemLG-768x448.jpg 768w, https:\/\/vos.homolog.arsnova.work\/wp-content\/uploads\/2020\/11\/MontagemLG-1024x597.jpg 1024w\" sizes=\"auto, (max-width: 1200px) 100vw, 1200px\" \/><\/a><\/p>\n<p id=\"3896\" class=\"gu gv fj gw b gx rf fl gy gz rg fo ha hb rh hc hd he ri hf hg hh rj hi hj hk da ez\" style=\"text-align: justify;\" data-selectable-paragraph=\"\">Tomo a liberdade de considerar que se voc\u00ea est\u00e1 lendo esse texto, \u00e9 porque j\u00e1 sabe que, na noite de 19 de novembro passada, Jo\u00e3o Alberto Silveira Freitas foi espancado at\u00e9 a morte por duas pessoas que trabalhavam na seguran\u00e7a do supermercado Carrefour, em Porto Alegre.<\/p>\n<h5 class=\"gu gv fj gw b gx rf fl gy gz rg fo ha hb rh hc hd he ri hf hg hh rj hi hj hk da ez\" style=\"text-align: center;\">.<\/h5>\n<h5 class=\"gu gv fj gw b gx rf fl gy gz rg fo ha hb rh hc hd he ri hf hg hh rj hi hj hk da ez\" style=\"text-align: center;\">Jo\u00e3o Alberto, o Beto, era um negro<\/h5>\n<h5 class=\"gu gv fj gw b gx rf fl gy gz rg fo ha hb rh hc hd he ri hf hg hh rj hi hj hk da ez\" style=\"text-align: center;\">.<\/h5>\n<p id=\"3097\" class=\"gu gv fj gw b gx rf fl gy gz rg fo ha hb rh hc hd he ri hf hg hh rj hi hj hk da ez\" style=\"text-align: justify;\" data-selectable-paragraph=\"\">Muito j\u00e1 foi dito sobre o ocorrido. Dentro desse muito,\u00a0<a class=\"df hm\" href=\"https:\/\/vos.homolog.arsnova.work\/podcasts\/bsv-especial-coronavirus-33-ate-quando-joao-alberto-vai-morrer\/\" target=\"_blank\" rel=\"noopener nofollow\">uma edi\u00e7\u00e3o do podcast Bendita Sois V\u00f3s, publicado nesta quarta-feira, dia 25<\/a>, que trouxe para a sua bancada outros dois jornalistas: Maikio Guimar\u00e3es e Marcelo Nepomuceno. Aos 12 minutos e 20 segundos do programa, Ge\u00f3rgia Santos, a apresentadora do podcast, elabora uma pergunta que me fez sentar aqui para escrever essa esp\u00e9cie torta de resposta, ou tr\u00e9plica \u2014 porque a pergunta, na verdade, foi respondida durante a grava\u00e7\u00e3o por Nepomuceno: <strong>aconteceria com uma pessoa branca o que aconteceu com o Beto?<\/strong><\/p>\n<p id=\"f184\" class=\"gu gv fj gw b gx rf fl gy gz rg fo ha hb rh hc hd he ri hf hg hh rj hi hj hk da ez\" style=\"text-align: justify;\" data-selectable-paragraph=\"\">Grande parte da trag\u00e9dia do nosso racismo, para mim, passa pela dificuldade de responder a essa pergunta. N\u00e3o porque o racismo seja algo dif\u00edcil de ser visto no Brasil. Algu\u00e9m que esteja lendo essa frase nunca ouviu ou contou uma\u00a0<em class=\"rk\">piada de preto<\/em>\u00a0na inf\u00e2ncia? Algu\u00e9m nunca ouviu a frase \u201cpreto correndo \u00e9 ladr\u00e3o\u201d? \u201c<a class=\"df hm\" href=\"http:\/\/www.letrasdemusicas.fm\/anjos-do-inferno\/nega-do-cabelo-duro\" target=\"_blank\" rel=\"noopener nofollow\">N\u00eaga do cabelo duro<\/a>\u201d n\u00e3o \u00e9 t\u00edtulo de apenas um grande sucesso do cancioneiro musical brasileiro, mas de\u00a0<a class=\"df hm\" href=\"https:\/\/www.youtube.com\/watch?v=M9Ri3ypTOt4\" target=\"_blank\" rel=\"noopener nofollow\">dois<\/a>. (E n\u00e3o estou citando todo um universo de dados computados que nos dizem, h\u00e1 anos, que a pele negra torna a vida de qualquer pessoa, mas em especial de pobres e mulheres, muito mais dif\u00edcil no Brasil \u2014 o que n\u00e3o \u00e9 privil\u00e9gio nosso, porque o mesmo fen\u00f4meno acontece no mundo todo.)<\/p>\n<p id=\"40f1\" class=\"gu gv fj gw b gx rf fl gy gz rg fo ha hb rh hc hd he ri hf hg hh rj hi hj hk da ez\" style=\"text-align: justify;\" data-selectable-paragraph=\"\">A trag\u00e9dia, penso, \u00e9 que mesmo dentro dessa realidade, uma realidade onde a gente sabe o nome das pessoas negras que, por exemplo, sentam na bancada de um telejornal (porque todas as outras s\u00e3o brancas), ou s\u00e3o nomeadas para o Supremo Tribunal Federal (porque todas as outras s\u00e3o brancas), ou chegam a qualquer lugar de destaque onde as pessoas s\u00e3o sempre, sempre, sempre brancas, o racismo n\u00e3o vira um assunto.<\/p>\n<h5 id=\"9649\" class=\"gu gv fj gw b gx rf fl gy gz rg fo ha hb rh hc hd he ri hf hg hh rj hi hj hk da ez\" style=\"text-align: center;\">.<\/h5>\n<h5 class=\"gu gv fj gw b gx rf fl gy gz rg fo ha hb rh hc hd he ri hf hg hh rj hi hj hk da ez\" style=\"text-align: center;\">Porque para ser assunto, o racismo ainda precisa do aval das pessoas brancas, que n\u00e3o s\u00e3o as v\u00edtimas<\/h5>\n<h5 class=\"gu gv fj gw b gx rf fl gy gz rg fo ha hb rh hc hd he ri hf hg hh rj hi hj hk da ez\" style=\"text-align: center;\">.<\/h5>\n<p id=\"9b04\" class=\"gu gv fj gw b gx rf fl gy gz rg fo ha hb rh hc hd he ri hf hg hh rj hi hj hk da ez\" style=\"text-align: justify;\" data-selectable-paragraph=\"\">Acontece que n\u00e3o basta ser branco para n\u00e3o ser um fodido no Brasil. Existem pessoas brancas e pobres, e mais do que apenas pobres, mas fodidas \u2014 sem a perspectiva do acesso a uma vida melhor. Essas pessoas tamb\u00e9m s\u00e3o maltratadas pelo pa\u00eds, pela vida, tamb\u00e9m est\u00e3o sujeitas ao que a vida reserva para quem n\u00e3o pode pagar plano de sa\u00fade, escola particular, condom\u00ednio: elas tamb\u00e9m n\u00e3o podem passear no shopping, entrar nos bancos, frequentar salas de embarque de aeroportos sem parecer corpos estranhos.<\/p>\n<p id=\"dccc\" class=\"gu gv fj gw b gx rf fl gy gz rg fo ha hb rh hc hd he ri hf hg hh rj hi hj hk da ez\" style=\"text-align: justify;\" data-selectable-paragraph=\"\">Talvez para essas pessoas, quando um negro acusa o racismo, ele est\u00e1 se valendo de algo que ela n\u00e3o tem \u2014 a pele negra \u2014 para fugir dessa mis\u00e9ria. O racismo, que \u00e9 crime, pode ser confundido com uma esp\u00e9cie de privil\u00e9gio dentro da nossa trag\u00e9dia racial. Para essas pessoas, ser vista como algu\u00e9m a ser esculachado porque parece pobre demais para ter direito a ter voz tamb\u00e9m deve ser uma realidade muito concreta. Quando uma pessoa negra aponta o racismo, essa pessoa percebe que perdeu mais uma vez: se acontecer comigo, o que vou dizer?<\/p>\n<h5 id=\"8351\" class=\"gu gv fj gw b gx rf fl gy gz rg fo ha hb rh hc hd he ri hf hg hh rj hi hj hk da ez\" style=\"text-align: center;\">.<\/h5>\n<h5 class=\"gu gv fj gw b gx rf fl gy gz rg fo ha hb rh hc hd he ri hf hg hh rj hi hj hk da ez\" style=\"text-align: center;\">Mas \u00e9 claro: quando acontece, a gente sabe, a v\u00edtima tem pele negra<\/h5>\n<h5 class=\"gu gv fj gw b gx rf fl gy gz rg fo ha hb rh hc hd he ri hf hg hh rj hi hj hk da ez\" style=\"text-align: center;\">.<\/h5>\n<p id=\"9811\" class=\"gu gv fj gw b gx rf fl gy gz rg fo ha hb rh hc hd he ri hf hg hh rj hi hj hk da ez\" style=\"text-align: justify;\" data-selectable-paragraph=\"\">N\u00e3o \u00e9 \u00e0 toa que moramos num pa\u00eds onde minorias lutam para que racismo, feminic\u00eddio e homofobia sejam judicializados. Isso n\u00e3o \u00e9 privil\u00e9gio. Ser negro, ser mulher e ser gay nesse pa\u00eds n\u00e3o \u00e9 privil\u00e9gio. Pessoas negras, mulheres e gays sofrem viol\u00eancias cotidianas porque apenas s\u00e3o. Estar bem vestido n\u00e3o garante a quem tem pele negra a seguran\u00e7a de dormir em casa.<\/p>\n<p id=\"f7ba\" class=\"gu gv fj gw b gx rf fl gy gz rg fo ha hb rh hc hd he ri hf hg hh rj hi hj hk da ez\" style=\"text-align: justify;\" data-selectable-paragraph=\"\"><strong>Beto, lembremos, estava com a sua esposa na fila de um supermercado, pagando as compras. Algo se passou nessa cena que atraiu os seguran\u00e7as para Beto e partir da\u00ed, Beto deixou de ser um homem para ser um negro que n\u00e3o aceitou o esculacho. E foi assim que mataram mais um preto no Brasil.<\/strong><a href=\"https:\/\/vos.homolog.arsnova.work\/wp-content\/uploads\/2020\/11\/LeandroGodinho-1.jpg\"><img loading=\"lazy\" decoding=\"async\" class=\"aligncenter wp-image-7623 size-thumbnail\" src=\"https:\/\/vos.homolog.arsnova.work\/wp-content\/uploads\/2020\/11\/LeandroGodinho-1-150x150.jpg\" alt=\"\" width=\"150\" height=\"150\" srcset=\"https:\/\/vos.homolog.arsnova.work\/wp-content\/uploads\/2020\/11\/LeandroGodinho-1-150x150.jpg 150w, https:\/\/vos.homolog.arsnova.work\/wp-content\/uploads\/2020\/11\/LeandroGodinho-1-300x300.jpg 300w, https:\/\/vos.homolog.arsnova.work\/wp-content\/uploads\/2020\/11\/LeandroGodinho-1-370x370.jpg 370w\" sizes=\"auto, (max-width: 150px) 100vw, 150px\" \/><\/a><\/p>\n<h6 style=\"text-align: center;\">*Leandro Godinho, servidor p\u00fablico<\/h6>\n<p style=\"text-align: center;\" data-selectable-paragraph=\"\"><em>Texto originalmente publicado na p\u00e1gina <a href=\"https:\/\/medium.com\/pe%C3%A7o-perd%C3%A3o\/racismo-n%C3%A3o-%C3%A9-privil%C3%A9gio-6ef9507bfa8f\" target=\"_blank\" rel=\"noopener\">Pe\u00e7o Perd\u00e3o<\/a>, no Medium<\/em><\/p>\n<p data-selectable-paragraph=\"\">.<\/p>\n<p data-selectable-paragraph=\"\"><em>Imagem: montagem com foto de Luiza Castro, do<a href=\"https:\/\/www.sul21.com.br\/\" target=\"_blank\" rel=\"noopener\"> Sul 21<\/a>, durante protesto realizado em Porto Alegre em 20\/11\/2020<\/em><\/p>\n","protected":false},"excerpt":{"rendered":"<p>Por Leandro Godinho* Tomo a liberdade de considerar que se voc\u00ea est\u00e1 lendo esse texto, \u00e9 porque j\u00e1 sabe que, [&hellip;]<\/p>\n","protected":false},"author":19,"featured_media":7630,"comment_status":"open","ping_status":"open","sticky":false,"template":"","format":"standard","meta":{"_acf_changed":false,"footnotes":""},"categories":[376],"tags":[],"class_list":["post-7621","post","type-post","status-publish","format-standard","has-post-thumbnail","hentry","category-reportagens-especiais"],"acf":[],"_links":{"self":[{"href":"https:\/\/vos.homolog.arsnova.work\/index.php?rest_route=\/wp\/v2\/posts\/7621","targetHints":{"allow":["GET"]}}],"collection":[{"href":"https:\/\/vos.homolog.arsnova.work\/index.php?rest_route=\/wp\/v2\/posts"}],"about":[{"href":"https:\/\/vos.homolog.arsnova.work\/index.php?rest_route=\/wp\/v2\/types\/post"}],"author":[{"embeddable":true,"href":"https:\/\/vos.homolog.arsnova.work\/index.php?rest_route=\/wp\/v2\/users\/19"}],"replies":[{"embeddable":true,"href":"https:\/\/vos.homolog.arsnova.work\/index.php?rest_route=%2Fwp%2Fv2%2Fcomments&post=7621"}],"version-history":[{"count":0,"href":"https:\/\/vos.homolog.arsnova.work\/index.php?rest_route=\/wp\/v2\/posts\/7621\/revisions"}],"wp:featuredmedia":[{"embeddable":true,"href":"https:\/\/vos.homolog.arsnova.work\/index.php?rest_route=\/wp\/v2\/media\/7630"}],"wp:attachment":[{"href":"https:\/\/vos.homolog.arsnova.work\/index.php?rest_route=%2Fwp%2Fv2%2Fmedia&parent=7621"}],"wp:term":[{"taxonomy":"category","embeddable":true,"href":"https:\/\/vos.homolog.arsnova.work\/index.php?rest_route=%2Fwp%2Fv2%2Fcategories&post=7621"},{"taxonomy":"post_tag","embeddable":true,"href":"https:\/\/vos.homolog.arsnova.work\/index.php?rest_route=%2Fwp%2Fv2%2Ftags&post=7621"}],"curies":[{"name":"wp","href":"https:\/\/api.w.org\/{rel}","templated":true}]}}