{"id":7608,"date":"2020-11-25T17:00:11","date_gmt":"2020-11-25T20:00:11","guid":{"rendered":"https:\/\/vos.homolog.arsnova.work\/?p=7608"},"modified":"2020-11-25T15:44:44","modified_gmt":"2020-11-25T18:44:44","slug":"bsv-especial-coronavirus-33-ate-quando-joao-alberto-vai-morrer","status":"publish","type":"post","link":"https:\/\/vos.homolog.arsnova.work\/?p=7608","title":{"rendered":"BSV Especial Coronav\u00edrus #33 At\u00e9 quando Jo\u00e3o Alberto vai morrer?"},"content":{"rendered":"<p style=\"text-align: justify;\"><strong>No dia 19 de novembro de 2020, Jo\u00e3o Alberto Silveira Freitas foi espancado at\u00e9 a morte por duas pessoas que deveriam garantir a seguran\u00e7a do supermercado Carrefour, em Porto Alegre. <\/strong><\/p>\n<h5 style=\"text-align: center;\">.<\/h5>\n<h5 style=\"text-align: center;\">Beto foi assassinado na porta do mercado<\/h5>\n<h5 style=\"text-align: center;\">Beto foi assassinado \u00e0s v\u00e9speras do Dia da Consci\u00eancia Negra<\/h5>\n<h5 style=\"text-align: center;\">Beto era negro<\/h5>\n<h5 style=\"text-align: center;\">.<\/h5>\n<p style=\"text-align: justify;\">O vice-presidente da Rep\u00fablica, General Hamilton Mour\u00e3o, lamentou a morte de Beto, mas disse que n\u00e3o h\u00e1 racismo no Brasil. <a href=\"https:\/\/oglobo.globo.com\/brasil\/vice-de-bolsonaro-diz-que-brasileiro-herdou-indolencia-do-indio-malandragem-do-africano-22955042\" target=\"_blank\" rel=\"noopener\">Mas n\u00f3s n\u00e3o esquecemos daquele que disse que n\u00f3s herdamos a &#8220;malandragem do africano&#8221;.<\/a><\/p>\n<p style=\"text-align: justify;\">O presidente da Rep\u00fablica, Jair Bolsonaro, disse que \u00e9 dalt\u00f4nico. Para ele, todos tem a mesma cor. Para ele, quem fala em racismo instiga o povo \u00e0 disc\u00f3rdia, promove conflitos e pertence ao lixo. <a href=\"https:\/\/congressoemfoco.uol.com.br\/especial\/noticias\/bolsonaro-quilombola-nao-serve-nem-para-procriar\/\" target=\"_blank\" rel=\"noopener\">Mas n\u00f3s n\u00e3o esquecemos daquele que falou dos quilombolas que pesavam &#8220;sete arrobas&#8221; e &#8220;n\u00e3o serviam nem pra procriar&#8221;.<\/a><\/p>\n<h5 style=\"text-align: center;\">.<\/h5>\n<h5 style=\"text-align: center;\">Diante disso, do descaso das autoridades, do descaso da sociedade diante dessa estrutura perversa que continua a promover a opress\u00e3o do povo negro, n\u00f3s perguntamos: at\u00e9 quando o Jo\u00e3o Alberto vai morrer?<\/h5>\n<h5 style=\"text-align: center;\">.<\/h5>\n<p style=\"text-align: justify;\">\nPorque Jo\u00e3o Alberto morreu tamb\u00e9m por nossa culpa. Do Mour\u00e3o, do Bolsonaro, tua e minha. Porque tu\u00edte ou quadrado de luto no instagram n\u00e3o combatem racismo. Precisa mais que isso.<\/p>\n<p style=\"text-align: justify;\">Ao V\u00f3s, cabe tratar do tema \u00e0 exaust\u00e3o. Por isso hoje n\u00f3s convidamos o jornalista e professor universit\u00e1rio <strong>Maikio Guimar\u00e3es<\/strong>, que, ao longo do epis\u00f3dio, traz os principais argumentos do discurso racista &#8211; e como combat\u00ea-lo. E com o jornalista <strong>Marcelo Nepomuceno<\/strong>, pra conversarmos sobre a pol\u00edtica perversa que perpetua a l\u00f3gica racista no pa\u00eds.<\/p>\n<p><strong>Participam do programa os jornalistas Ge\u00f3rgia Santos, Fl\u00e1via Cunha, Igor Natusch e T\u00e9rcio Saccol.\u00a0Voc\u00ea tamb\u00e9m pode ouvir o epis\u00f3dio no\u00a0<a href=\"https:\/\/open.spotify.com\/show\/5I8zWzbmuDvEx9Wp6Gtnyd\" target=\"_blank\" rel=\"noopener\">Spotify<\/a>,\u00a0<a href=\"https:\/\/podcasts.apple.com\/us\/podcast\/bendita-sois-v%C3%B3s\/id1436913300\" target=\"_blank\" rel=\"noopener\">Itunes<\/a>\u00a0e\u00a0<a href=\"https:\/\/castbox.fm\/channel\/Bendita-Sois-V%C3%B3s-id1474946?country=br\" target=\"_blank\" rel=\"noopener\">Castbox<\/a>.\u00a0<\/strong><\/p>\n<p style=\"text-align: center;\"><iframe loading=\"lazy\" src=\"https:\/\/w.soundcloud.com\/player\/?url=https%3A\/\/api.soundcloud.com\/tracks\/935976841%3Fsecret_token%3Ds-t9g4szlYws3&amp;color=%23ff5500&amp;auto_play=false&amp;hide_related=false&amp;show_comments=true&amp;show_user=true&amp;show_reposts=false&amp;show_teaser=true&amp;visual=true\" width=\"100%\" height=\"300\" frameborder=\"no\" scrolling=\"no\"><\/iframe><\/p>\n<div style=\"font-size: 10px; color: #cccccc; line-break: anywhere; word-break: normal; overflow: hidden; white-space: nowrap; text-overflow: ellipsis; font-family: Interstate, 'Lucida Grande', 'Lucida Sans Unicode', 'Lucida Sans', Garuda, Verdana, Tahoma, sans-serif; font-weight: 100; text-align: center;\"><a style=\"color: #cccccc; text-decoration: none;\" title=\"V\u00f3s Pessoas no Plural\" href=\"https:\/\/soundcloud.com\/vos-social\" target=\"_blank\" rel=\"noopener\">V\u00f3s Pessoas no Plural<\/a> \u00b7 <a style=\"color: #cccccc; text-decoration: none;\" title=\"BSV Especial Coronav\u00edrus #33 At\u00e9 quando Jo\u00e3o Alberto vai morrer?\" href=\"https:\/\/soundcloud.com\/vos-social\/bsv-especial-coronavirus-33-ate-quando-joao-alberto-vai-morrer\/s-t9g4szlYws3\" target=\"_blank\" rel=\"noopener\">BSV Especial Coronav\u00edrus #33 At\u00e9 quando Jo\u00e3o Alberto vai morrer?<\/a><\/div>\n","protected":false},"excerpt":{"rendered":"<p>No dia 19 de novembro de 2020, Jo\u00e3o Alberto Silveira Freitas foi espancado at\u00e9 a morte por duas pessoas que [&hellip;]<\/p>\n","protected":false},"author":3,"featured_media":7609,"comment_status":"open","ping_status":"open","sticky":false,"template":"","format":"standard","meta":{"_acf_changed":false,"footnotes":""},"categories":[1541],"tags":[2241,2378,2382,870,800,2375,2374,1820,228,289],"class_list":["post-7608","post","type-post","status-publish","format-standard","has-post-thumbnail","hentry","category-podcasts","tag-antirracismo","tag-assassinato","tag-beto","tag-bolsonaro","tag-brasil","tag-carrefour","tag-joao-alberto","tag-mourao","tag-politica","tag-racismo"],"acf":[],"_links":{"self":[{"href":"https:\/\/vos.homolog.arsnova.work\/index.php?rest_route=\/wp\/v2\/posts\/7608","targetHints":{"allow":["GET"]}}],"collection":[{"href":"https:\/\/vos.homolog.arsnova.work\/index.php?rest_route=\/wp\/v2\/posts"}],"about":[{"href":"https:\/\/vos.homolog.arsnova.work\/index.php?rest_route=\/wp\/v2\/types\/post"}],"author":[{"embeddable":true,"href":"https:\/\/vos.homolog.arsnova.work\/index.php?rest_route=\/wp\/v2\/users\/3"}],"replies":[{"embeddable":true,"href":"https:\/\/vos.homolog.arsnova.work\/index.php?rest_route=%2Fwp%2Fv2%2Fcomments&post=7608"}],"version-history":[{"count":0,"href":"https:\/\/vos.homolog.arsnova.work\/index.php?rest_route=\/wp\/v2\/posts\/7608\/revisions"}],"wp:featuredmedia":[{"embeddable":true,"href":"https:\/\/vos.homolog.arsnova.work\/index.php?rest_route=\/wp\/v2\/media\/7609"}],"wp:attachment":[{"href":"https:\/\/vos.homolog.arsnova.work\/index.php?rest_route=%2Fwp%2Fv2%2Fmedia&parent=7608"}],"wp:term":[{"taxonomy":"category","embeddable":true,"href":"https:\/\/vos.homolog.arsnova.work\/index.php?rest_route=%2Fwp%2Fv2%2Fcategories&post=7608"},{"taxonomy":"post_tag","embeddable":true,"href":"https:\/\/vos.homolog.arsnova.work\/index.php?rest_route=%2Fwp%2Fv2%2Ftags&post=7608"}],"curies":[{"name":"wp","href":"https:\/\/api.w.org\/{rel}","templated":true}]}}