{"id":7578,"date":"2020-11-21T21:36:50","date_gmt":"2020-11-22T00:36:50","guid":{"rendered":"https:\/\/vos.homolog.arsnova.work\/?p=7578"},"modified":"2020-11-22T13:22:37","modified_gmt":"2020-11-22T16:22:37","slug":"por-um-mundo-com-menos-racismo","status":"publish","type":"post","link":"https:\/\/vos.homolog.arsnova.work\/?p=7578","title":{"rendered":"Por um mundo com menos racismo"},"content":{"rendered":"<p style=\"text-align: justify\"><span style=\"font-weight: 400\">Senti a sexta-feira do Dia da Consci\u00eancia Negra como uma porrada na cara, por ser uma branca privilegiada, ainda que consciente do racismo estrutural existente no Brasil. De madrugada, recebi por whatsapp o v\u00eddeo de um homem negro sendo cruelmente espancado e a not\u00edcia de sua morte. Aos poucos, as redes sociais e os notici\u00e1rios foram ficando repletos das revoltantes informa\u00e7\u00f5es. Ficamos todos sabendo que Jo\u00e3o Alberto Silveira Freitas, de 40 anos, foi surrado at\u00e9 a morte por seguran\u00e7as do supermercado Carrefour, na zona norte de Porto Alegre. O brutal assassinato de Beto gerou uma onda de protestos em diversas cidades brasileiras e teve repercuss\u00e3o internacional na imprensa.\u00a0<\/span><\/p>\n<h6 style=\"text-align: justify\"><strong>SENTI VERGONHA POR SER BRANCA<\/strong><\/h6>\n<p style=\"text-align: justify\"><span style=\"font-weight: 400\">Enquanto me solidarizava \u00e0s manifesta\u00e7\u00f5es de rep\u00fadio a esse cruel assassinato de um homem negro, o lado t\u00f3xico das redes sociais me trouxe vergonha por ser branca. Em um dia em que permaneci trabalhando meio anestesiada em frente ao computador, observei relativiza\u00e7\u00f5es do racismo envolvendo o caso, tentativas de culpar a v\u00edtima e defesa do Carrefour ap\u00f3s protestos mais \u201cviolentos\u201d. O patrim\u00f4nio de uma empresa ser atingido durante protestos \u00e9 pior do que um assassinato motivado por racismo? Para boa parte dos<\/span><span style=\"font-weight: 400\">\u00a0brasileiros, em especial brancos e de classe m\u00e9dia, sim. Essas declara\u00e7\u00f5es m\u00edopes na Internet demonstram o quanto ainda temos a avan\u00e7ar enquanto sociedade.<\/span><\/p>\n<h6><strong>MAS O QUE PODEMOS FAZER PARA COMBATER O RACISMO?<\/strong><\/h6>\n<p><span style=\"font-weight: 400\">Em primeiro lugar, \u00e9 preciso enxerg\u00e1-lo:<\/span><\/p>\n<h6><em><span style=\"font-weight: 400\">\u201cO RACISMO EST\u00c1 EM TODO O LUGAR<\/span><\/em><\/h6>\n<h6><em><span style=\"font-weight: 400\">[&#8230;] Ele est\u00e1 na estrutura da sociedade. Para pessoas brancas, ele pode n\u00e3o estar t\u00e3o claro. Mas para pessoas negras, ele \u00e9 vis\u00edvel todos os dias. E,por conta dele, somos invisibilizados.\u201d<\/span><\/em><\/h6>\n<p style=\"text-align: justify\"><span style=\"font-weight: 400\">O trecho acima \u00e9 do livro <a href=\"https:\/\/www.belasletras.com.br\/produto\/uma-atitude-por-dia-por-um-mundo-com-menos-racismo-167\" target=\"_blank\" rel=\"noopener\"><em>Uma atitude por dia: Por um mundo com menos racismo<\/em><\/a>, de\u00a0<\/span><span style=\"font-weight: 400\">Gabriela Oliveira. A escritora, designer e empreendedora concedeu uma entrevista para as redes sociais da minha produtora nesta sexta-feira. Gabriela come\u00e7ou a live com as seguintes reflex\u00f5es:<\/span><\/p>\n<h6 style=\"text-align: justify\"><strong><a href=\"https:\/\/vos.homolog.arsnova.work\/wp-content\/uploads\/2020\/11\/protesto_2_racismo.jpeg\"><img loading=\"lazy\" decoding=\"async\" class=\"size-medium wp-image-7586 alignleft\" src=\"https:\/\/vos.homolog.arsnova.work\/wp-content\/uploads\/2020\/11\/protesto_2_racismo-300x199.jpeg\" alt=\"\" width=\"300\" height=\"199\" srcset=\"https:\/\/vos.homolog.arsnova.work\/wp-content\/uploads\/2020\/11\/protesto_2_racismo-300x199.jpeg 300w, https:\/\/vos.homolog.arsnova.work\/wp-content\/uploads\/2020\/11\/protesto_2_racismo-768x511.jpeg 768w, https:\/\/vos.homolog.arsnova.work\/wp-content\/uploads\/2020\/11\/protesto_2_racismo-1024x681.jpeg 1024w, https:\/\/vos.homolog.arsnova.work\/wp-content\/uploads\/2020\/11\/protesto_2_racismo-270x180.jpeg 270w, https:\/\/vos.homolog.arsnova.work\/wp-content\/uploads\/2020\/11\/protesto_2_racismo-370x247.jpeg 370w, https:\/\/vos.homolog.arsnova.work\/wp-content\/uploads\/2020\/11\/protesto_2_racismo-110x73.jpeg 110w, https:\/\/vos.homolog.arsnova.work\/wp-content\/uploads\/2020\/11\/protesto_2_racismo.jpeg 1280w\" sizes=\"auto, (max-width: 300px) 100vw, 300px\" \/><\/a>\u00a0\u201cO assassinato de Jo\u00e3o Alberto Silveira Freitas se soma, infelizmente, a muitos outros. Corpos negros, independente da idade, s\u00e3o alvos da viol\u00eancia gratuita motivada pelo racismo no Brasil.\u201d\u00a0\u00a0<\/strong><\/h6>\n<h6 style=\"text-align: justify\"><strong>\u201cAs empresas n\u00e3o pegam para si a responsabilidade sobre casos de viol\u00eancia como esse ocorrido no Carrefour. Tanto que a empresa s\u00f3 emitiu uma nota de rep\u00fadio. Isso n\u00e3o \u00e9 suficiente.\u201d<\/strong><\/h6>\n<p style=\"text-align: justify\"><span style=\"font-weight: 400\">Durante a entrevista, Gabriela trouxe muitas sugest\u00f5es pr\u00e1ticas de como cada um, dentro de sua realidade, pode contribuir para combater o racismo. Precisamos, em primeiro lugar, fazer com que\u00a0 as pessoas parem de negar sua exist\u00eancia. Evidentemente, isso \u00e9 dif\u00edcil em um pa\u00eds onde o presidente da Rep\u00fablica e seu vice fazem o desservi\u00e7o criminoso de declarar que o Brasil n\u00e3o \u00e9 um pa\u00eds racista. Aos brancos, como eu, cabe apoiar e engajar-se nessa luta, para mostrar que vidas negras importam.<\/span><\/p>\n<p><span style=\"font-weight: 400\">Como Gabriela ensina, neste trecho de seu livro:<\/span><\/p>\n<h6><em><span style=\"font-weight: 400\">\u201cPessoas brancas precisam entender seu papel no combate ao racismo. Entender seu lugar de fala, agir a partir dele e se aliar de forma ativa e consistente. [&#8230;] A luta antirracista \u00e9 uma pr\u00e1tica ativa. Um mundo com menos racismo \u00e9 poss\u00edvel.\u201d<\/span><\/em><\/h6>\n<p>Confiram\u00a0 a entrevista completa de Gabriela Oliveira no canal da F Cunha Produtora:<\/p>\n<p><iframe loading=\"lazy\" title=\"Precisamos Falar sobre Luta Antirracista\" width=\"640\" height=\"360\" src=\"https:\/\/www.youtube.com\/embed\/gaPADiXnGRk?start=11&#038;feature=oembed\" frameborder=\"0\" allow=\"accelerometer; autoplay; clipboard-write; encrypted-media; gyroscope; picture-in-picture; web-share\" referrerpolicy=\"strict-origin-when-cross-origin\" allowfullscreen><\/iframe><\/p>\n<p><em>Foto e charge gentilmente cedidas ao V\u00f3s por <a href=\"http:\/\/reporterpopular.com.br\/\" target=\"_blank\" rel=\"noopener\">Rep\u00f3rter Popular<\/a><\/em><\/p>\n","protected":false},"excerpt":{"rendered":"<p>Senti a sexta-feira do Dia da Consci\u00eancia Negra como uma porrada na cara, por ser uma branca privilegiada, ainda que [&hellip;]<\/p>\n","protected":false},"author":5,"featured_media":7584,"comment_status":"open","ping_status":"open","sticky":false,"template":"","format":"standard","meta":{"_acf_changed":false,"footnotes":""},"categories":[4],"tags":[2375,2371,2374,2373,2370,289,2376,2372],"class_list":["post-7578","post","type-post","status-publish","format-standard","has-post-thumbnail","hentry","category-voos-literarios","tag-carrefour","tag-gabriela-oliveira","tag-joao-alberto","tag-luta-antirracista","tag-por-um-mundo-com-menos-racismo","tag-racismo","tag-reporter-popular","tag-uma-atitude-por-dia-por-um-mundo-com-menos-racismo"],"acf":[],"_links":{"self":[{"href":"https:\/\/vos.homolog.arsnova.work\/index.php?rest_route=\/wp\/v2\/posts\/7578","targetHints":{"allow":["GET"]}}],"collection":[{"href":"https:\/\/vos.homolog.arsnova.work\/index.php?rest_route=\/wp\/v2\/posts"}],"about":[{"href":"https:\/\/vos.homolog.arsnova.work\/index.php?rest_route=\/wp\/v2\/types\/post"}],"author":[{"embeddable":true,"href":"https:\/\/vos.homolog.arsnova.work\/index.php?rest_route=\/wp\/v2\/users\/5"}],"replies":[{"embeddable":true,"href":"https:\/\/vos.homolog.arsnova.work\/index.php?rest_route=%2Fwp%2Fv2%2Fcomments&post=7578"}],"version-history":[{"count":0,"href":"https:\/\/vos.homolog.arsnova.work\/index.php?rest_route=\/wp\/v2\/posts\/7578\/revisions"}],"wp:featuredmedia":[{"embeddable":true,"href":"https:\/\/vos.homolog.arsnova.work\/index.php?rest_route=\/wp\/v2\/media\/7584"}],"wp:attachment":[{"href":"https:\/\/vos.homolog.arsnova.work\/index.php?rest_route=%2Fwp%2Fv2%2Fmedia&parent=7578"}],"wp:term":[{"taxonomy":"category","embeddable":true,"href":"https:\/\/vos.homolog.arsnova.work\/index.php?rest_route=%2Fwp%2Fv2%2Fcategories&post=7578"},{"taxonomy":"post_tag","embeddable":true,"href":"https:\/\/vos.homolog.arsnova.work\/index.php?rest_route=%2Fwp%2Fv2%2Ftags&post=7578"}],"curies":[{"name":"wp","href":"https:\/\/api.w.org\/{rel}","templated":true}]}}