{"id":7565,"date":"2020-11-14T19:30:02","date_gmt":"2020-11-14T22:30:02","guid":{"rendered":"https:\/\/vos.homolog.arsnova.work\/?p=7565"},"modified":"2020-11-14T19:43:49","modified_gmt":"2020-11-14T22:43:49","slug":"mulheres_na_politica","status":"publish","type":"post","link":"https:\/\/vos.homolog.arsnova.work\/?p=7565","title":{"rendered":"Mulheres na pol\u00edtica"},"content":{"rendered":"<h6><strong>QUEM \u00c9 POL\u00cdTICO NO BRASIL?<\/strong><\/h6>\n<p style=\"text-align: justify\"><span style=\"font-weight: 400\">Confesso que eu, durante muito tempo, associei pol\u00edtica a homens brancos, heteros e ricos, vestindo terno e gravata. Tanto que cheguei a escrever, h\u00e1 muitos anos, uma esp\u00e9cie de conto transformando em prosa a genial letra de <strong><em>Candidato Ca\u00f4 Ca\u00f4<\/em><\/strong>, de Bezerra da Silva.\u00a0<\/span><\/p>\n<p style=\"text-align: justify\"><span style=\"font-weight: 400\">Esses candidatos que remetem \u00e0 m\u00fasica do sambista ainda est\u00e3o por a\u00ed, espalhados pelas periferias das grandes cidades, buscando o voto dos mais vulner\u00e1veis economicamente e fazendo promessas que jamais cumprir\u00e3o. O que precisa ficar evidente, cada vez mais, \u00e9 que a pol\u00edtica n\u00e3o precisa ser feita por esse tipo de pessoa. Mas, para isso, \u00e9 preciso que os eleitores se disponham a mudar seu voto.<\/span><\/p>\n<h6 style=\"text-align: justify\"><strong>MULHERES NA POL\u00cdTICA<\/strong><\/h6>\n<p style=\"text-align: justify\"><span style=\"font-weight: 400\">Para come\u00e7ar, que tal escolher candidatas para o pleito deste domingo? Assim, conseguiremos reverter conjunturas como a do Congresso Nacional, onde as mulheres ocupam apenas 15% das cadeiras. <\/span><span style=\"font-weight: 400\">Em n\u00edvel municipal, a m\u00e9dia nacional varia entre 10% a 15% de vereadoras. Por outro lado, mais de 50% da popula\u00e7\u00e3o brasileira \u00e9 do sexo feminino. o que torna \u00f3bvia a falta de presen\u00e7a efetiva das mulheres na pol\u00edtica.<\/span><\/p>\n<h6><strong>REPRESENTATIVIDADE IMPORTA<\/strong><\/h6>\n<p style=\"text-align: justify\">Outra forma de conscientizar os eleitores sobre a import\u00e2ncia <span style=\"font-weight: 400\">da representatividade feminina na pol\u00edtica brasileira \u00e9 atrav\u00e9s de bons livros. Um deles \u00e9\u00a0<\/span><a href=\"https:\/\/www.amazon.com.br\/Mulheres-Poder-Trajet%C3%B3rias-Pol%C3%ADtica-Sufragistas\/dp\/8567854806\" target=\"_blank\" rel=\"noopener\"><i><span style=\"font-weight: 400\">Mulheres no Poder &#8211; trajet\u00f3rias na pol\u00edtica a partir da luta das sufragistas no Brasil<\/span><\/i><\/a><span style=\"font-weight: 400\">, de Shuma Schumaher e Antonia Ceva. A obra \u00e9 para consulta constante, por ser uma publica\u00e7\u00e3o com mais de 500 p\u00e1ginas, com diversas informa\u00e7\u00f5es relevantes sobre o tema.<\/span><\/p>\n<h6><strong>N\u00c3O BASTA SER MULHER<\/strong><\/h6>\n<p style=\"text-align: justify\"><span style=\"font-weight: 400\">Por\u00e9m, para que realmente aconte\u00e7am modifica\u00e7\u00f5es relevantes na pol\u00edtica e nas estruturas sociais, precisamos de prefeitas e vereadoras dispostas a lutar pelos direitos das mulheres.\u00a0\u00a0<\/span><strong>Por isso, \u00e9 urgente votar em mulheres feministas, negras e trans.\u00a0<\/strong><\/p>\n<h6><strong>INSPIRA\u00c7\u00c3O<\/strong><\/h6>\n<p><span style=\"font-weight: 400\">Esse texto foi criado ap\u00f3s assistir ao v\u00eddeo <strong>Vote em Mulheres!<\/strong>, do canal<a href=\"https:\/\/www.youtube.com\/channel\/UC4a6NC1NTqtXIk2U9PgpJag\" target=\"_blank\" rel=\"noopener\"> Seus Dados<\/a>, da professora de jornalismo e doutora em Comunica\u00e7\u00e3o Marlise Brenol. A especialista estuda o uso <\/span><span style=\"font-weight: 400\">e a apropria\u00e7\u00e3o de dados pelo jornalismo, Estado, iniciativa privada e terceiro setor, al\u00e9m de suas repercuss\u00f5es, significados e visibilidade no debate p\u00fablico.<\/span><\/p>\n<h6><strong>PARA SABER MAIS<\/strong><\/h6>\n<p style=\"text-align: justify\"><span style=\"font-weight: 400\">Marlise recomenda aos interessados em se aprofundar no tema mulheres na pol\u00edtica, os materiais divulgados pela <a href=\"http:\/\/www.generonumero.media\/\" target=\"_blank\" rel=\"noopener\">G\u00eanero e N\u00famero<\/a>. Trata-se da\u00a0 <\/span><span style=\"font-weight: 400\">primeira organiza\u00e7\u00e3o de m\u00eddia no Brasil orientada por dados, com o objetivo de qualificar o debate sobre equidade de g\u00eanero.<\/span><span style=\"font-weight: 400\">\u00a0<\/span><\/p>\n<h6>POR FIM, MAS N\u00c3O MENOS IMPORTANTE<\/h6>\n<p>Vote com consci\u00eancia!!<\/p>\n<p>Imagem: Arte sobre foto\/Ag\u00eancia Senado<\/p>\n","protected":false},"excerpt":{"rendered":"<p>QUEM \u00c9 POL\u00cdTICO NO BRASIL? Confesso que eu, durante muito tempo, associei pol\u00edtica a homens brancos, heteros e ricos, vestindo [&hellip;]<\/p>\n","protected":false},"author":5,"featured_media":7571,"comment_status":"open","ping_status":"open","sticky":false,"template":"","format":"standard","meta":{"_acf_changed":false,"footnotes":""},"categories":[4],"tags":[2365,1644,2366,2367,2364],"class_list":["post-7565","post","type-post","status-publish","format-standard","has-post-thumbnail","hentry","category-voos-literarios","tag-eleicoes-2020","tag-mulheres-na-politica","tag-mulheres-no-poder-trajetorias-na-politica-a-partir-da-luta-das-sufragistas-no-brasil","tag-representatividade-feminina","tag-vote-em-mulheres"],"acf":[],"_links":{"self":[{"href":"https:\/\/vos.homolog.arsnova.work\/index.php?rest_route=\/wp\/v2\/posts\/7565","targetHints":{"allow":["GET"]}}],"collection":[{"href":"https:\/\/vos.homolog.arsnova.work\/index.php?rest_route=\/wp\/v2\/posts"}],"about":[{"href":"https:\/\/vos.homolog.arsnova.work\/index.php?rest_route=\/wp\/v2\/types\/post"}],"author":[{"embeddable":true,"href":"https:\/\/vos.homolog.arsnova.work\/index.php?rest_route=\/wp\/v2\/users\/5"}],"replies":[{"embeddable":true,"href":"https:\/\/vos.homolog.arsnova.work\/index.php?rest_route=%2Fwp%2Fv2%2Fcomments&post=7565"}],"version-history":[{"count":0,"href":"https:\/\/vos.homolog.arsnova.work\/index.php?rest_route=\/wp\/v2\/posts\/7565\/revisions"}],"wp:featuredmedia":[{"embeddable":true,"href":"https:\/\/vos.homolog.arsnova.work\/index.php?rest_route=\/wp\/v2\/media\/7571"}],"wp:attachment":[{"href":"https:\/\/vos.homolog.arsnova.work\/index.php?rest_route=%2Fwp%2Fv2%2Fmedia&parent=7565"}],"wp:term":[{"taxonomy":"category","embeddable":true,"href":"https:\/\/vos.homolog.arsnova.work\/index.php?rest_route=%2Fwp%2Fv2%2Fcategories&post=7565"},{"taxonomy":"post_tag","embeddable":true,"href":"https:\/\/vos.homolog.arsnova.work\/index.php?rest_route=%2Fwp%2Fv2%2Ftags&post=7565"}],"curies":[{"name":"wp","href":"https:\/\/api.w.org\/{rel}","templated":true}]}}