{"id":7560,"date":"2020-11-11T17:41:09","date_gmt":"2020-11-11T20:41:09","guid":{"rendered":"https:\/\/vos.homolog.arsnova.work\/?p=7560"},"modified":"2020-11-11T17:41:09","modified_gmt":"2020-11-11T20:41:09","slug":"bsv-especial-coronavirus-31-donald-trump-perdeu","status":"publish","type":"post","link":"https:\/\/vos.homolog.arsnova.work\/?p=7560","title":{"rendered":"BSV Especial Coronav\u00edrus #31 Donald Trump perdeu"},"content":{"rendered":"<p class=\"p1\" style=\"text-align: justify;\"><b>Donald Trump PERDEU.\u00a0<\/b><b>O democrata Joe Biden foi eleito presidente dos Estados Unidos ao lado da vice Kamala Harris, primeira mulher, primeira mulher negra a ocupar essa posi\u00e7\u00e3o<\/b>.<\/p>\n<h5 class=\"p3\" style=\"text-align: center;\">.<\/h5>\n<h5 class=\"p3\" style=\"text-align: center;\">Trump, <em>the whining<\/em>, ainda n\u00e3o admitiu a derrota e promete judicializar a disputa<\/h5>\n<h5 class=\"p3\" style=\"text-align: center;\">.<\/h5>\n<p class=\"p3\" style=\"text-align: justify;\">Trump perdeu, mas &#8220;n\u00e3o larga o osso&#8221;. Por isso, n\u00f3s vamos conversar com o jornalista Gustavo Chagas sobre as repercuss\u00f5es pr\u00e1ticas na <a href=\"https:\/\/vos.homolog.arsnova.work\/podcasts\/bsv-especial-coronavirus-30-bolsonaro-contra-a-vacina\/\" target=\"_blank\" rel=\"noopener\">pol\u00edtica brasileira<\/a>.<\/p>\n<p class=\"p3\" style=\"text-align: justify;\">Mas tamb\u00e9m vamos discutir as repercuss\u00f5es pol\u00edticas. Porque h\u00e1 quem comemore a derrota de Trump e lamenta a vit\u00f3ria de Biden porque ele \u00e9 um centrista. Confuso, n\u00e9? Pois, acredite, essa elei\u00e7\u00e3o revelou, pelo menos nas redes sociais, a figura do &#8220;fiscal de al\u00edvio alheio&#8221;.<\/p>\n<p class=\"p3\" style=\"text-align: justify;\"><strong>Participam os jornalistas Ge\u00f3rgia Santos, Fl\u00e1via Cunha, Igor Natusch e T\u00e9rcio Saccol.\u00a0Voc\u00ea tamb\u00e9m pode ouvir o epis\u00f3dio no\u00a0<a href=\"https:\/\/open.spotify.com\/show\/5I8zWzbmuDvEx9Wp6Gtnyd\" target=\"_blank\" rel=\"noopener\">Spotify<\/a>,\u00a0<a href=\"https:\/\/podcasts.apple.com\/us\/podcast\/bendita-sois-v%C3%B3s\/id1436913300\" target=\"_blank\" rel=\"noopener\">Itunes<\/a>\u00a0e\u00a0<a href=\"https:\/\/castbox.fm\/channel\/Bendita-Sois-V%C3%B3s-id1474946?country=br\" target=\"_blank\" rel=\"noopener\">Castbox<\/a>.\u00a0<\/strong><\/p>\n<p style=\"text-align: center;\"><iframe loading=\"lazy\" src=\"https:\/\/w.soundcloud.com\/player\/?url=https%3A\/\/api.soundcloud.com\/tracks\/927517726&amp;color=%23ff5500&amp;auto_play=false&amp;hide_related=false&amp;show_comments=true&amp;show_user=true&amp;show_reposts=false&amp;show_teaser=true&amp;visual=true\" width=\"100%\" height=\"300\" frameborder=\"no\" scrolling=\"no\"><\/iframe><\/p>\n<div style=\"font-size: 10px; color: #cccccc; line-break: anywhere; word-break: normal; overflow: hidden; white-space: nowrap; text-overflow: ellipsis; font-family: Interstate, 'Lucida Grande', 'Lucida Sans Unicode', 'Lucida Sans', Garuda, Verdana, Tahoma, sans-serif; font-weight: 100; text-align: center;\"><a style=\"color: #cccccc; text-decoration: none;\" title=\"V\u00f3s Pessoas no Plural\" href=\"https:\/\/soundcloud.com\/vos-social\" target=\"_blank\" rel=\"noopener\">V\u00f3s Pessoas no Plural<\/a> \u00b7 <a style=\"color: #cccccc; text-decoration: none;\" title=\"BSV Especial Coronav\u00edrus #31 Donald Trump perdeu\" href=\"https:\/\/soundcloud.com\/vos-social\/bsv-especial-coronavirus-31-donald-trump-perdeu\" target=\"_blank\" rel=\"noopener\">BSV Especial Coronav\u00edrus #31 Donald Trump perdeu<\/a><\/div>\n","protected":false},"excerpt":{"rendered":"<p>Donald Trump PERDEU.\u00a0O democrata Joe Biden foi eleito presidente dos Estados Unidos ao lado da vice Kamala Harris, primeira mulher, [&hellip;]<\/p>\n","protected":false},"author":3,"featured_media":7561,"comment_status":"open","ping_status":"open","sticky":false,"template":"","format":"standard","meta":{"_acf_changed":false,"footnotes":""},"categories":[1541],"tags":[870,800,1326,2363,925,841,228,268,2362],"class_list":["post-7560","post","type-post","status-publish","format-standard","has-post-thumbnail","hentry","category-podcasts","tag-bolsonaro","tag-brasil","tag-brazil","tag-election","tag-eleicoes","tag-eua","tag-politica","tag-trump","tag-usa"],"acf":[],"_links":{"self":[{"href":"https:\/\/vos.homolog.arsnova.work\/index.php?rest_route=\/wp\/v2\/posts\/7560","targetHints":{"allow":["GET"]}}],"collection":[{"href":"https:\/\/vos.homolog.arsnova.work\/index.php?rest_route=\/wp\/v2\/posts"}],"about":[{"href":"https:\/\/vos.homolog.arsnova.work\/index.php?rest_route=\/wp\/v2\/types\/post"}],"author":[{"embeddable":true,"href":"https:\/\/vos.homolog.arsnova.work\/index.php?rest_route=\/wp\/v2\/users\/3"}],"replies":[{"embeddable":true,"href":"https:\/\/vos.homolog.arsnova.work\/index.php?rest_route=%2Fwp%2Fv2%2Fcomments&post=7560"}],"version-history":[{"count":0,"href":"https:\/\/vos.homolog.arsnova.work\/index.php?rest_route=\/wp\/v2\/posts\/7560\/revisions"}],"wp:featuredmedia":[{"embeddable":true,"href":"https:\/\/vos.homolog.arsnova.work\/index.php?rest_route=\/wp\/v2\/media\/7561"}],"wp:attachment":[{"href":"https:\/\/vos.homolog.arsnova.work\/index.php?rest_route=%2Fwp%2Fv2%2Fmedia&parent=7560"}],"wp:term":[{"taxonomy":"category","embeddable":true,"href":"https:\/\/vos.homolog.arsnova.work\/index.php?rest_route=%2Fwp%2Fv2%2Fcategories&post=7560"},{"taxonomy":"post_tag","embeddable":true,"href":"https:\/\/vos.homolog.arsnova.work\/index.php?rest_route=%2Fwp%2Fv2%2Ftags&post=7560"}],"curies":[{"name":"wp","href":"https:\/\/api.w.org\/{rel}","templated":true}]}}