{"id":7554,"date":"2020-11-07T15:29:08","date_gmt":"2020-11-07T18:29:08","guid":{"rendered":"https:\/\/vos.homolog.arsnova.work\/?p=7554"},"modified":"2020-11-07T15:29:08","modified_gmt":"2020-11-07T18:29:08","slug":"a-culpa-nunca-e-da-vitima","status":"publish","type":"post","link":"https:\/\/vos.homolog.arsnova.work\/?p=7554","title":{"rendered":"A Culpa Nunca \u00e9 da V\u00edtima"},"content":{"rendered":"<h6 style=\"text-align: justify\"><em><span style=\"font-weight: 400\">\u201c\u00c9 assim que eu mato uma pessoa. Descubro seus h\u00e1bitos, decoro seus hor\u00e1rios. N\u00e3o \u00e9 dif\u00edcil. A vida dele consiste em paradas r\u00e1pidas na loja de tudo por um d\u00f3lar, onde compra o m\u00ednimo necess\u00e1rio para manter seu ciclo capenga em movimento. [&#8230;] O p\u00e3o, o queijo, o vinho e as bolachas \u00e1gua e sal que \u00e0s vezes ele esfarela e deixa para os p\u00e1ssaros \u2014 uma min\u00fascula migalha de bondade que o torna ainda mais odioso. Porque se h\u00e1 uma vers\u00e3o sua que alimenta os passarinhos \u00e0 medida que o inverno chega, h\u00e1 tamb\u00e9m a dec\u00eancia que ele prefere deixar de lado quando faz outras coisas. Outras coisas que tamb\u00e9m alimentam os p\u00e1ssaros. E os falc\u00f5es. E os guaxinins. E os coiotes. Todos os animais que comeram bocados da minha irm\u00e3, destruindo qualquer chance de provar que foi ele quem a matou. Mas n\u00e3o sou um j\u00fari, n\u00e3o preciso de provas.\u201d<\/span><\/em><\/h6>\n<p style=\"text-align: justify\"><span style=\"font-weight: 400\">Assim come\u00e7a o livro<\/span><a href=\"http:\/\/plataforma21.com.br\/catalogo\/a-revolucao-das-mulheres\/\" target=\"_blank\" rel=\"noopener\"><i><span style=\"font-weight: 400\"> A (R)evolu\u00e7\u00e3o das Mulheres<\/span><\/i><\/a><span style=\"font-weight: 400\">, da escritora norte-americana Mindy Mcginnis. A protagonista da hist\u00f3ria \u00e9 Alex, uma adolescente atormentada pela falta de justi\u00e7a para o assassinato brutal da irm\u00e3 por um predador de mulheres. Convivendo com uma m\u00e3e desequilibrada e um pai ausente, a jovem direciona sua vida a promover uma vingan\u00e7a e, j\u00e1 nas primeiras p\u00e1ginas, ficamos sabendo que ela conseguiu atingir seu objetivo.<\/span><\/p>\n<p><span style=\"font-weight: 400\">O que me chocou ao longo da leitura da obra, ocorrida h\u00e1 alguns meses, foi minha dificuldade em ficar contra a personagem. Afinal, ela matou uma pessoa e eu sou favor\u00e1vel aos direitos humanos. <\/span><\/p>\n<h6 style=\"text-align: left\"><strong>Por\u00e9m, quando o sistema n\u00e3o funciona e um predador est\u00e1 \u00e0 solta, seria a vingan\u00e7a o \u00fanico caminho?<\/strong><\/h6>\n<p style=\"text-align: justify\"><span style=\"font-weight: 400\">Foi este questionamento que fiz nessa semana, ao me deparar com as repercuss\u00f5es do <a href=\"https:\/\/www.correiobraziliense.com.br\/brasil\/2020\/11\/4887221-caso-mari-ferrer-ministerio-publico-pede-alteracao-em-lei.html\" target=\"_blank\" rel=\"noopener\">caso Mari Ferrer<\/a>. Para al\u00e9m da senten\u00e7a injusta, provoca revolta o v\u00eddeo da audi\u00eancia, onde aparece a jovem sendo brutalmente humilhada pelo advogado de defesa do r\u00e9u, sob a coniv\u00eancia do juiz.\u00a0 O que o sistema judici\u00e1rio parece querer ignorar \u00e9 que a\u00a0<\/span><span style=\"font-weight: 400\">a culpa nunca \u00e9 da vitima. <\/span><\/p>\n<p style=\"text-align: justify\"><span style=\"font-weight: 400\">E foi justamente a audi\u00eancia com clima de inquisi\u00e7\u00e3o que gerou uma grande raiva em<\/span><span style=\"font-size: 14px;letter-spacing: 0px\">\u00a0mulheres normalmente contr\u00e1rias \u00e0 viol\u00eancia. Al\u00e9m da sensa\u00e7\u00e3o de impot\u00eancia e tristeza enormes, por sabermos que muitas de n\u00f3s ainda passar\u00e3o, infelizmente, por situa\u00e7\u00f5es de ass\u00e9dio e viol\u00eancia sexual sem a devida puni\u00e7\u00e3o.<\/span><\/p>\n<h6>A CULPA \u00c9 DO PATRIARCADO<\/h6>\n<p style=\"text-align: justify\"><span style=\"font-weight: 400\">A impunidade proporcionada pelo sistema garante que agressores prossigam com suas vidas normalmente e possam colocar em risco outras mulheres. Por isso, \u00e9 mais do que urgente acabar com relativiza\u00e7\u00f5es sobre o que \u00e9 estupro e arcaicos argumento de que determinadas roupas ou condutas seriam a permiss\u00e3o para abusos.<\/span><\/p>\n<h6 style=\"text-align: justify\"><strong>PRECISAMOS NOS UNIR<\/strong><\/h6>\n<p style=\"text-align: justify\"><span style=\"font-weight: 400\">N\u00e3o defendo o justi\u00e7amento como a personagem Alex faz no livro<em> A (R)evolu\u00e7\u00e3o das Mulheres<\/em>. Mas ao terminar a leitura de obras como essa, espero que as leitoras se sintam mais fortalecidas para lutar contra injusti\u00e7as. Fazer manifesta\u00e7\u00f5es \u00e9 um caminho. Reivindicar um sistema judici\u00e1rio menos machista e patriarcal \u00e9 outro. Educar meninos para n\u00e3o abusarem mulheres tamb\u00e9m \u00e9 uma forma de, ao menos no futuro, evitarmos a repeti\u00e7\u00e3o dos erros do passado e do presente (como j\u00e1 escrevi <a href=\"https:\/\/vos.homolog.arsnova.work\/voos-literarios\/com-mae-feminista-eu-nao-cresco-machista\/\" target=\"_blank\" rel=\"noopener\">aqui<\/a>.) O que n\u00e3o podemos \u00e9 ficar inertes.\u00a0 Pois, repito, a culpa nunca \u00e9 da vitima, por mais que as estruturas tentem colocar a responsabilidade na conduta da mulher.<\/span><\/p>\n<p><span style=\"font-weight: 400\">#justi\u00e7aparamariferrer<\/span><\/p>\n<p><em>Imagem: Capa livro A (R)evolu\u00e7\u00e3o das Mulheres\u00a0<\/em><\/p>\n<p>&nbsp;<\/p>\n<p><span style=\"font-weight: 400\">\u00a0<\/span><\/p>\n<p>&nbsp;<\/p>\n","protected":false},"excerpt":{"rendered":"<p>\u201c\u00c9 assim que eu mato uma pessoa. Descubro seus h\u00e1bitos, decoro seus hor\u00e1rios. N\u00e3o \u00e9 dif\u00edcil. A vida dele consiste [&hellip;]<\/p>\n","protected":false},"author":5,"featured_media":7555,"comment_status":"open","ping_status":"open","sticky":false,"template":"","format":"standard","meta":{"_acf_changed":false,"footnotes":""},"categories":[4],"tags":[2359,2360,2358,2361],"class_list":["post-7554","post","type-post","status-publish","format-standard","has-post-thumbnail","hentry","category-voos-literarios","tag-a-culpa-nunca-e-da-vitima","tag-a-revolucao-das-mulheres","tag-mari-ferrer","tag-mindy-mcginnis"],"acf":[],"_links":{"self":[{"href":"https:\/\/vos.homolog.arsnova.work\/index.php?rest_route=\/wp\/v2\/posts\/7554","targetHints":{"allow":["GET"]}}],"collection":[{"href":"https:\/\/vos.homolog.arsnova.work\/index.php?rest_route=\/wp\/v2\/posts"}],"about":[{"href":"https:\/\/vos.homolog.arsnova.work\/index.php?rest_route=\/wp\/v2\/types\/post"}],"author":[{"embeddable":true,"href":"https:\/\/vos.homolog.arsnova.work\/index.php?rest_route=\/wp\/v2\/users\/5"}],"replies":[{"embeddable":true,"href":"https:\/\/vos.homolog.arsnova.work\/index.php?rest_route=%2Fwp%2Fv2%2Fcomments&post=7554"}],"version-history":[{"count":0,"href":"https:\/\/vos.homolog.arsnova.work\/index.php?rest_route=\/wp\/v2\/posts\/7554\/revisions"}],"wp:featuredmedia":[{"embeddable":true,"href":"https:\/\/vos.homolog.arsnova.work\/index.php?rest_route=\/wp\/v2\/media\/7555"}],"wp:attachment":[{"href":"https:\/\/vos.homolog.arsnova.work\/index.php?rest_route=%2Fwp%2Fv2%2Fmedia&parent=7554"}],"wp:term":[{"taxonomy":"category","embeddable":true,"href":"https:\/\/vos.homolog.arsnova.work\/index.php?rest_route=%2Fwp%2Fv2%2Fcategories&post=7554"},{"taxonomy":"post_tag","embeddable":true,"href":"https:\/\/vos.homolog.arsnova.work\/index.php?rest_route=%2Fwp%2Fv2%2Ftags&post=7554"}],"curies":[{"name":"wp","href":"https:\/\/api.w.org\/{rel}","templated":true}]}}