{"id":7542,"date":"2020-10-31T16:08:10","date_gmt":"2020-10-31T19:08:10","guid":{"rendered":"https:\/\/vos.homolog.arsnova.work\/?p=7542"},"modified":"2020-10-31T16:17:03","modified_gmt":"2020-10-31T19:17:03","slug":"mulheres-e-caca-as-bruxas","status":"publish","type":"post","link":"https:\/\/vos.homolog.arsnova.work\/?p=7542","title":{"rendered":"Mulheres e ca\u00e7a \u00e0s bruxas"},"content":{"rendered":"<p style=\"text-align: justify\"><span style=\"font-weight: 400\">Para al\u00e9m da tradi\u00e7\u00e3o importada do Halloween e das fantasias usadas alegremente por crian\u00e7as (e alguns adultos) mesmo em tempos pand\u00eamicos, o Dia das Bruxas pode nos provocar reflex\u00f5es mais profundas. Entre elas, questionar o que representava a persegui\u00e7\u00e3o a mulheres pela suposta liga\u00e7\u00e3o com dem\u00f4nios.<\/span><\/p>\n<h5 style=\"text-align: left\">\u00a0 \u00a0 \u00a0 \u00a0 \u00a0 \u00a0 \u00a0 \u00a0 \u00a0 \u00a0 \u00a0 \u00a0 \u00a0 \u00a0 \u00a0 \u00a0 \u00a0 \u00a0 \u00a0 \u00a0 \u00a0 \u00a0 \u00a0 \u00a0 \u00a0 \u00a0 \u00a0 \u00a0 \u00a0 \u00a0 \u00a0 \u00a0 \u00a0 \u00a0 IDADE M\u00c9DIA<\/h5>\n<p style=\"text-align: justify\"><span style=\"font-weight: 400\"><a href=\"https:\/\/vos.homolog.arsnova.work\/wp-content\/uploads\/2020\/10\/ca\u00e7a_bruxas-1.jpeg\"><img loading=\"lazy\" decoding=\"async\" class=\"size-medium wp-image-7545 alignleft\" src=\"https:\/\/vos.homolog.arsnova.work\/wp-content\/uploads\/2020\/10\/ca\u00e7a_bruxas-1-240x300.jpeg\" alt=\"\" width=\"240\" height=\"300\" srcset=\"https:\/\/vos.homolog.arsnova.work\/wp-content\/uploads\/2020\/10\/ca\u00e7a_bruxas-1-240x300.jpeg 240w, https:\/\/vos.homolog.arsnova.work\/wp-content\/uploads\/2020\/10\/ca\u00e7a_bruxas-1.jpeg 630w\" sizes=\"auto, (max-width: 240px) 100vw, 240px\" \/><\/a><\/span><\/p>\n<p style=\"text-align: justify\"><span style=\"font-weight: 400\">A professora e escritora italiana Silvia Federici descreve no livro <\/span><i><span style=\"font-weight: 400\">Mulheres e ca\u00e7a \u00e0s bruxas &#8211; Da Idade M\u00e9dia aos dias atuais<\/span><\/i><span style=\"font-weight: 400\"> como essas mulheres atrapalhavam a sociedade medieval e, por isso, eram perseguidas:<\/span><\/p>\n<h6 style=\"text-align: justify\"><em><span style=\"font-weight: 400\">\u201cNa figura da bruxa as autoridades puniam, ao mesmo tempo, a investida contra a propriedade privada, a insubordina\u00e7\u00e3o social, a propaga\u00e7\u00e3o de cren\u00e7as m\u00e1gicas, que pressupunham a presen\u00e7a de poderes que n\u00e3o podiam controlar, e o desvio da norma sexual que, naquele momento, colocava o comportamento sexual e a procria\u00e7\u00e3o sob dom\u00ednio do Estado.\u201d<\/span><\/em><\/h6>\n<h5 style=\"text-align: justify\">\u00a0A CA\u00c7A \u00c0S BRUXAS N\u00c3O ACABOU<\/h5>\n<p style=\"text-align: justify\"><span style=\"font-weight: 400\">Na mesma obra, a autora, militante internacional dos direitos feministas, traz \u00e0 tona a volta de persegui\u00e7\u00e3o a mulheres a partir da d\u00e9cada de 1990 at\u00e9 os dias, em pa\u00edses da \u00c1frica e na \u00cdndia:<\/span><\/p>\n<h6 style=\"text-align: justify\"><em><span style=\"font-weight: 400\">\u201cMudan\u00e7as em leis e regras de propriedade de terras e no conceito do que pode ser considerado fonte de valor parecem tamb\u00e9m estar na raiz de um fen\u00f4meno que produziu muita mis\u00e9ria para as mulheres [&#8230;] a volta da ca\u00e7a \u00e0s bruxas. [..] Outros fatores s\u00e3o a expans\u00e3o das seitas evang\u00e9licas neocalvinistas, que pregam que a pobreza \u00e9 provocada por falhas pessoais ou por a\u00e7\u00f5es maldosas das bruxas. Contudo, observa-se que as acusa\u00e7\u00f5es por bruxaria s\u00e3o mais frequentes nas \u00e1reas destinadas a projetos comerciais ou nas quais processos de privatiza\u00e7\u00e3o de terras est\u00e3o em curso (como nas comunidades tribais da \u00cdndia) e quando a acusada possui algum terreno a ser confiscado. Na \u00c1frica, em especial, as v\u00edtimas s\u00e3o mulheres mais velhas que vivem de algum peda\u00e7o de terra, enquanto as acusa\u00e7\u00f5es partem de integrantes mais jovens das comunidades ou mesmo das pr\u00f3prias fam\u00edlias, em geral jovens sem emprego que veem as idosas como usurpadoras.\u201d<\/span><\/em><\/h6>\n<h5 style=\"text-align: justify\"><span style=\"font-weight: 400\"><a href=\"https:\/\/vos.homolog.arsnova.work\/wp-content\/uploads\/2020\/10\/ca\u00e7a_bruxas2.gif\"><img loading=\"lazy\" decoding=\"async\" class=\"size-medium wp-image-7546 alignleft\" src=\"https:\/\/vos.homolog.arsnova.work\/wp-content\/uploads\/2020\/10\/ca\u00e7a_bruxas2-300x169.gif\" alt=\"\" width=\"300\" height=\"169\" srcset=\"https:\/\/vos.homolog.arsnova.work\/wp-content\/uploads\/2020\/10\/ca\u00e7a_bruxas2-300x169.gif 300w, https:\/\/vos.homolog.arsnova.work\/wp-content\/uploads\/2020\/10\/ca\u00e7a_bruxas2-768x432.gif 768w, https:\/\/vos.homolog.arsnova.work\/wp-content\/uploads\/2020\/10\/ca\u00e7a_bruxas2-1024x576.gif 1024w\" sizes=\"auto, (max-width: 300px) 100vw, 300px\" \/><\/a><strong>O LIVRO<\/strong><\/span><\/h5>\n<p style=\"text-align: justify\">A obra tem uma bel\u00edssima edi\u00e7\u00e3o da Boitempo (clique em cima da imagem para ver algumas p\u00e1ginas do livro e as beliss\u00edmas ilustra\u00e7\u00f5es do miolo do livro). Ao procurar no site da editora, a informa\u00e7\u00e3o \u00e9 de que o livro est\u00e1 indispon\u00edvel. Por\u00e9m, existem exemplares \u00e0 venda na <a href=\"https:\/\/www.estantevirtual.com.br\/livros\/silvia-federici\/mulheres-e-caca-as-bruxas\/1342440061?show_suggestion=0&amp;busca_es=1\" target=\"_blank\" rel=\"noopener\">Estante Virtual<\/a>, para quem se interessar em comprar a obra.\u00a0 Aqui neste link podem ser conferidos v\u00eddeos da escritora falando mais sobre o assunto.<\/p>\n<h5><a href=\"https:\/\/vos.homolog.arsnova.work\/wp-content\/uploads\/2020\/10\/ca\u00e7a_bruxas3.jpg\"><img loading=\"lazy\" decoding=\"async\" class=\"size-medium wp-image-7548 alignright\" src=\"https:\/\/vos.homolog.arsnova.work\/wp-content\/uploads\/2020\/10\/ca\u00e7a_bruxas3-211x300.jpg\" alt=\"\" width=\"211\" height=\"300\" srcset=\"https:\/\/vos.homolog.arsnova.work\/wp-content\/uploads\/2020\/10\/ca\u00e7a_bruxas3-211x300.jpg 211w, https:\/\/vos.homolog.arsnova.work\/wp-content\/uploads\/2020\/10\/ca\u00e7a_bruxas3.jpg 313w\" sizes=\"auto, (max-width: 211px) 100vw, 211px\" \/><\/a><\/h5>\n<h5 style=\"text-align: left\"><\/h5>\n<h5 style=\"text-align: left\">PERSPECTIVA BRASILEIRA<\/h5>\n<p style=\"text-align: justify\">Aqui no Brasil,\u00a0\u00a0<span style=\"font-weight: 400\">\u00e9 importante ficarmos atentos ao fanatismo religioso infiltrado perigosamente nos governos, com tentativas de interferir nos costumes e de ver como bruxas subversivas as mulheres livres e fortes.<\/span><\/p>\n<h5 style=\"text-align: justify\">UNIDAS E VIS\u00cdVEIS<\/h5>\n<p style=\"text-align: justify\"><span style=\"font-weight: 400\">Termino este texto com a inspira\u00e7\u00e3o de um poema da escritora norte-americana Amanda Lovelace, no livro <\/span><a href=\"http:\/\/www.leya.com.br\/bruxa-nao-vai-para-fogueira-neste-livro\/\" target=\"_blank\" rel=\"noopener\"><i><span style=\"font-weight: 400\">A bruxa n\u00e3o vai para a fogueira neste livro<\/span><\/i><\/a><span style=\"font-weight: 400\">, um brado pela uni\u00e3o das mulheres \u201cfora do padr\u00e3o\u201d, as bruxas do s\u00e9culo 21:<\/span><\/p>\n<p style=\"text-align: center\"><span style=\"font-weight: 400\">\u201cas mulheres\u00a0<\/span><\/p>\n<p style=\"text-align: center\"><span style=\"font-weight: 400\">bem\u00a0<\/span><\/p>\n<p style=\"text-align: center\"><span style=\"font-weight: 400\">gordas,\u00a0<\/span><\/p>\n<p style=\"text-align: center\"><span style=\"font-weight: 400\">as mulheres velhas,\u00a0<\/span><\/p>\n<p style=\"text-align: center\"><span style=\"font-weight: 400\">as mulheres pobres,\u00a0<\/span><\/p>\n<p style=\"text-align: center\"><span style=\"font-weight: 400\">e as mulheres trans,\u00a0<\/span><\/p>\n<p style=\"text-align: center\"><span style=\"font-weight: 400\">as mulheres sapatas,\u00a0<\/span><\/p>\n<p style=\"text-align: center\"><span style=\"font-weight: 400\">as mulheres judaicas,\u00a0<\/span><\/p>\n<p style=\"text-align: center\"><span style=\"font-weight: 400\">e as mulheres negras,\u00a0<\/span><\/p>\n<p style=\"text-align: center\"><span style=\"font-weight: 400\">e as mulheres do isl\u00e3,\u00a0<\/span><\/p>\n<p style=\"text-align: center\"><span style=\"font-weight: 400\">as mulheres inv\u00e1lidas,\u00a0<\/span><\/p>\n<p style=\"text-align: center\"><span style=\"font-weight: 400\">as mulheres ind\u00edgenas,\u00a0<\/span><\/p>\n<p style=\"text-align: center\"><span style=\"font-weight: 400\">as mulheres doentes mentais,\u00a0<\/span><\/p>\n<p style=\"text-align: center\"><span style=\"font-weight: 400\">as mulheres doentes cr\u00f4nicas,\u00a0<\/span><\/p>\n<p style=\"text-align: center\"><span style=\"font-weight: 400\">as mulheres neurodivergentes,\u00a0<\/span><\/p>\n<p style=\"text-align: center\"><span style=\"font-weight: 400\">&amp; todas as pessoas\u00a0<\/span><\/p>\n<p style=\"text-align: center\"><span style=\"font-weight: 400\">\u00e0s margens<\/span><\/p>\n<p style=\"text-align: center\"><span style=\"font-weight: 400\">desta p\u00e1gina.\u00a0<\/span><\/p>\n<p style=\"text-align: center\"><span style=\"font-weight: 400\">juntas &amp; somente juntas\u00a0<\/span><\/p>\n<p style=\"text-align: center\"><span style=\"font-weight: 400\">iremos finalmente\u00a0<\/span><\/p>\n<p style=\"text-align: center\"><span style=\"font-weight: 400\">SURGIR. SURGIR.\u00a0<\/span><\/p>\n<p style=\"text-align: center\"><span style=\"font-weight: 400\">SURGIR. SURGIR.\u00a0<\/span><\/p>\n<p style=\"text-align: center\"><span style=\"font-weight: 400\">SURGIR. SURGIR.\u00a0<\/span><\/p>\n<p style=\"text-align: center\"><span style=\"font-weight: 400\">SURGIR. SURGIR.\u00a0<\/span><\/p>\n<p style=\"text-align: center\"><span style=\"font-weight: 400\">SURGIR. SURGIR.\u00a0<\/span><\/p>\n<p style=\"text-align: center\"><span style=\"font-weight: 400\">SURGIR. SURGIR.\u00a0<\/span><\/p>\n<p style=\"text-align: center\"><span style=\"font-weight: 400\">SURGIR. SURGIR.\u00a0<\/span><\/p>\n<p style=\"text-align: center\"><span style=\"font-weight: 400\">SURGIR. SURGIR.\u00a0<\/span><\/p>\n<p style=\"text-align: center\"><span style=\"font-weight: 400\">SURGIR. SURGIR.\u00a0<\/span><\/p>\n<p style=\"text-align: center\"><span style=\"font-weight: 400\">SURGIR.\u00a0<\/span><\/p>\n<p style=\"text-align: center\"><i><span style=\"font-weight: 400\">\u2013 nenhuma de n\u00f3s ser\u00e1 deixada nos cantos escuros e empoeirados.<\/span><\/i><span style=\"font-weight: 400\">\u201d<\/span><\/p>\n","protected":false},"excerpt":{"rendered":"<p>Para al\u00e9m da tradi\u00e7\u00e3o importada do Halloween e das fantasias usadas alegremente por crian\u00e7as (e alguns adultos) mesmo em tempos [&hellip;]<\/p>\n","protected":false},"author":5,"featured_media":7551,"comment_status":"open","ping_status":"open","sticky":false,"template":"","format":"standard","meta":{"_acf_changed":false,"footnotes":""},"categories":[4],"tags":[2356,2355,2357,2353,2354],"class_list":["post-7542","post","type-post","status-publish","format-standard","has-post-thumbnail","hentry","category-voos-literarios","tag-a-bruxa-nao-vai-para-a-fogueira-neste-livro","tag-amanda-lovelace","tag-dia-das-bruxas","tag-mulheres-e-caca-as-bruxas","tag-silvia-federici"],"acf":[],"_links":{"self":[{"href":"https:\/\/vos.homolog.arsnova.work\/index.php?rest_route=\/wp\/v2\/posts\/7542","targetHints":{"allow":["GET"]}}],"collection":[{"href":"https:\/\/vos.homolog.arsnova.work\/index.php?rest_route=\/wp\/v2\/posts"}],"about":[{"href":"https:\/\/vos.homolog.arsnova.work\/index.php?rest_route=\/wp\/v2\/types\/post"}],"author":[{"embeddable":true,"href":"https:\/\/vos.homolog.arsnova.work\/index.php?rest_route=\/wp\/v2\/users\/5"}],"replies":[{"embeddable":true,"href":"https:\/\/vos.homolog.arsnova.work\/index.php?rest_route=%2Fwp%2Fv2%2Fcomments&post=7542"}],"version-history":[{"count":0,"href":"https:\/\/vos.homolog.arsnova.work\/index.php?rest_route=\/wp\/v2\/posts\/7542\/revisions"}],"wp:featuredmedia":[{"embeddable":true,"href":"https:\/\/vos.homolog.arsnova.work\/index.php?rest_route=\/wp\/v2\/media\/7551"}],"wp:attachment":[{"href":"https:\/\/vos.homolog.arsnova.work\/index.php?rest_route=%2Fwp%2Fv2%2Fmedia&parent=7542"}],"wp:term":[{"taxonomy":"category","embeddable":true,"href":"https:\/\/vos.homolog.arsnova.work\/index.php?rest_route=%2Fwp%2Fv2%2Fcategories&post=7542"},{"taxonomy":"post_tag","embeddable":true,"href":"https:\/\/vos.homolog.arsnova.work\/index.php?rest_route=%2Fwp%2Fv2%2Ftags&post=7542"}],"curies":[{"name":"wp","href":"https:\/\/api.w.org\/{rel}","templated":true}]}}