{"id":7537,"date":"2020-10-28T17:00:33","date_gmt":"2020-10-28T20:00:33","guid":{"rendered":"https:\/\/vos.homolog.arsnova.work\/?p=7537"},"modified":"2020-10-28T17:29:00","modified_gmt":"2020-10-28T20:29:00","slug":"bsv-especial-coronavirus-30-bolsonaro-contra-a-vacina","status":"publish","type":"post","link":"https:\/\/vos.homolog.arsnova.work\/?p=7537","title":{"rendered":"BSV Especial Coronav\u00edrus #30 Bolsonaro contra a vacina"},"content":{"rendered":"<p class=\"p1\"><strong>A pandemia ainda n\u00e3o acabou e est\u00e1 muito longe de ser controlada. Prova disso \u00e9 embate <em>nonsense<\/em> de Jair Bolsonaro contra a vacina, que configura mais uma neglig\u00eancia do governo em um pa\u00eds em que mais de 157mil pessoas j\u00e1 morreram v\u00edtimas do coronav\u00edrus.<\/strong><\/p>\n<h5 class=\"p1\" style=\"text-align: center;\">.<\/h5>\n<h5 class=\"p1\" style=\"text-align: center;\">Ele diz que n\u00e3o entende o motivo de haver uma corrida<span class=\"Apple-converted-space\">\u00a0 <\/span>pela vacina contra a COVID-19<\/h5>\n<h5 class=\"p1\" style=\"text-align: center;\">.<\/h5>\n<p class=\"p1\" style=\"text-align: justify;\">Ele ainda diz que n\u00e3o entende o motivo de n\u00e3o se investir em uma cura em vez de procurar a vacina. E, como se n\u00e3o bastasse,\u00a0 ele voltou a defender o uso de medicamentos sem comprova\u00e7\u00e3o cient\u00edfica contra o coronav\u00edrus.<\/p>\n<p class=\"p1\" style=\"text-align: justify;\">No final das contas, o que pesa para o posicionamento de Bolsonaro sobre a vacina \u00e9 uma ret\u00f3rica que mescla negacionismo com xenofobia. Por outro lado, h\u00e1 uma conjuntura desfavor\u00e1vel para o Bolsonaro. Argentina mudou de governo \u201cno meio do caminho\u201d, Chile deve fazer uma reforma constitucional, Bol\u00edvia elegeu um presidente de esquerda e, principalmente, h\u00e1 a poss\u00edvel mudan\u00e7a de comando dos Estados Unidos, onde, ao que tudo indica, o democrata Joe Biden ser\u00e1 eleito presidente. <a href=\"https:\/\/vos.homolog.arsnova.work\/podcasts\/bsv-especial-coronavirus-28-bolsonaro-stf-e-trump\/\" target=\"_blank\" rel=\"noopener\">Tudo indica, portanto, que o negacionista Bolsonaro ficar\u00e1 isolado.<\/a><\/p>\n<p class=\"p1\" style=\"text-align: justify;\"><strong>E ainda h\u00e1 o anivers\u00e1rio de 75 anos de Luiz In\u00e1cio Lula da Silva.\u00a0Participam do programa os jornalistas Ge\u00f3rgia Santos, Fl\u00e1via Cunha, Igor Natusch e T\u00e9rcio Saccol.\u00a0Voc\u00ea tamb\u00e9m pode ouvir o epis\u00f3dio no\u00a0<a href=\"https:\/\/open.spotify.com\/show\/5I8zWzbmuDvEx9Wp6Gtnyd\" target=\"_blank\" rel=\"noopener\">Spotify<\/a>,\u00a0<a href=\"https:\/\/podcasts.apple.com\/us\/podcast\/bendita-sois-v%C3%B3s\/id1436913300\" target=\"_blank\" rel=\"noopener\">Itunes<\/a>\u00a0e\u00a0<a href=\"https:\/\/castbox.fm\/channel\/Bendita-Sois-V%C3%B3s-id1474946?country=br\" target=\"_blank\" rel=\"noopener\">Castbox<\/a>.\u00a0<\/strong><\/p>\n<p style=\"text-align: center;\"><iframe loading=\"lazy\" src=\"https:\/\/w.soundcloud.com\/player\/?url=https%3A\/\/api.soundcloud.com\/tracks\/919060261%3Fsecret_token%3Ds-3JsyV5q8FvN&amp;color=%23ff5500&amp;auto_play=false&amp;hide_related=false&amp;show_comments=true&amp;show_user=true&amp;show_reposts=false&amp;show_teaser=true&amp;visual=true\" width=\"100%\" height=\"300\" frameborder=\"no\" scrolling=\"no\"><\/iframe><\/p>\n<div style=\"font-size: 10px; color: #cccccc; line-break: anywhere; word-break: normal; overflow: hidden; white-space: nowrap; text-overflow: ellipsis; font-family: Interstate, 'Lucida Grande', 'Lucida Sans Unicode', 'Lucida Sans', Garuda, Verdana, Tahoma, sans-serif; font-weight: 100; text-align: center;\"><a style=\"color: #cccccc; text-decoration: none;\" title=\"V\u00f3s Pessoas no Plural\" href=\"https:\/\/soundcloud.com\/vos-social\" target=\"_blank\" rel=\"noopener\">V\u00f3s Pessoas no Plural<\/a> \u00b7 <a style=\"color: #cccccc; text-decoration: none;\" title=\"BSV Especial Coronav\u00edrus #30 Bolsonaro contra a vacina\" href=\"https:\/\/soundcloud.com\/vos-social\/bsv-especial-coronavirus-30-bolsonaro-contra-a-vacina\/s-3JsyV5q8FvN\" target=\"_blank\" rel=\"noopener\">BSV Especial Coronav\u00edrus #30 Bolsonaro contra a vacina<\/a><\/div>\n","protected":false},"excerpt":{"rendered":"<p>A pandemia ainda n\u00e3o acabou e est\u00e1 muito longe de ser controlada. Prova disso \u00e9 embate nonsense de Jair Bolsonaro [&hellip;]<\/p>\n","protected":false},"author":3,"featured_media":7538,"comment_status":"open","ping_status":"open","sticky":false,"template":"","format":"standard","meta":{"_acf_changed":false,"footnotes":""},"categories":[1541],"tags":[870,2158,2188,2173,2156,2165,2352],"class_list":["post-7537","post","type-post","status-publish","format-standard","has-post-thumbnail","hentry","category-podcasts","tag-bolsonaro","tag-coronavirus","tag-covid","tag-covid19","tag-epidemia","tag-pandemia","tag-vacina"],"acf":[],"_links":{"self":[{"href":"https:\/\/vos.homolog.arsnova.work\/index.php?rest_route=\/wp\/v2\/posts\/7537","targetHints":{"allow":["GET"]}}],"collection":[{"href":"https:\/\/vos.homolog.arsnova.work\/index.php?rest_route=\/wp\/v2\/posts"}],"about":[{"href":"https:\/\/vos.homolog.arsnova.work\/index.php?rest_route=\/wp\/v2\/types\/post"}],"author":[{"embeddable":true,"href":"https:\/\/vos.homolog.arsnova.work\/index.php?rest_route=\/wp\/v2\/users\/3"}],"replies":[{"embeddable":true,"href":"https:\/\/vos.homolog.arsnova.work\/index.php?rest_route=%2Fwp%2Fv2%2Fcomments&post=7537"}],"version-history":[{"count":0,"href":"https:\/\/vos.homolog.arsnova.work\/index.php?rest_route=\/wp\/v2\/posts\/7537\/revisions"}],"wp:featuredmedia":[{"embeddable":true,"href":"https:\/\/vos.homolog.arsnova.work\/index.php?rest_route=\/wp\/v2\/media\/7538"}],"wp:attachment":[{"href":"https:\/\/vos.homolog.arsnova.work\/index.php?rest_route=%2Fwp%2Fv2%2Fmedia&parent=7537"}],"wp:term":[{"taxonomy":"category","embeddable":true,"href":"https:\/\/vos.homolog.arsnova.work\/index.php?rest_route=%2Fwp%2Fv2%2Fcategories&post=7537"},{"taxonomy":"post_tag","embeddable":true,"href":"https:\/\/vos.homolog.arsnova.work\/index.php?rest_route=%2Fwp%2Fv2%2Ftags&post=7537"}],"curies":[{"name":"wp","href":"https:\/\/api.w.org\/{rel}","templated":true}]}}