{"id":7526,"date":"2020-10-24T12:24:51","date_gmt":"2020-10-24T15:24:51","guid":{"rendered":"https:\/\/vos.homolog.arsnova.work\/?p=7526"},"modified":"2020-10-24T12:24:51","modified_gmt":"2020-10-24T15:24:51","slug":"dani-espindola-tanto-fiz-que-deu-poema","status":"publish","type":"post","link":"https:\/\/vos.homolog.arsnova.work\/?p=7526","title":{"rendered":"Dani Esp\u00edndola: &#8220;Tanto fiz que deu poema&#8221;"},"content":{"rendered":"<h6 style=\"text-align: center\"><strong>EXIST\u00caNCIA?<\/strong><\/h6>\n<p style=\"text-align: center\"><span style=\"font-weight: 400\">A exist\u00eancia me negou dotes pr\u00f3prios\u00a0<\/span><\/p>\n<p style=\"text-align: center\"><span style=\"font-weight: 400\">N\u00e3o pude ser ofertada\u00a0<\/span><\/p>\n<p style=\"text-align: center\"><span style=\"font-weight: 400\">Nem fui notada\u00a0<\/span><\/p>\n<p style=\"text-align: center\"><span style=\"font-weight: 400\">Precisei parir-me para ser algu\u00e9m\u00a0<\/span><\/p>\n<p style=\"text-align: center\"><span style=\"font-weight: 400\">Quebrei cascas\u00a0<\/span><\/p>\n<p style=\"text-align: center\"><span style=\"font-weight: 400\">Troquei de peles\u00a0<\/span><\/p>\n<p style=\"text-align: center\"><span style=\"font-weight: 400\">Fui al\u00e9m.\u00a0<\/span><\/p>\n<p style=\"text-align: center\"><span style=\"font-weight: 400\">Convenci-me de que para algo haveria de servir\u00a0<\/span><\/p>\n<p style=\"text-align: center\"><span style=\"font-weight: 400\">Pois que para tudo h\u00e1 um prop\u00f3sito, algu\u00e9m me disse\u00a0<\/span><\/p>\n<p style=\"text-align: center\"><span style=\"font-weight: 400\">E travestida de ilus\u00f5es\u00a0<\/span><\/p>\n<p style=\"text-align: center\"><span style=\"font-weight: 400\">Pude ent\u00e3o seguir.\u00a0<\/span><\/p>\n<p><a href=\"https:\/\/vos.homolog.arsnova.work\/wp-content\/uploads\/2020\/10\/Capa_tanto_fiz_que_deu_poema.png\"><img loading=\"lazy\" decoding=\"async\" class=\"size-medium wp-image-7528 alignleft\" src=\"https:\/\/vos.homolog.arsnova.work\/wp-content\/uploads\/2020\/10\/Capa_tanto_fiz_que_deu_poema-300x169.png\" alt=\"\" width=\"300\" height=\"169\" srcset=\"https:\/\/vos.homolog.arsnova.work\/wp-content\/uploads\/2020\/10\/Capa_tanto_fiz_que_deu_poema-300x169.png 300w, https:\/\/vos.homolog.arsnova.work\/wp-content\/uploads\/2020\/10\/Capa_tanto_fiz_que_deu_poema-1536x864.png 1536w, https:\/\/vos.homolog.arsnova.work\/wp-content\/uploads\/2020\/10\/Capa_tanto_fiz_que_deu_poema-768x432.png 768w, https:\/\/vos.homolog.arsnova.work\/wp-content\/uploads\/2020\/10\/Capa_tanto_fiz_que_deu_poema-1024x576.png 1024w, https:\/\/vos.homolog.arsnova.work\/wp-content\/uploads\/2020\/10\/Capa_tanto_fiz_que_deu_poema.png 1920w\" sizes=\"auto, (max-width: 300px) 100vw, 300px\" \/><\/a><\/p>\n<p style=\"text-align: justify\"><span style=\"font-weight: 400\">O texto acima \u00e9 de autoria de Dani Esp\u00edndola e integra o rec\u00e9m-lan\u00e7ado e-book <\/span><i><span style=\"font-weight: 400\">Tanto fiz que deu poema<\/span><\/i><span style=\"font-weight: 400\">, lan\u00e7amento independente que pode ser baixado gratuitamente. A escrita surgiu de forma intensa na vida da autora depois de ser diagnosticada com Covid-19, no in\u00edcio da quarentena no Brasil, como relatei na coluna Voos Liter\u00e1rios em <a href=\"https:\/\/vos.homolog.arsnova.work\/voos-literarios\/todas-poetica-feminina-e-feminista\/\" target=\"_blank\" rel=\"noopener\">15 de agosto de 2020<\/a>.\u00a0 No total, o livro\u00a0<\/span><span style=\"font-weight: 400\">tem 30 poemas, acompanhados de uma sele\u00e7\u00e3o de obras de arte que \u201cconversam\u201d com a escrita da autora.\u00a0<\/span><\/p>\n<h6 style=\"text-align: center\"><strong>UM MERGULHO NA POESIA E NAS ARTES VISUAIS<\/strong><\/h6>\n<p style=\"text-align: justify\"><span style=\"font-weight: 400\"><a href=\"https:\/\/vos.homolog.arsnova.work\/wp-content\/uploads\/2020\/10\/dani_espindola_moglidiani.jpg\"><img loading=\"lazy\" decoding=\"async\" class=\"size-medium wp-image-7527 alignright\" src=\"https:\/\/vos.homolog.arsnova.work\/wp-content\/uploads\/2020\/10\/dani_espindola_moglidiani-239x300.jpg\" alt=\"\" width=\"239\" height=\"300\" srcset=\"https:\/\/vos.homolog.arsnova.work\/wp-content\/uploads\/2020\/10\/dani_espindola_moglidiani-239x300.jpg 239w, https:\/\/vos.homolog.arsnova.work\/wp-content\/uploads\/2020\/10\/dani_espindola_moglidiani.jpg 446w\" sizes=\"auto, (max-width: 239px) 100vw, 239px\" \/><\/a>No poema Exist\u00eancia?, por exemplo, a obra escolhida pela autora \u00e9 <\/span><i><span style=\"font-weight: 400\">Retrato de Maude Abrantes<\/span><\/i><span style=\"font-weight: 400\">, do artista italiano (radicado na Fran\u00e7a) Amedeo Modigliani. Pois o quadro em quest\u00e3o \u00e9 de 1908, por\u00e9m s\u00f3 uns 100 anos depois \u00e9 que especialistas descobriram que o pintor havia usado a mesma tela para, anteriormente, pintar uma mulher nua, de chap\u00e9u. O curioso \u00e9 que Modigliani n\u00e3o apenas fez outro retrato por cima, ele virou a tela de cabe\u00e7a para baixo. Como se quisesse, talvez, mudar seu ponto de vista a respeito daquela figura feminina, que se tornaria uma de suas obras mais famosas. Descobri essa curiosidade na\u00a0<a href=\"http:\/\/www.amedeomodigliani.net\/portrait-of-maude-abrantes\/\" target=\"_blank\" rel=\"noopener\">pesquisa<\/a> para escrever o post e n\u00e3o sei se Dani Esp\u00edndola sabia dessa hist\u00f3ria ao escolher justamente esta pintura do artista pl\u00e1stico.<\/span><\/p>\n<p style=\"text-align: justify\"><span style=\"font-weight: 400\">Ao acabar a leitura do livro, concluo que este acaba sendo mais um m\u00e9rito de\u00a0<\/span><i><span style=\"font-weight: 400\">Tanto fiz que deu poema<\/span><\/i><span style=\"font-weight: 400\">. Al\u00e9m de nos ofertar (gratuitamente) poesia de qualidade, a autora ainda instiga o leitor a querer saber mais sobre o mundo das artes visuais, no jogo de procurar entender o nexo entre texto e imagem.\u00a0<\/span><\/p>\n<p style=\"text-align: center\">O livro <em>Tanto fiz que deu poema<\/em> pode ser baixado <a href=\"https:\/\/jidduksonline.com.br\/ornitorrincobala-dani-espindola\/\" target=\"_blank\" rel=\"noopener\">aqui<\/a>.<\/p>\n<p><em>Imagem: Capa do livro\/Divulga\u00e7\u00e3o<\/em><\/p>\n","protected":false},"excerpt":{"rendered":"<p>EXIST\u00caNCIA? A exist\u00eancia me negou dotes pr\u00f3prios\u00a0 N\u00e3o pude ser ofertada\u00a0 Nem fui notada\u00a0 Precisei parir-me para ser algu\u00e9m\u00a0 Quebrei [&hellip;]<\/p>\n","protected":false},"author":5,"featured_media":7532,"comment_status":"open","ping_status":"open","sticky":false,"template":"","format":"standard","meta":{"_acf_changed":false,"footnotes":""},"categories":[4],"tags":[2350,1186,2293,2291,2351],"class_list":["post-7526","post","type-post","status-publish","format-standard","has-post-thumbnail","hentry","category-voos-literarios","tag-dani-espindola","tag-leia-mulheres","tag-poesia-feminina","tag-poesia-feminista","tag-tanto-fiz-que-deu-poema"],"acf":[],"_links":{"self":[{"href":"https:\/\/vos.homolog.arsnova.work\/index.php?rest_route=\/wp\/v2\/posts\/7526","targetHints":{"allow":["GET"]}}],"collection":[{"href":"https:\/\/vos.homolog.arsnova.work\/index.php?rest_route=\/wp\/v2\/posts"}],"about":[{"href":"https:\/\/vos.homolog.arsnova.work\/index.php?rest_route=\/wp\/v2\/types\/post"}],"author":[{"embeddable":true,"href":"https:\/\/vos.homolog.arsnova.work\/index.php?rest_route=\/wp\/v2\/users\/5"}],"replies":[{"embeddable":true,"href":"https:\/\/vos.homolog.arsnova.work\/index.php?rest_route=%2Fwp%2Fv2%2Fcomments&post=7526"}],"version-history":[{"count":0,"href":"https:\/\/vos.homolog.arsnova.work\/index.php?rest_route=\/wp\/v2\/posts\/7526\/revisions"}],"wp:featuredmedia":[{"embeddable":true,"href":"https:\/\/vos.homolog.arsnova.work\/index.php?rest_route=\/wp\/v2\/media\/7532"}],"wp:attachment":[{"href":"https:\/\/vos.homolog.arsnova.work\/index.php?rest_route=%2Fwp%2Fv2%2Fmedia&parent=7526"}],"wp:term":[{"taxonomy":"category","embeddable":true,"href":"https:\/\/vos.homolog.arsnova.work\/index.php?rest_route=%2Fwp%2Fv2%2Fcategories&post=7526"},{"taxonomy":"post_tag","embeddable":true,"href":"https:\/\/vos.homolog.arsnova.work\/index.php?rest_route=%2Fwp%2Fv2%2Ftags&post=7526"}],"curies":[{"name":"wp","href":"https:\/\/api.w.org\/{rel}","templated":true}]}}