{"id":7496,"date":"2020-10-17T18:06:22","date_gmt":"2020-10-17T21:06:22","guid":{"rendered":"https:\/\/vos.homolog.arsnova.work\/?p=7496"},"modified":"2020-10-17T18:06:22","modified_gmt":"2020-10-17T21:06:22","slug":"com-mae-feminista-eu-nao-cresco-machista","status":"publish","type":"post","link":"https:\/\/vos.homolog.arsnova.work\/?p=7496","title":{"rendered":"Com m\u00e3e feminista eu n\u00e3o cres\u00e7o machista"},"content":{"rendered":"<p style=\"text-align: justify\"><span style=\"font-weight: 400\"><a href=\"https:\/\/vos.homolog.arsnova.work\/wp-content\/uploads\/2020\/10\/Com_mae_feminista_eu_nao_cresco_machista-e1602965450571.jpeg\"><img loading=\"lazy\" decoding=\"async\" class=\"size-medium wp-image-7499 alignleft\" src=\"https:\/\/vos.homolog.arsnova.work\/wp-content\/uploads\/2020\/10\/Com_mae_feminista_eu_nao_cresco_machista-e1602965450571-253x300.jpeg\" alt=\"\" width=\"253\" height=\"300\" srcset=\"https:\/\/vos.homolog.arsnova.work\/wp-content\/uploads\/2020\/10\/Com_mae_feminista_eu_nao_cresco_machista-e1602965450571-253x300.jpeg 253w, https:\/\/vos.homolog.arsnova.work\/wp-content\/uploads\/2020\/10\/Com_mae_feminista_eu_nao_cresco_machista-e1602965450571.jpeg 324w\" sizes=\"auto, (max-width: 253px) 100vw, 253px\" \/><\/a>A frase do t\u00edtulo desse texto pode ser vista em camisetas infantis compradas por m\u00e3es esperan\u00e7osas em n\u00e3o propagarem o machismo estrutural existente na nossa sociedade. \u201cCom m\u00e3e feminista eu n\u00e3o cres\u00e7o machista\u201d\u00a0 \u00e9 um bord\u00e3o necess\u00e1rio para evitar que, no futuro, homens com dinheiro e fama ajam como Robinho. O jogador, incomodado com a repercuss\u00e3o negativa da sua condena\u00e7\u00e3o por viol\u00eancia sexual na It\u00e1lia, preferiu criticar quem luta pelo fim da cultura do estupro:<\/span><\/p>\n<h6 style=\"text-align: justify\"><em><span style=\"font-weight: 400\">&#8220;Infelizmente, existe esse movimento feminista. Muitas mulheres \u00e0s vezes n\u00e3o s\u00e3o nem mulheres, para falar o portugu\u00eas claro, e se levantam contra. Eu sou casado, se eu sair na rua e uma mulher me chamar de lindo, tem uma conota\u00e7\u00e3o. Se eu mexer com voc\u00ea (entrevistadora) com falta de respeito, \u00e9 totalmente diferente&#8221;, afirmou o jogador. (Leia\u00a0 mat\u00e9ria completa <a href=\"https:\/\/catracalivre.com.br\/cidadania\/robinho-infelizmente-existe-esse-movimento-feminista\/\" target=\"_blank\" rel=\"noopener\">aqui<\/a>)<\/span><span style=\"font-weight: 400\">\u00a0<\/span><\/em><\/h6>\n<h6 style=\"text-align: justify\"><strong>CASO PERDIDO<\/strong><\/h6>\n<p style=\"text-align: justify\"><span style=\"font-weight: 400\">Depois de ler essa entrevista, eu n\u00e3o vejo uma solu\u00e7\u00e3o para que Robinho deixe de ser o homem machista que \u00e9, assim como todos aqueles que o defendem ou relativizam seu crime. O jogador ter\u00e1 \u00e9 que se acertar com a justi\u00e7a italiana e, l\u00e1, de nada adiantar\u00e3o lamentos contra o feminismo. O que me interessa mesmo \u00e9 pensar no futuro.<\/span><\/p>\n<h6 style=\"text-align: justify\"><strong>O FUTURO PRECISA SER FEMININO<\/strong><\/h6>\n<p style=\"text-align: justify\"><span style=\"font-weight: 400\">Nenhuma crian\u00e7a, independente do sexo, nasce achando que mulheres s\u00e3o objetos e merecedoras de agress\u00f5es. Por\u00e9m, dependendo do ambiente em que meninos s\u00e3o criados, passam a pensar e agir de forma t\u00f3xica e machista. Por isso, \u00e9 preciso que sejam educados para respeitar todas as mulheres, e n\u00e3o apenas suas m\u00e3es e irm\u00e3s. \u00c9 necess\u00e1rio mostrar que eles n\u00e3o ser\u00e3o donos dos corpos femininos. Eles precisam ser ensinados, de forma direta e clara, sobre o que \u00e9 consentimento e o quanto o abuso sexual \u00e9 um crime horr\u00edvel (e n\u00e3o motivo para se gabar entre seus amigos homens.)<\/span><\/p>\n<h6 style=\"text-align: justify\"><strong>UTOPIA OU UMA REALIDADE POSS\u00cdVEL?<\/strong><\/h6>\n<p style=\"text-align: justify\"><span style=\"font-weight: 400\"><a href=\"https:\/\/vos.homolog.arsnova.work\/wp-content\/uploads\/2020\/10\/Com_Mae_Feministsa_eu_nao_cresco_machista_2-e1602965803931.jpeg\"><img loading=\"lazy\" decoding=\"async\" class=\"size-medium wp-image-7501 alignleft\" src=\"https:\/\/vos.homolog.arsnova.work\/wp-content\/uploads\/2020\/10\/Com_Mae_Feministsa_eu_nao_cresco_machista_2-e1602965803931-300x175.jpeg\" alt=\"\" width=\"300\" height=\"175\" srcset=\"https:\/\/vos.homolog.arsnova.work\/wp-content\/uploads\/2020\/10\/Com_Mae_Feministsa_eu_nao_cresco_machista_2-e1602965803931-300x175.jpeg 300w, https:\/\/vos.homolog.arsnova.work\/wp-content\/uploads\/2020\/10\/Com_Mae_Feministsa_eu_nao_cresco_machista_2-e1602965803931-768x447.jpeg 768w, https:\/\/vos.homolog.arsnova.work\/wp-content\/uploads\/2020\/10\/Com_Mae_Feministsa_eu_nao_cresco_machista_2-e1602965803931.jpeg 1016w\" sizes=\"auto, (max-width: 300px) 100vw, 300px\" \/><\/a>Pode parecer ut\u00f3pico, mas eu acredito no fim do machismo. Considero que um dos meios para atingirmos um futuro com menos masculinidade t\u00f3xica \u00e9 atrav\u00e9s da leitura de livros infantis adequados. Existem obras feministas com enredos que v\u00e3o ensinar as crian\u00e7as sobre igualdade e respeito. Obras que mostram meninas como protagonistas de suas exist\u00eancias e n\u00e3o apenas como princesas que ficam em torres aguardando a chegada de pr\u00edncipes salvadores. E quando vejo Robinhos da vida esperneando contra o movimento feminista mais me conven\u00e7o que entrela\u00e7ar feminismo e literatura infantil \u00e9 uma necessidade.\u00a0\u00a0<\/span><\/p>\n<h6 style=\"text-align: justify\"><strong>CANTINHO DA LEITURA<\/strong><\/h6>\n<p style=\"text-align: justify\"><span style=\"font-weight: 400\">Al\u00e9m dos textos da coluna Voos Lit\u00e9r\u00e1rios, o podcast Cantinho da Leitura \u00e9 outro espa\u00e7o de luta contra o machismo. E \u00e9 por isso que o segundo epis\u00f3dio, que ser\u00e1 lan\u00e7ado em novembro, trar\u00e1 sugest\u00f5es de leituras feministas para crian\u00e7as. O projeto, que estreou em outubro, foi contemplado em um edital emergencial para os trabalhadores do setor cultural do Rio Grande do Sul, chamado FAC Digital. Voc\u00eas podem ouvir o primeiro epis\u00f3dio <a href=\"https:\/\/vos.homolog.arsnova.work\/podcasts\/cantinho-da-leitura-1\/\" target=\"_blank\" rel=\"noopener\">aqui<\/a> e seguir o <a href=\"https:\/\/open.spotify.com\/show\/6UYNzLAKqkgg7g6Rs6gp9Q\" target=\"_blank\" rel=\"noopener\">perfil<\/a> do podcast no Spotify.\u00a0<\/span><\/p>\n<h6 style=\"text-align: justify\">USE PRIDA<\/h6>\n<p style=\"text-align: justify\">As fotos que ilustram esse texto foram cedidas por mulheres que acreditam\u00a0 que &#8220;as crian\u00e7as ser\u00e3o a revolu\u00e7\u00e3o&#8221;, conforme destaca Maisa Sabino, m\u00e3e de Armando, de 7 anos, de Ponte Nova (MG).\u00a0&#8220;S\u00f3 vamos quebrar o patriarcado, o machismo, o sexismo e a cultura de viol\u00eancia de g\u00eanero por meio da educa\u00e7\u00e3o. Meu filho \u00e9 livre para brincar do que quiser, por exemplo. Tendo essa inf\u00e2ncia diversa, ele j\u00e1 sabe respeitar as diferen\u00e7as.\u00a0 Ajuda na cozinha, nos afazeres da casa. E nem cobro, Armando faz quest\u00e3o, porque j\u00e1 est\u00e1 crescendo com isso enraizado nele&#8221;, conta Maisa.<\/p>\n<p style=\"text-align: justify\">Bruna de Bem, m\u00e3e do pequeno Leonel de Bem Unser, de 8 meses, de Novo Hamburgo (RS), comenta que \u00e9 motivo de preocupa\u00e7\u00e3o pensar em como criar um filho n\u00e3o machista em um sociedade machista. &#8220;Acredito que ser\u00e1 nas pequenas coisas do dia que ele acabar\u00e1 aprendendo a respeitar as mulheres. E, tamb\u00e9m, por viver em um ambiente onde n\u00e3o existem atitudes sexistas&#8221;, avalia.<\/p>\n<p style=\"text-align: justify\"><em>Armando e Leonel vestem a marca\u00a0 autoral <a href=\"https:\/\/www.useprida.com.br\/product-page\/camiseta-infantil-com-m%C3%A3e-feminista\" target=\"_blank\" rel=\"noopener\">Use Prida<\/a>.\u00a0 As imagens s\u00e3o do acervo pessoal das entrevistadas, de 2019 (Armando) e 2020 (Leonel).<\/em><\/p>\n<p>&nbsp;<\/p>\n<p>&nbsp;<\/p>\n<p style=\"text-align: justify\"><span style=\"font-weight: 400\">\u00a0<\/span><\/p>\n","protected":false},"excerpt":{"rendered":"<p>A frase do t\u00edtulo desse texto pode ser vista em camisetas infantis compradas por m\u00e3es esperan\u00e7osas em n\u00e3o propagarem o [&hellip;]<\/p>\n","protected":false},"author":5,"featured_media":7501,"comment_status":"open","ping_status":"open","sticky":false,"template":"","format":"standard","meta":{"_acf_changed":false,"footnotes":""},"categories":[4],"tags":[2345],"class_list":["post-7496","post","type-post","status-publish","format-standard","has-post-thumbnail","hentry","category-voos-literarios","tag-com-mae-feminista-eu-nao-cresco-machista"],"acf":[],"_links":{"self":[{"href":"https:\/\/vos.homolog.arsnova.work\/index.php?rest_route=\/wp\/v2\/posts\/7496","targetHints":{"allow":["GET"]}}],"collection":[{"href":"https:\/\/vos.homolog.arsnova.work\/index.php?rest_route=\/wp\/v2\/posts"}],"about":[{"href":"https:\/\/vos.homolog.arsnova.work\/index.php?rest_route=\/wp\/v2\/types\/post"}],"author":[{"embeddable":true,"href":"https:\/\/vos.homolog.arsnova.work\/index.php?rest_route=\/wp\/v2\/users\/5"}],"replies":[{"embeddable":true,"href":"https:\/\/vos.homolog.arsnova.work\/index.php?rest_route=%2Fwp%2Fv2%2Fcomments&post=7496"}],"version-history":[{"count":0,"href":"https:\/\/vos.homolog.arsnova.work\/index.php?rest_route=\/wp\/v2\/posts\/7496\/revisions"}],"wp:featuredmedia":[{"embeddable":true,"href":"https:\/\/vos.homolog.arsnova.work\/index.php?rest_route=\/wp\/v2\/media\/7501"}],"wp:attachment":[{"href":"https:\/\/vos.homolog.arsnova.work\/index.php?rest_route=%2Fwp%2Fv2%2Fmedia&parent=7496"}],"wp:term":[{"taxonomy":"category","embeddable":true,"href":"https:\/\/vos.homolog.arsnova.work\/index.php?rest_route=%2Fwp%2Fv2%2Fcategories&post=7496"},{"taxonomy":"post_tag","embeddable":true,"href":"https:\/\/vos.homolog.arsnova.work\/index.php?rest_route=%2Fwp%2Fv2%2Ftags&post=7496"}],"curies":[{"name":"wp","href":"https:\/\/api.w.org\/{rel}","templated":true}]}}