{"id":7482,"date":"2020-10-12T18:50:33","date_gmt":"2020-10-12T21:50:33","guid":{"rendered":"https:\/\/vos.homolog.arsnova.work\/?p=7482"},"modified":"2020-10-12T18:57:56","modified_gmt":"2020-10-12T21:57:56","slug":"cantinho-da-leitura-1","status":"publish","type":"post","link":"https:\/\/vos.homolog.arsnova.work\/?p=7482","title":{"rendered":"Cantinho da Leitura #1 Literatura infantil como instrumento de di\u00e1logo em tempos de coronav\u00edrus"},"content":{"rendered":"<div class=\"css-u71cq3\">\n<div class=\"css-1k4ndg2\">\n<div class=\"css-16k5763\">\n<div>\n<div class=\"css-thpcnn\">\n<div class=\"styles__container___30dIb\">\n<div class=\"styles__scrollableSection___3PZM0\">\n<div class=\"css-1uyhafc\">\n<div class=\"css-vax5dl\">\n<p><a href=\"https:\/\/vos.homolog.arsnova.work\/wp-content\/uploads\/2020\/10\/CANTINHO-nova-opc?a?o-e1602539856566.jpg\"><img loading=\"lazy\" decoding=\"async\" class=\"alignnone size-full wp-image-7483\" src=\"https:\/\/vos.homolog.arsnova.work\/wp-content\/uploads\/2020\/10\/CANTINHO-nova-opc?a?o-e1602539856566.jpg\" alt=\"\" width=\"1393\" height=\"472\" \/><\/a><\/p>\n<p style=\"text-align: justify;\">A literatura infantil pode ser uma forma de abordar assuntos como o risco de contamina\u00e7\u00e3o pelo coronav\u00edrus, afinal, o isolamento social e a pandemia afetam a todos, mas em especial \u00e0s crian\u00e7as. Se j\u00e1 \u00e9 dif\u00edcil para os adultos, para as crian\u00e7as \u00e9 ainda mais complicado, j\u00e1 que nem sempre conseguem expressar seus sentimentos em um momento t\u00e3o dif\u00edcil.<\/p>\n<p style=\"text-align: justify;\"><strong>O epis\u00f3dio \u00e9 apresentado pela jornalista Ge\u00f3rgia Santos, que entrevista a tamb\u00e9m jornalista e mestre em Literatura, Fl\u00e1via Cunha. O podcast \u00e9 uma parceria do <a href=\"https:\/\/vos.homolog.arsnova.work\/podcasts\/\" target=\"_blank\" rel=\"noopener\">V\u00f3s<\/a> com a <a href=\"http:\/\/flaviacunha.com.br\/\" target=\"_blank\" rel=\"noopener\">FCunha Produtora<\/a>.<\/strong><\/p>\n<\/div>\n<\/div>\n<\/div>\n<div class=\"styles__fadeElementTop___lliCM\" style=\"text-align: justify;\">\n<p class=\"p1\">A estreia do podcast Cantinho da Leitura foi contemplada pelo <strong>FAC Digital<\/strong>, da <strong>Secretaria de Estado da Cultura (Sedac-RS)<\/strong>, em parceria com a<strong> Feevale<\/strong> e <strong>Feevale TechPark<\/strong>.\u00a0 #culturaessencial\u00a0#facdigitalrs\u00a0#feevale\u00a0#feevaletechpark<\/p>\n<\/div>\n<div class=\"styles__fadeElementBottom___3XkCw\" style=\"text-align: justify;\"><\/div>\n<\/div>\n<\/div>\n<\/div>\n<div class=\"css-sug0t4\" style=\"text-align: justify;\">\n<div class=\"css-wynd3l\">\n<div class=\"css-1jxdd33\">\n<div class=\"css-1bxzfv\">\n<div class=\"css-8bfpek\" tabindex=\"0\" role=\"button\">\n<div class=\"css-8bfpek\">\n<div class=\"css-fevtbh\"><\/div>\n<\/div>\n<\/div>\n<\/div>\n<\/div>\n<\/div>\n<\/div>\n<\/div>\n<\/div>\n<\/div>\n<div class=\"css-11stt0k\">\n<div class=\"css-1wr8zj6\">\n<div class=\"css-5364zc\">\n<div class=\"css-ndvarj\">\n<div class=\"css-fevtbh\" style=\"text-align: justify;\"><\/div>\n<\/div>\n<\/div>\n<\/div>\n<\/div>\n<p style=\"text-align: center;\"><iframe loading=\"lazy\" src=\"https:\/\/anchor.fm\/flavia-travassos-cunha\/embed\/episodes\/Literatura-infantil-como-instrumento-de-dilogo-em-tempos-de-coronavrus-ekv82c\" width=\"400px\" height=\"102px\" frameborder=\"0\" scrolling=\"no\"><\/iframe><\/p>\n","protected":false},"excerpt":{"rendered":"<p>A literatura infantil pode ser uma forma de abordar assuntos como o risco de contamina\u00e7\u00e3o pelo coronav\u00edrus, afinal, o isolamento [&hellip;]<\/p>\n","protected":false},"author":3,"featured_media":7485,"comment_status":"open","ping_status":"open","sticky":false,"template":"","format":"standard","meta":{"_acf_changed":false,"footnotes":""},"categories":[1541],"tags":[2340,2341,2342,2343,2344],"class_list":["post-7482","post","type-post","status-publish","format-standard","has-post-thumbnail","hentry","category-podcasts","tag-culturaessencial","tag-facdigital","tag-facdigitalrs","tag-feevale","tag-feevaletechpark"],"acf":[],"_links":{"self":[{"href":"https:\/\/vos.homolog.arsnova.work\/index.php?rest_route=\/wp\/v2\/posts\/7482","targetHints":{"allow":["GET"]}}],"collection":[{"href":"https:\/\/vos.homolog.arsnova.work\/index.php?rest_route=\/wp\/v2\/posts"}],"about":[{"href":"https:\/\/vos.homolog.arsnova.work\/index.php?rest_route=\/wp\/v2\/types\/post"}],"author":[{"embeddable":true,"href":"https:\/\/vos.homolog.arsnova.work\/index.php?rest_route=\/wp\/v2\/users\/3"}],"replies":[{"embeddable":true,"href":"https:\/\/vos.homolog.arsnova.work\/index.php?rest_route=%2Fwp%2Fv2%2Fcomments&post=7482"}],"version-history":[{"count":0,"href":"https:\/\/vos.homolog.arsnova.work\/index.php?rest_route=\/wp\/v2\/posts\/7482\/revisions"}],"wp:featuredmedia":[{"embeddable":true,"href":"https:\/\/vos.homolog.arsnova.work\/index.php?rest_route=\/wp\/v2\/media\/7485"}],"wp:attachment":[{"href":"https:\/\/vos.homolog.arsnova.work\/index.php?rest_route=%2Fwp%2Fv2%2Fmedia&parent=7482"}],"wp:term":[{"taxonomy":"category","embeddable":true,"href":"https:\/\/vos.homolog.arsnova.work\/index.php?rest_route=%2Fwp%2Fv2%2Fcategories&post=7482"},{"taxonomy":"post_tag","embeddable":true,"href":"https:\/\/vos.homolog.arsnova.work\/index.php?rest_route=%2Fwp%2Fv2%2Ftags&post=7482"}],"curies":[{"name":"wp","href":"https:\/\/api.w.org\/{rel}","templated":true}]}}