{"id":7476,"date":"2020-10-10T15:44:32","date_gmt":"2020-10-10T18:44:32","guid":{"rendered":"https:\/\/vos.homolog.arsnova.work\/?p=7476"},"modified":"2020-10-10T15:44:32","modified_gmt":"2020-10-10T18:44:32","slug":"retratos-da-leitura","status":"publish","type":"post","link":"https:\/\/vos.homolog.arsnova.work\/?p=7476","title":{"rendered":"Retratos da Leitura: crian\u00e7as s\u00e3o boa surpresa"},"content":{"rendered":"<p style=\"text-align: justify\"><span style=\"font-weight: 400\">J\u00e1 escrevi porque aqui como acredito na Literatura Infantil como um instrumento de mudan\u00e7a social. O racioc\u00ednio \u00e9 simples: crian\u00e7as\u00a0<\/span><span style=\"font-family: Lato, Arial, sans-serif;font-size: 14px;letter-spacing: 0px\">est\u00e3o em um processo natural de aprendizado do mundo. Se durante esse per\u00edodo de desenvolvimento forem apresentadas a livros <\/span><span style=\"font-size: 14px;letter-spacing: 0px\">estimulantes e sem estere\u00f3tipos, aumenta a possibilidade de, no futuro, essas pessoas serem menos preconceituosas e mais emp\u00e1ticas, al\u00e9m de terem mais vocabul\u00e1rio e capacidade de interpreta\u00e7\u00e3o de texto. Ou seja, s\u00f3 h\u00e1 vantagens para quem \u00e9 leitor.\u00a0\u00a0<\/span><\/p>\n<h6>AUMENTO DAS CRIAN\u00c7AS LEITORAS<\/h6>\n<p style=\"text-align: justify\"><span style=\"font-size: 14px;letter-spacing: 0px\"><span style=\"font-weight: 400\">E uma boa not\u00edcia \u00e9 que a crian\u00e7ada parece mais predisposta a gostar de ler atualmente. Pelo `menos \u00e9 que aponta a <\/span><span style=\"font-weight: 400\">5\u00aa Pesquisa Retratos da Leitura no Brasil, divulgada recentemente. E<\/span><\/span><span style=\"font-weight: 400\">ntre diversos dados preocupantes e pouco otimistas revelados pelo estudo, destaca-se o aumento do n\u00famero de crian\u00e7as leitoras no pa\u00eds de 40%, em 2015 (data do levantamento anterior) para 48%, em 2019.\u00a0Al\u00e9m disso, quando a pergunta \u00e9 a motiva\u00e7\u00e3o para ler, a faixa et\u00e1ria que mais l\u00ea \u201cpor gosto\u201d, conforme a pesquisa, \u00e9 a que vai dos 5 aos 10 anos (48%). Esses percentuais v\u00e3o, infelizmente, diminuindo conforme a idade. De 11 a 13 anos fica em 33%, de 14 a 17 anos, cai para 24%, ficando em percentuais entre 22 e 25% entre os 25 e os 59 anos.<\/span><\/p>\n<h6 style=\"text-align: justify\"><strong>FALTA DE TEMPO?<\/strong><\/h6>\n<p style=\"text-align: justify\">Esta queda do n\u00famero de leitores &#8220;por gosto&#8221; pode ser atribu\u00edda, claro, \u00e0<span style=\"font-weight: 400\">\u00a0dedica\u00e7\u00e3o de tempo a obriga\u00e7\u00f5es acad\u00eamicas e profissionais, que v\u00e3o crescendo naturalmente com o passar dos anos. Por\u00e9m, se levarmos em considera\u00e7\u00e3o o uso da Internet, as crian\u00e7as e adolescentes tamb\u00e9m surpreendem. S\u00e3o a faixa et\u00e1ria que mais usa esse recurso tecnol\u00f3gico para ler livros: dos 5 aos 10 (11%) e dos 11 aos 17 anos (13%). Dos 18 at\u00e9 os 70 anos de idade esse percentual n\u00e3o chega a 6% dos entrevistados. Confira a pesquisa completa <a href=\"https:\/\/prolivro.org.br\/wp-content\/uploads\/2020\/09\/5a_edicao_Retratos_da_Leitura_no_Brasil_IPL-compactado.pdf\" target=\"_blank\" rel=\"noopener\">aqui<\/a>.<\/span><\/p>\n<h6 style=\"text-align: justify\">ENCANTAMENTO PELOS LIVROS<\/h6>\n<p style=\"text-align: justify\"><span style=\"font-weight: 400\">A partir dessa an\u00e1lise por faixa et\u00e1ria da pesquisa Retratos da Leitura no Brasil 2020 , podemos perceber o quanto \u00e9 necess\u00e1rio que n\u00f3s adultos busquemos formas do encanto infantil pelos livros manter-se ao longo da vida. E esse, sem d\u00favida, \u00e9 um dos objetivos do podcast <strong>Cantinho da Leitura<\/strong>, que ser\u00e1 lan\u00e7ado pelo V\u00f3s, em breve, no dia 12 de outubro.\u00a0<\/span><\/p>\n<p style=\"text-align: justify\"><span style=\"font-weight: 400\">Os epis\u00f3dios trar\u00e3o dicas de livros infantis e formas de estimular os pequenos a gostarem de literatura. Al\u00e9m disso, ser\u00e3o escolhidos temas urgentes e necess\u00e1rios para serem abordados com as crian\u00e7as, como feminismo, democracia e antirracismo. Na estreia, como falar sobre coronav\u00edrus e luto com as crian\u00e7as em tempos de pandemia. A ancoragem \u00e9 de Ge\u00f3rgia Santos, editora-chefe do V\u00f3s, e os coment\u00e1rios s\u00e3o da colunista aqui. O podcast foi idealizado pela F Cunha Produtora, em colabora\u00e7\u00e3o com o V\u00f3s.<\/span><\/p>\n<h6 style=\"text-align: justify\">FAC DIGITAL<\/h6>\n<p style=\"text-align: justify\"><span style=\"font-weight: 400\">A estreia do podcast Cantinho da Leitura foi contemplada pelo FAC Digital, da Secretaria de Estado da Cultura (Sedac-RS), em parceria com a Feevale e Feevale TechPark.\u00a0<\/span><\/p>\n<p style=\"text-align: justify\"><span style=\"font-weight: 400\">#culturaessencial\u00a0<\/span><span style=\"font-weight: 400\">#facdigitalrs\u00a0<\/span><span style=\"font-weight: 400\">#feevale\u00a0<\/span><span style=\"font-weight: 400\">#feevaletechpark<\/span><\/p>\n<p><em>Imagem: StockNap\/Pixabay<\/em><\/p>\n<p style=\"text-align: justify\">\n","protected":false},"excerpt":{"rendered":"<p>J\u00e1 escrevi porque aqui como acredito na Literatura Infantil como um instrumento de mudan\u00e7a social. O racioc\u00ednio \u00e9 simples: crian\u00e7as\u00a0est\u00e3o [&hellip;]<\/p>\n","protected":false},"author":5,"featured_media":7477,"comment_status":"open","ping_status":"open","sticky":false,"template":"","format":"standard","meta":{"_acf_changed":false,"footnotes":""},"categories":[4],"tags":[2337,2338,2339,1544,2336],"class_list":["post-7476","post","type-post","status-publish","format-standard","has-post-thumbnail","hentry","category-voos-literarios","tag-5a-pesquisa-retratos-da-leitura-no-brasil","tag-cantinho-da-leitura","tag-fac-digital-rs","tag-podcast","tag-retratos-da-leitura"],"acf":[],"_links":{"self":[{"href":"https:\/\/vos.homolog.arsnova.work\/index.php?rest_route=\/wp\/v2\/posts\/7476","targetHints":{"allow":["GET"]}}],"collection":[{"href":"https:\/\/vos.homolog.arsnova.work\/index.php?rest_route=\/wp\/v2\/posts"}],"about":[{"href":"https:\/\/vos.homolog.arsnova.work\/index.php?rest_route=\/wp\/v2\/types\/post"}],"author":[{"embeddable":true,"href":"https:\/\/vos.homolog.arsnova.work\/index.php?rest_route=\/wp\/v2\/users\/5"}],"replies":[{"embeddable":true,"href":"https:\/\/vos.homolog.arsnova.work\/index.php?rest_route=%2Fwp%2Fv2%2Fcomments&post=7476"}],"version-history":[{"count":0,"href":"https:\/\/vos.homolog.arsnova.work\/index.php?rest_route=\/wp\/v2\/posts\/7476\/revisions"}],"wp:featuredmedia":[{"embeddable":true,"href":"https:\/\/vos.homolog.arsnova.work\/index.php?rest_route=\/wp\/v2\/media\/7477"}],"wp:attachment":[{"href":"https:\/\/vos.homolog.arsnova.work\/index.php?rest_route=%2Fwp%2Fv2%2Fmedia&parent=7476"}],"wp:term":[{"taxonomy":"category","embeddable":true,"href":"https:\/\/vos.homolog.arsnova.work\/index.php?rest_route=%2Fwp%2Fv2%2Fcategories&post=7476"},{"taxonomy":"post_tag","embeddable":true,"href":"https:\/\/vos.homolog.arsnova.work\/index.php?rest_route=%2Fwp%2Fv2%2Ftags&post=7476"}],"curies":[{"name":"wp","href":"https:\/\/api.w.org\/{rel}","templated":true}]}}