{"id":7472,"date":"2020-10-07T17:00:10","date_gmt":"2020-10-07T20:00:10","guid":{"rendered":"https:\/\/vos.homolog.arsnova.work\/?p=7472"},"modified":"2020-10-07T11:28:43","modified_gmt":"2020-10-07T14:28:43","slug":"bsv-especial-coronavirus-28-bolsonaro-stf-e-trump","status":"publish","type":"post","link":"https:\/\/vos.homolog.arsnova.work\/?p=7472","title":{"rendered":"BSV Especial Coronav\u00edrus #28 Bolsonaro, STF e Trump"},"content":{"rendered":"<p class=\"p1\" style=\"text-align: justify;\"><strong>No epis\u00f3dio de hoje, Jair Bolsonaro, STF e Trump.<\/strong> O presidente indicou o desembargador Kassio Nunes Marques, de 48 anos, para a vaga deixada por Celso de Mello no Supremo Tribunal Federal. E no \u00faltimo final de semana, participou de reuni\u00e3o na casa do ex-presidente da corte, o ministro Dias Toffoli, em que os dois trocaram um caloroso abra\u00e7o.<\/p>\n<h5 class=\"p1\" style=\"text-align: center;\">.<\/h5>\n<h5 class=\"p1\" style=\"text-align: center;\">O problema \u00e9 que o abra\u00e7o e a indica\u00e7\u00e3o causaram desconforto em aliados. Ali\u00e1s, aliados que pareciam inabal\u00e1veis.<\/h5>\n<h5 class=\"p1\" style=\"text-align: center;\">A extremista Sara Giromini, por exemplo, disse que n\u00e3o conhece mais o homem que ajudou a eleger<\/h5>\n<h5 class=\"p1\" style=\"text-align: center;\">.<\/h5>\n<p class=\"p1\" style=\"text-align: justify;\">Bolsonaro foi criticado pelos eleitores por n\u00e3o escolher um nome terrivelmente evang\u00e9lico. Mas no ano que vem, abre outra vaga no Supremo Tribunal Federal com a aposentadoria de Marco Aur\u00e9lio Melo e ele garantiu, em evento em uma Igreja Evang\u00e9lica em S\u00e3o Paulo, que indicar\u00e1 um pastor. E como se n\u00e3o houvesse tretas o suficiente, Jair Bolsonaro tamb\u00e9m anda fritando Paulo Guedes e a gente vai aproveitar o fogo no parquinho para falar da tal da Renda Cidad\u00e3.<\/p>\n<h5 class=\"p1\" style=\"text-align: center;\">.<\/h5>\n<h5 class=\"p1\" style=\"text-align: center;\">Enquanto isso, no topo do mundo, Donald Trump foi diagnosticado com Covid-19<\/h5>\n<h5 class=\"p1\" style=\"text-align: center;\">.<\/h5>\n<p class=\"p1\" style=\"text-align: justify;\">Em plena elei\u00e7\u00e3o nos Estados Unidos e com o democrata Joe Biden liderando as pesquisas, o atual presidente chegou a ser internado. Como disse o Jornalista Jake Tapper, da CNN, Trump se transformou no s\u00edmbolo do pr\u00f3prio fracasso. Agora, com clara dificuldade para respirar, diz em v\u00eddeo que o v\u00edrus n\u00e3o deve nos dominar.<\/p>\n<p><strong>Participam os jornalistas Ge\u00f3rgia Santos, Fl\u00e1via Cunha, Igor Natusch e T\u00e9rcio Saccol.\u00a0Voc\u00ea tamb\u00e9m pode ouvir o epis\u00f3dio no\u00a0<a href=\"https:\/\/open.spotify.com\/show\/5I8zWzbmuDvEx9Wp6Gtnyd\" target=\"_blank\" rel=\"noopener\">Spotify<\/a>,\u00a0<a href=\"https:\/\/podcasts.apple.com\/us\/podcast\/bendita-sois-v%C3%B3s\/id1436913300\" target=\"_blank\" rel=\"noopener\">Itunes<\/a>\u00a0e\u00a0<a href=\"https:\/\/castbox.fm\/channel\/Bendita-Sois-V%C3%B3s-id1474946?country=br\" target=\"_blank\" rel=\"noopener\">Castbox\u00a0<\/a>e outros agregadores.<\/strong><\/p>\n<p>&nbsp;<\/p>\n<p>&nbsp;<\/p>\n<p style=\"text-align: center;\"><iframe loading=\"lazy\" src=\"https:\/\/w.soundcloud.com\/player\/?url=https%3A\/\/api.soundcloud.com\/tracks\/906440551%3Fsecret_token%3Ds-lnWhp8WPmG1&amp;color=%23ff5500&amp;auto_play=false&amp;hide_related=false&amp;show_comments=true&amp;show_user=true&amp;show_reposts=false&amp;show_teaser=true&amp;visual=true\" width=\"100%\" height=\"300\" frameborder=\"no\" scrolling=\"no\"><\/iframe><\/p>\n<div style=\"font-size: 10px; color: #cccccc; line-break: anywhere; word-break: normal; overflow: hidden; white-space: nowrap; text-overflow: ellipsis; font-family: Interstate,Lucida Grande,Lucida Sans Unicode,Lucida Sans,Garuda,Verdana,Tahoma,sans-serif; font-weight: 100;\"><a style=\"color: #cccccc; text-decoration: none;\" title=\"V\u00f3s Pessoas no Plural\" href=\"https:\/\/soundcloud.com\/vos-social\" target=\"_blank\" rel=\"noopener\">V\u00f3s Pessoas no Plural<\/a> \u00b7 <a style=\"color: #cccccc; text-decoration: none;\" title=\"BSV Especial Coronav\u00edrus #28 Bolsonaro, STF e Trump\" href=\"https:\/\/soundcloud.com\/vos-social\/bsv-especial-coronavirus-28-bolsonaro-stf-e-trump\/s-lnWhp8WPmG1\" target=\"_blank\" rel=\"noopener\">BSV Especial Coronav\u00edrus #28 Bolsonaro, STF e Trump<\/a><\/div>\n","protected":false},"excerpt":{"rendered":"<p>No epis\u00f3dio de hoje, Jair Bolsonaro, STF e Trump. O presidente indicou o desembargador Kassio Nunes Marques, de 48 anos, [&hellip;]<\/p>\n","protected":false},"author":3,"featured_media":7473,"comment_status":"open","ping_status":"open","sticky":false,"template":"","format":"standard","meta":{"_acf_changed":false,"footnotes":""},"categories":[1541],"tags":[],"class_list":["post-7472","post","type-post","status-publish","format-standard","has-post-thumbnail","hentry","category-podcasts"],"acf":[],"_links":{"self":[{"href":"https:\/\/vos.homolog.arsnova.work\/index.php?rest_route=\/wp\/v2\/posts\/7472","targetHints":{"allow":["GET"]}}],"collection":[{"href":"https:\/\/vos.homolog.arsnova.work\/index.php?rest_route=\/wp\/v2\/posts"}],"about":[{"href":"https:\/\/vos.homolog.arsnova.work\/index.php?rest_route=\/wp\/v2\/types\/post"}],"author":[{"embeddable":true,"href":"https:\/\/vos.homolog.arsnova.work\/index.php?rest_route=\/wp\/v2\/users\/3"}],"replies":[{"embeddable":true,"href":"https:\/\/vos.homolog.arsnova.work\/index.php?rest_route=%2Fwp%2Fv2%2Fcomments&post=7472"}],"version-history":[{"count":0,"href":"https:\/\/vos.homolog.arsnova.work\/index.php?rest_route=\/wp\/v2\/posts\/7472\/revisions"}],"wp:featuredmedia":[{"embeddable":true,"href":"https:\/\/vos.homolog.arsnova.work\/index.php?rest_route=\/wp\/v2\/media\/7473"}],"wp:attachment":[{"href":"https:\/\/vos.homolog.arsnova.work\/index.php?rest_route=%2Fwp%2Fv2%2Fmedia&parent=7472"}],"wp:term":[{"taxonomy":"category","embeddable":true,"href":"https:\/\/vos.homolog.arsnova.work\/index.php?rest_route=%2Fwp%2Fv2%2Fcategories&post=7472"},{"taxonomy":"post_tag","embeddable":true,"href":"https:\/\/vos.homolog.arsnova.work\/index.php?rest_route=%2Fwp%2Fv2%2Ftags&post=7472"}],"curies":[{"name":"wp","href":"https:\/\/api.w.org\/{rel}","templated":true}]}}