{"id":7464,"date":"2020-10-03T18:46:27","date_gmt":"2020-10-03T21:46:27","guid":{"rendered":"https:\/\/vos.homolog.arsnova.work\/?p=7464"},"modified":"2020-10-03T18:46:27","modified_gmt":"2020-10-03T21:46:27","slug":"mafalda-icone-feminista","status":"publish","type":"post","link":"https:\/\/vos.homolog.arsnova.work\/?p=7464","title":{"rendered":"Mafalda, \u00edcone feminista"},"content":{"rendered":"<p style=\"text-align: justify\"><span style=\"font-weight: 400\">Questionadora, cr\u00edtica e interessada por pol\u00edtica. Assim \u00e9 a pequena Mafalda, cria\u00e7\u00e3o do genial cartunista argentino Quino. Certamente, ela pode ser considerada uma personagem com comportamento feminista, ao subverter o papel tipicamente atribu\u00eddo ao sexo feminino. Um exemplo disso \u00e9 o fato dela pouco se interessa por distra\u00e7\u00f5es tradicionalmente associadas a meninas, como brincar de boneca. Tamb\u00e9m n\u00e3o pensa em no futuro casar ou ser dona de casa.\u00a0 Ela \u00e9 o oposto de Susanita, a amiga da mesma idade que tem uma postura mais conservadora e f\u00fatil.<\/span><\/p>\n<h6 style=\"text-align: center\"><strong>FEMINISMO NOS ANOS 1960\/70<\/strong><\/h6>\n<p style=\"text-align: justify\"><span style=\"font-weight: 400\">Se observarmos apenas a tem\u00e1tica de questionamento do papel da mulher na sociedade, a cria\u00e7\u00e3o de Quino j\u00e1 chama a aten\u00e7\u00e3o. O m\u00e9rito \u00e9 ainda maior por todas essas discuss\u00f5es terem come\u00e7ado em 1964, em tirinhas publicadas em jornais argentinos. Em 1966, um golpe de Estado deu in\u00edcio a uma ditadura militar na Argentina, que durou at\u00e9 1973, mesmo ano em que Quino decide encerrar as publica\u00e7\u00f5es de hist\u00f3rias in\u00e9ditas. Sendo assim, \u00e9 bastante corajoso que o cartunista tenha abordado, por meio da menina feminista, temas como democracia, liberdade e desigualdade social em pleno per\u00edodo de ditadura. Talvez para abrandar eventuais censuras, o autor fazia uso do humor e trazia \u00e0 tona outros assuntos, como o amor de parte dos personagens pelos Beatles e o \u00f3dio mortal de Mafalda por sopa.<\/span><\/p>\n<h6 style=\"text-align: justify\"><span style=\"font-weight: 400\"><br \/>\n<a href=\"https:\/\/vos.homolog.arsnova.work\/wp-content\/uploads\/2020\/10\/mafalda_declara\u00e7ao_ONU.jpeg\"><img loading=\"lazy\" decoding=\"async\" class=\"size-medium wp-image-7468 alignleft\" src=\"https:\/\/vos.homolog.arsnova.work\/wp-content\/uploads\/2020\/10\/mafalda_declara\u00e7ao_ONU-300x241.jpeg\" alt=\"\" width=\"300\" height=\"241\" srcset=\"https:\/\/vos.homolog.arsnova.work\/wp-content\/uploads\/2020\/10\/mafalda_declara\u00e7ao_ONU-300x241.jpeg 300w, https:\/\/vos.homolog.arsnova.work\/wp-content\/uploads\/2020\/10\/mafalda_declara\u00e7ao_ONU.jpeg 720w\" sizes=\"auto, (max-width: 300px) 100vw, 300px\" \/><\/a><\/span>MAFALDA E OS DIREITOS HUMANOS<\/h6>\n<p style=\"text-align: justify\"><span style=\"font-weight: 400\">Mesmo sendo raros os materiais in\u00e9ditos da personagem ap\u00f3s 1973, ela permanece um sucesso mundial, com as obras j\u00e1 tendo sido traduzidas para mais de 30 idiomas. Um raro exemplo de conte\u00fado produzido depois disso s\u00e3o desenhos que acompanharam uma campanha da ONU de divulga\u00e7\u00e3o da Declara\u00e7\u00e3o Universal dos Direitos da Crian\u00e7a, em 1976.\u00a0<\/span><span style=\"font-size: 14px;color: #000000;letter-spacing: -0.01em;text-align: justify\">O material \u00e9 bastante dif\u00edcil de ser encontrado na \u00edntegra e localizei apenas algumas imagens esparsas em pesquisas na Internet., como essa.<\/span><\/p>\n<h6>NOVO LIVRO COM ABORDAGEM FEMINISTA<\/h6>\n<p style=\"text-align: justify\"><span style=\"font-weight: 400\">Ao longo dos anos, diversas colet\u00e2neas foram lan\u00e7adas, inclusive no Brasil, onde os livros da personagem foram publicados pela primeira vez em 1982. Em breve, ser\u00e1 lan\u00e7ada por aqui uma obra contendo somente tirinhas com conte\u00fado feminista. Em espanhol, a publica\u00e7\u00e3o<a href=\"https:\/\/www.amazon.com.br\/Mafalda-femenino-singular-Feminine-Singular\/dp\/8426405851\" target=\"_blank\" rel=\"noopener\"> dessa obra<\/a> ocorreu no ano passado. O livro <\/span><i><span style=\"font-weight: 400\">Mafalda: Feminino Singular<\/span><\/i><span style=\"font-weight: 400\">, ser\u00e1 lan\u00e7ado em dezembro de 2020, pela editora Martins e Fontes. Sem d\u00favida, uma boa not\u00edcia para os f\u00e3s de Quino e de sua cria\u00e7\u00e3o mais famosa.<\/span><\/p>\n<p style=\"text-align: justify\"><em><span style=\"font-weight: 400\">Esse texto \u00e9 uma singela homenagem ao cartunista <a href=\"https:\/\/www.quino.com.ar\/\" target=\"_blank\" rel=\"noopener\">Quino<\/a>, falecido nessa semana. Em 2017, a coluna Voos Liter\u00e1rios tamb\u00e9m mencionou outros aspectos a respeito da\u00a0<a href=\"https:\/\/vos.homolog.arsnova.work\/voos-literarios\/serao-os-cartunistas-visionarios\/\" target=\"_blank\" rel=\"noopener\">personagem Mafalda<\/a>.<\/span><\/em><\/p>\n<p><em>Imagem: Contracapa livro Mafalda: Femenino Singular\/Editora L\u00famen<\/em><\/p>\n","protected":false},"excerpt":{"rendered":"<p>Questionadora, cr\u00edtica e interessada por pol\u00edtica. Assim \u00e9 a pequena Mafalda, cria\u00e7\u00e3o do genial cartunista argentino Quino. Certamente, ela pode [&hellip;]<\/p>\n","protected":false},"author":5,"featured_media":7465,"comment_status":"open","ping_status":"open","sticky":false,"template":"","format":"standard","meta":{"_acf_changed":false,"footnotes":""},"categories":[4],"tags":[284,1130,115,2335,2334],"class_list":["post-7464","post","type-post","status-publish","format-standard","has-post-thumbnail","hentry","category-voos-literarios","tag-feminismo","tag-feminista","tag-mafalda","tag-mafalda-feminino-singular","tag-quino"],"acf":[],"_links":{"self":[{"href":"https:\/\/vos.homolog.arsnova.work\/index.php?rest_route=\/wp\/v2\/posts\/7464","targetHints":{"allow":["GET"]}}],"collection":[{"href":"https:\/\/vos.homolog.arsnova.work\/index.php?rest_route=\/wp\/v2\/posts"}],"about":[{"href":"https:\/\/vos.homolog.arsnova.work\/index.php?rest_route=\/wp\/v2\/types\/post"}],"author":[{"embeddable":true,"href":"https:\/\/vos.homolog.arsnova.work\/index.php?rest_route=\/wp\/v2\/users\/5"}],"replies":[{"embeddable":true,"href":"https:\/\/vos.homolog.arsnova.work\/index.php?rest_route=%2Fwp%2Fv2%2Fcomments&post=7464"}],"version-history":[{"count":0,"href":"https:\/\/vos.homolog.arsnova.work\/index.php?rest_route=\/wp\/v2\/posts\/7464\/revisions"}],"wp:featuredmedia":[{"embeddable":true,"href":"https:\/\/vos.homolog.arsnova.work\/index.php?rest_route=\/wp\/v2\/media\/7465"}],"wp:attachment":[{"href":"https:\/\/vos.homolog.arsnova.work\/index.php?rest_route=%2Fwp%2Fv2%2Fmedia&parent=7464"}],"wp:term":[{"taxonomy":"category","embeddable":true,"href":"https:\/\/vos.homolog.arsnova.work\/index.php?rest_route=%2Fwp%2Fv2%2Fcategories&post=7464"},{"taxonomy":"post_tag","embeddable":true,"href":"https:\/\/vos.homolog.arsnova.work\/index.php?rest_route=%2Fwp%2Fv2%2Ftags&post=7464"}],"curies":[{"name":"wp","href":"https:\/\/api.w.org\/{rel}","templated":true}]}}