{"id":7458,"date":"2020-09-30T17:00:48","date_gmt":"2020-09-30T20:00:48","guid":{"rendered":"https:\/\/vos.homolog.arsnova.work\/?p=7458"},"modified":"2020-09-30T14:34:39","modified_gmt":"2020-09-30T17:34:39","slug":"bsv-especial-coronavirus-27-a-turminha-de-jair-bolsonaro","status":"publish","type":"post","link":"https:\/\/vos.homolog.arsnova.work\/?p=7458","title":{"rendered":"BSV Especial Coronav\u00edrus #27 A turminha de Jair Bolsonaro"},"content":{"rendered":"<p style=\"text-align: justify;\"><strong><a href=\"https:\/\/vos.homolog.arsnova.work\/podcasts\/bsv-especial-coronavirus-26-bolsonaro-mentiu\/\" target=\"_blank\" rel=\"noopener\">No Bendita Sois V\u00f3s se fala tanto do presidente<\/a> que, \u00e0s vezes, esquece-se da &#8220;turminha&#8221; de Jair Bolsonaro. Esquece-se de cobrar dos ministros que se dedicam e trabalham arduamente para destruir o Brasil junto com ele.<\/strong><\/p>\n<p style=\"text-align: justify;\">Ricardo Salles, do meio ambiente, est\u00e1 \u201cdeixando a boiada passar\u201d. Al\u00e9m dos inc\u00eandios na Amaz\u00f4nia e Pantanal e do desmatamento, na \u00faltima segunda, dia 28, ele revoga regras que protegem restingas e manguezais. O ministro da educa\u00e7\u00e3o, Milton Ribeiro, destila preconceitos e fala que ser professor &#8220;\u00e9 quase que uma declara\u00e7\u00e3o que a pessoa n\u00e3o conseguiu fazer outra coisa\u201d.<\/p>\n<h5 style=\"text-align: center;\">.<\/h5>\n<h5 style=\"text-align: center;\">N\u00e3o esque\u00e7amos de Damares Alves, do minist\u00e9rio da mulher, da fam\u00edlia e dos direitos humanos<\/h5>\n<h5 style=\"text-align: center;\">.<\/h5>\n<p style=\"text-align: justify;\">Damares foi acusada de tentar impedir o aborto legal de uma crian\u00e7a de dez anos que havia sido estuprada pelo tio. Ela \u00e9 o cart\u00e3o de visitas do governo. A turminha de Jair Bolsonaro ainda conta com Paulo Guedes, o ministro da economia, que \u00e9 o ministro da eterna promessa. E esse minist\u00e9rio \u00e9 t\u00e3o problem\u00e1tico que Bolsonaro desconfia que h\u00e1 infiltrados petistas na equipe econ\u00f4mica.<\/p>\n<p style=\"text-align: justify;\"><strong>E ainda tem o livro do Luiz Henrique Mandetta, ex-ministro da sa\u00fade. Participam os jornalistas Ge\u00f3rgia Santos, Fl\u00e1via Cunha, Igor Natusch e T\u00e9rcio Saccol.\u00a0Voc\u00ea tamb\u00e9m pode ouvir o epis\u00f3dio no\u00a0<a href=\"https:\/\/open.spotify.com\/show\/5I8zWzbmuDvEx9Wp6Gtnyd\" target=\"_blank\" rel=\"noopener\">Spotify<\/a>,\u00a0<a href=\"https:\/\/podcasts.apple.com\/us\/podcast\/bendita-sois-v%C3%B3s\/id1436913300\" target=\"_blank\" rel=\"noopener\">Itunes<\/a>\u00a0e\u00a0<a href=\"https:\/\/castbox.fm\/channel\/Bendita-Sois-V%C3%B3s-id1474946?country=br\" target=\"_blank\" rel=\"noopener\">Castbox\u00a0<\/a>e outros agregadores.<\/strong><\/p>\n<p style=\"text-align: center;\"><iframe loading=\"lazy\" src=\"https:\/\/w.soundcloud.com\/player\/?url=https%3A\/\/api.soundcloud.com\/tracks\/902289781%3Fsecret_token%3Ds-sPuGYy00l0X&amp;color=%23ff5500&amp;auto_play=false&amp;hide_related=false&amp;show_comments=true&amp;show_user=true&amp;show_reposts=false&amp;show_teaser=true&amp;visual=true\" width=\"100%\" height=\"300\" frameborder=\"no\" scrolling=\"no\"><\/iframe><\/p>\n<div style=\"font-size: 10px; color: #cccccc; line-break: anywhere; word-break: normal; overflow: hidden; white-space: nowrap; text-overflow: ellipsis; font-family: Interstate,Lucida Grande,Lucida Sans Unicode,Lucida Sans,Garuda,Verdana,Tahoma,sans-serif; font-weight: 100;\"><a style=\"color: #cccccc; text-decoration: none;\" title=\"V\u00f3s Pessoas no Plural\" href=\"https:\/\/soundcloud.com\/vos-social\" target=\"_blank\" rel=\"noopener\">V\u00f3s Pessoas no Plural<\/a> \u00b7 <a style=\"color: #cccccc; text-decoration: none;\" title=\"BSV Especial Coronav\u00edrus #27 A turminha de Bolsonaro\" href=\"https:\/\/soundcloud.com\/vos-social\/bsv-especial-coronavirus-27-a-turminha-de-bolsonaro\/s-sPuGYy00l0X\" target=\"_blank\" rel=\"noopener\">BSV Especial Coronav\u00edrus #27 A turminha de Bolsonaro<\/a><\/div>\n","protected":false},"excerpt":{"rendered":"<p>No Bendita Sois V\u00f3s se fala tanto do presidente que, \u00e0s vezes, esquece-se da &#8220;turminha&#8221; de Jair Bolsonaro. Esquece-se de [&hellip;]<\/p>\n","protected":false},"author":3,"featured_media":7459,"comment_status":"open","ping_status":"open","sticky":false,"template":"","format":"standard","meta":{"_acf_changed":false,"footnotes":""},"categories":[1541],"tags":[],"class_list":["post-7458","post","type-post","status-publish","format-standard","has-post-thumbnail","hentry","category-podcasts"],"acf":[],"_links":{"self":[{"href":"https:\/\/vos.homolog.arsnova.work\/index.php?rest_route=\/wp\/v2\/posts\/7458","targetHints":{"allow":["GET"]}}],"collection":[{"href":"https:\/\/vos.homolog.arsnova.work\/index.php?rest_route=\/wp\/v2\/posts"}],"about":[{"href":"https:\/\/vos.homolog.arsnova.work\/index.php?rest_route=\/wp\/v2\/types\/post"}],"author":[{"embeddable":true,"href":"https:\/\/vos.homolog.arsnova.work\/index.php?rest_route=\/wp\/v2\/users\/3"}],"replies":[{"embeddable":true,"href":"https:\/\/vos.homolog.arsnova.work\/index.php?rest_route=%2Fwp%2Fv2%2Fcomments&post=7458"}],"version-history":[{"count":0,"href":"https:\/\/vos.homolog.arsnova.work\/index.php?rest_route=\/wp\/v2\/posts\/7458\/revisions"}],"wp:featuredmedia":[{"embeddable":true,"href":"https:\/\/vos.homolog.arsnova.work\/index.php?rest_route=\/wp\/v2\/media\/7459"}],"wp:attachment":[{"href":"https:\/\/vos.homolog.arsnova.work\/index.php?rest_route=%2Fwp%2Fv2%2Fmedia&parent=7458"}],"wp:term":[{"taxonomy":"category","embeddable":true,"href":"https:\/\/vos.homolog.arsnova.work\/index.php?rest_route=%2Fwp%2Fv2%2Fcategories&post=7458"},{"taxonomy":"post_tag","embeddable":true,"href":"https:\/\/vos.homolog.arsnova.work\/index.php?rest_route=%2Fwp%2Fv2%2Ftags&post=7458"}],"curies":[{"name":"wp","href":"https:\/\/api.w.org\/{rel}","templated":true}]}}