{"id":7444,"date":"2020-09-26T21:27:46","date_gmt":"2020-09-27T00:27:46","guid":{"rendered":"https:\/\/vos.homolog.arsnova.work\/?p=7444"},"modified":"2020-09-26T22:15:30","modified_gmt":"2020-09-27T01:15:30","slug":"setembro-amarelo-e-capitalismo","status":"publish","type":"post","link":"https:\/\/vos.homolog.arsnova.work\/?p=7444","title":{"rendered":"O que o capitalismo tem a ver com o Setembro Amarelo?"},"content":{"rendered":"<p style=\"text-align: justify\"><em><span style=\"font-weight: 400\">Esse texto comp\u00f5e uma s\u00e9rie especial da coluna Voos Liter\u00e1rios a respeito da preven\u00e7\u00e3o ao suic\u00eddio, dentro da campanha Setembro Amarelo. O primeiro post trouxe um texto do autor <a href=\"https:\/\/vos.homolog.arsnova.work\/voos-literarios\/caio-fernando-abreu-eu-quero-a-vida\/\" target=\"_blank\" rel=\"noopener\">Caio Fernando Abreu<\/a> abordando o assunto. O segundo texto alertou sobre o risco maior de suic\u00eddio entre <a href=\"https:\/\/vos.homolog.arsnova.work\/voos-literarios\/setembro-amarelo\/\" target=\"_blank\" rel=\"noopener\">jovens LGTBQIA+<\/a>.<\/span><\/em><\/p>\n<p style=\"text-align: justify\"><span style=\"font-weight: 400\">Considero como raras as abordagens pela grande m\u00eddia do quanto o capitalismo e sua l\u00f3gica perversa afetam a sa\u00fade mental de trabalhadores. N\u00e3o recordo de nenhuma mat\u00e9ria na TV mostrando o suic\u00eddio tendo como gatilho a falta de dinheiro para pagar itens b\u00e1sicos, como alimenta\u00e7\u00e3o e moradia. Por outro lado, s\u00e3o in\u00fameras as r<\/span><span style=\"font-size: 14px;letter-spacing: 0px\">eportagens com a exalta\u00e7\u00e3o de exemplos isolados de \u201csupera\u00e7\u00e3o\u201d e \u201creinven\u00e7\u00e3o\u201d como forma de sair da mis\u00e9ria. O desemprego \u00e9 mascarado por meio do crescimento do empreendedorismo, ainda que improvisado. Vender garrafinhas de \u00e1gua na rua n\u00e3o \u00e9 bico, \u00e9 neg\u00f3cio. Seguindo esse racioc\u00ednio, quem estiver desempregado e deprimido \u00e9 apenas por culpa individual. O sistema jamais \u00e9 responsabilizado.<\/span><\/p>\n<h6><strong>SA\u00daDE MENTAL X TRABALHO\u00a0<\/strong><\/h6>\n<p style=\"text-align: justify\"><span style=\"font-weight: 400\">A ironia \u00e9 que a press\u00e3o e o excesso de cobran\u00e7a por resultados, comuns em grandes empresas de diferentes \u00e1reas, s\u00e3o fatores que podem levar funcion\u00e1rios a desenvolver transtornos mentais. Debilitada mentalmente, muitas vezes a pessoa fica impossibilitada de trabalhar, o que \u00e9 visto com maus olhos por empregadores e \u00e0s vezes at\u00e9 por colegas.<\/span><\/p>\n<h6 style=\"text-align: justify\"><b>PANDEMIA PIORA (O QUE J\u00c1 ERA RUIM)<\/b><\/h6>\n<p style=\"text-align: justify\"><span style=\"font-weight: 400\">Junto a essas caracter\u00edsticas desanimadoras do mercado de trabalho, soma-se a pandemia e a consequente alta do desemprego. Estudo da Organiza\u00e7\u00e3o Internacional do Trabalho\u00a0 (OIT) alerta para o aumento de <a href=\"https:\/\/portugues.medscape.com\/verartigo\/6504880\" target=\"_blank\" rel=\"noopener\">suic\u00eddios<\/a> em fun\u00e7\u00e3o da covid-19.\u00a0 A partir desse dado,\u00a0<\/span><span style=\"font-weight: 400\">podemos inferir que no Brasil a situa\u00e7\u00e3o \u00e9 ainda mais alarmante, devido ao esfacelamento dos direitos trabalhistas nos \u00faltimos anos. Desempregados, trabalhadores informais e pequenos empreendedores ficam \u00e0 merc\u00ea do governo, que cortou pela metade o valor de um aux\u00edlio emergencial necess\u00e1rio para o momento atual. Enquanto tira a subsist\u00eancia dos mais desassistidos, segue apoiando grandes empres\u00e1rios, mantendo a perversa l\u00f3gica capitalista.\u00a0<\/span><\/p>\n<p style=\"text-align: justify\"><span style=\"font-weight: 400\">Por isso, o Setembro Amarelo \u00e9 especialmente importante, em uma conjuntura t\u00e3o propensa a gatilhos de suic\u00eddios.\u00a0<\/span><\/p>\n<h6 style=\"text-align: justify\"><strong>INFORMAR-SE \u00c9 IMPORTANTE<\/strong><\/h6>\n<p style=\"text-align: justify\"><span style=\"font-weight: 400\">Para quem est\u00e1\u00a0 fortalecido emocionalmente, o acesso \u00e0 informa\u00e7\u00e3o a respeito de sa\u00fade mental \u00e9 importante. Recentemente, o V\u00f3s fez uma reportagem especial sobre a <a href=\"https:\/\/vos.homolog.arsnova.work\/reportagens-especiais\/epidemia-de-ansiedade\/\" target=\"_blank\" rel=\"noopener\">epidemia da ansiedade<\/a> que vale a pena ser conferida. A rela\u00e7\u00e3o entre suic\u00eddio e capitalismo j\u00e1 \u00e9 analisada h\u00e1 bastante tempo pela Sociologia, como enfatiza a<\/span><span style=\"font-weight: 400\">\u00a0cientista social, doutora em Sociologia e professora da Universidade de Caxias do Sul, Aline Passuelo de Oliveira.\u00a0<\/span><span style=\"font-weight: 400\">Ela indica o cl\u00e1ssico<a href=\"https:\/\/cutt.ly\/kfMCWRZ\" target=\"_blank\" rel=\"noopener\"> <em>O suic\u00eddio<\/em><\/a>, de \u00c9mile Durkheim, como uma obra fundamental para uma an\u00e1lise por esse vi\u00e9s\u00a0 &#8220;Durkheim traz o conceito de suic\u00eddio an\u00f4mico, que \u00e9 quando h\u00e1 uma grande desestrutura\u00e7\u00e3o social.\u00a0 Muitos casos desse tipo de suic\u00eddio aconteceram durante a crise de 1929, com a quebra da bolsa de Nova York, quando muitas fam\u00edlias de classe m\u00e9dia ficaram abaixo da linha da pobreza. Muitas pessoas se mataram nessa \u00e9poca por n\u00e3o ver esperan\u00e7a na vida naquela sociedade&#8221;, analisa.<\/span><\/p>\n<h6><strong>EX\u00c9RCITO DE RESERVA<\/strong><\/h6>\n<p style=\"text-align: justify\">A soci\u00f3loga destaca que o livro <a href=\"https:\/\/www.amazon.com.br\/Vidas-desperdi%C3%A7adas-Zygmunt-Bauman\/dp\/8571108730\" target=\"_blank\" rel=\"noopener\"><em>Vidas Desperdi\u00e7adas<\/em><\/a>, de Zygmunt Bauman, \u00e9 uma boa op\u00e7\u00e3o de leitura para tentar entender o momento atual. &#8220;Nessa obra, Bauman traz a ideia das vidas redundantes, que podem ser comparadas ao conceito marxista de ex\u00e9rcito industrial de reserva, referindo-se ao desemprego de uma forma estrutural. O sistema capitalista afeta a sa\u00fade mental dos indiv\u00edduos, provocando um exaust\u00e3o f\u00edsico e mental e pode fazer com que, infelizmente, muitas pessoas acabem tomando atitudes extremas como a de tirar a pr\u00f3pria vida&#8221;, lamenta.<\/p>\n<h6>\u00c9 PRECISO TER CUIDADO<\/h6>\n<p style=\"text-align: justify\">Foi justamente para trazer \u00e0 tona um assunto t\u00e3o delicado que a campanha Setembro Amarelo foi criada. Precisamos falar a respeito desse tema, j\u00e1 que u<span style=\"font-weight: 400\">ma das formas de preven\u00e7\u00e3o ao suic\u00eddio \u00e9 poder conversar a respeito de idea\u00e7\u00f5es de morte com pessoas de confian\u00e7a. Se for voc\u00ea a pessoa precisando de ajuda, procure aux\u00edlio, de prefer\u00eancia com um profissional especializado. Em muitas capitais brasileiras, est\u00e3o sendo oferecidos servi\u00e7os online gratuitos com profissionais habilitados durante esse per\u00edodo de pandemia. Pesquise a respeito e n\u00e3o fique sozinho nessa batalha.\u00a0 Outra op\u00e7\u00e3o \u00e9 o CVV, que atende 24h pelo n\u00famero 188, com volunt\u00e1rios treinados.\u00a0<\/span><\/p>\n<h5 style=\"text-align: center\"><strong>MAIS INDICA\u00c7\u00d5ES DE LEITURA<\/strong><\/h5>\n<h6 style=\"text-align: center\">Se o seu desejo \u00e9 ter informa\u00e7\u00f5es confi\u00e1veis sobre depress\u00e3o e sa\u00fade mental<\/h6>\n<p style=\"text-align: center\"><a href=\"https:\/\/www.amazon.com.br\/dem%C3%B4nio-do-meio-dia-Andrew-Solomon\/dp\/8535924639\" target=\"_blank\" rel=\"noopener\"><em>O dem\u00f4nio do meio-dia<\/em><\/a>, de Andrew Solomon<\/p>\n<p><span style=\"font-weight: 400\">Trecho selecionado:<\/span><\/p>\n<p style=\"text-align: justify\"><em><span style=\"font-weight: 400\">\u201cA depress\u00e3o existe [&#8230;] tanto como um fen\u00f4meno pessoal quanto social. Para tratar a depress\u00e3o \u00e9 preciso entender a experi\u00eancia de um colapso mental, o modo de a\u00e7\u00e3o dos medicamentos e as formas mais comuns de terapia falada (psicanal\u00edtica, interpessoal e cognitiva). [&#8230;] Um tratamento inteligente requer um exame atento de popula\u00e7\u00f5es espec\u00edficas: a depress\u00e3o tem varia\u00e7\u00f5es significativas entre crian\u00e7as, idosos e cada um dos g\u00eaneros. Os dependentes qu\u00edmicos formam uma grande subcategoria pr\u00f3pria. O suic\u00eddio, em suas muitas formas, \u00e9 uma complica\u00e7\u00e3o da depress\u00e3o. \u00c9 fundamental entender como a depress\u00e3o pode ser fatal.\u201d<\/span><\/em><\/p>\n<p><span style=\"font-weight: 400\">Leitura recomendada pela psic\u00f3loga Daniela Zanetti<\/span><\/p>\n<h6 style=\"text-align: center\"><strong>Se voc\u00ea quer saber\u00a0o que o capitalismo atual nos permite inferir sobre o futuro<\/strong><\/h6>\n<p style=\"text-align: center\"><a href=\"https:\/\/todavialivros.com.br\/livros\/capitalismo-sem-rivais\" target=\"_blank\" rel=\"noopener\"><i><span style=\"font-weight: 400\">Capitalismo sem rivais: o futuro do sistema que domina o mundo<\/span><\/i><\/a><span style=\"font-weight: 400\">, de Branko Milanovic<\/span><\/p>\n<p style=\"text-align: justify\">Trecho selecionado:<\/p>\n<p style=\"text-align: justify\"><em><span style=\"font-weight: 400\">\u201cAo longo da hist\u00f3ria, desde que se tem conhecimento, as comunidades sempre se diferenciaram em rela\u00e7\u00e3o \u00e0 remunera\u00e7\u00e3o e \u00e0s oportunidades que ofereciam a seus cidad\u00e3os. Roma e Alexandria, por exemplo, viviam cheias de n\u00e3o nativos que haviam se mudado para l\u00e1 em busca de empregos mais bem remunerados e melhores perspectivas de mobilidade ascendente. No entanto, a diferen\u00e7a entre sociedades ricas e sociedades pobres nunca foi t\u00e3o grande como hoje.\u201d<\/span><\/em><\/p>\n<p>Indica\u00e7\u00e3o de T\u00e9rcio Saccol, jornalista, professor universit\u00e1rio e integrante do V\u00f3s<\/p>\n<p>Por fim, \u00e9 importante destacar que o assunto n\u00e3o pode estar restrito apenas durante os dias da campanha Setembro Amarelo. O tema precisa ser tratado durante os 12 meses do ano.<\/p>\n<h6 style=\"text-align: center\">Todas as vidas importam!<\/h6>\n<p><em>Imagem:\u00a0 Grae Dickason\/Pixabay<\/em><\/p>\n<p>&nbsp;<\/p>\n<p>&nbsp;<\/p>\n<p>&nbsp;<\/p>\n","protected":false},"excerpt":{"rendered":"<p>Esse texto comp\u00f5e uma s\u00e9rie especial da coluna Voos Liter\u00e1rios a respeito da preven\u00e7\u00e3o ao suic\u00eddio, dentro da campanha Setembro [&hellip;]<\/p>\n","protected":false},"author":5,"featured_media":7454,"comment_status":"open","ping_status":"open","sticky":false,"template":"","format":"standard","meta":{"_acf_changed":false,"footnotes":""},"categories":[4],"tags":[199,2330,659],"class_list":["post-7444","post","type-post","status-publish","format-standard","has-post-thumbnail","hentry","category-voos-literarios","tag-capitalismo","tag-setembro-amarelo","tag-suicidio"],"acf":[],"_links":{"self":[{"href":"https:\/\/vos.homolog.arsnova.work\/index.php?rest_route=\/wp\/v2\/posts\/7444","targetHints":{"allow":["GET"]}}],"collection":[{"href":"https:\/\/vos.homolog.arsnova.work\/index.php?rest_route=\/wp\/v2\/posts"}],"about":[{"href":"https:\/\/vos.homolog.arsnova.work\/index.php?rest_route=\/wp\/v2\/types\/post"}],"author":[{"embeddable":true,"href":"https:\/\/vos.homolog.arsnova.work\/index.php?rest_route=\/wp\/v2\/users\/5"}],"replies":[{"embeddable":true,"href":"https:\/\/vos.homolog.arsnova.work\/index.php?rest_route=%2Fwp%2Fv2%2Fcomments&post=7444"}],"version-history":[{"count":0,"href":"https:\/\/vos.homolog.arsnova.work\/index.php?rest_route=\/wp\/v2\/posts\/7444\/revisions"}],"wp:featuredmedia":[{"embeddable":true,"href":"https:\/\/vos.homolog.arsnova.work\/index.php?rest_route=\/wp\/v2\/media\/7454"}],"wp:attachment":[{"href":"https:\/\/vos.homolog.arsnova.work\/index.php?rest_route=%2Fwp%2Fv2%2Fmedia&parent=7444"}],"wp:term":[{"taxonomy":"category","embeddable":true,"href":"https:\/\/vos.homolog.arsnova.work\/index.php?rest_route=%2Fwp%2Fv2%2Fcategories&post=7444"},{"taxonomy":"post_tag","embeddable":true,"href":"https:\/\/vos.homolog.arsnova.work\/index.php?rest_route=%2Fwp%2Fv2%2Ftags&post=7444"}],"curies":[{"name":"wp","href":"https:\/\/api.w.org\/{rel}","templated":true}]}}