{"id":7438,"date":"2020-09-23T17:00:17","date_gmt":"2020-09-23T20:00:17","guid":{"rendered":"https:\/\/vos.homolog.arsnova.work\/?p=7438"},"modified":"2020-09-23T16:51:21","modified_gmt":"2020-09-23T19:51:21","slug":"bsv-especial-coronavirus-26-bolsonaro-mentiu","status":"publish","type":"post","link":"https:\/\/vos.homolog.arsnova.work\/?p=7438","title":{"rendered":"BSV Especial Coronav\u00edrus #26 Bolsonaro mentiu"},"content":{"rendered":"<p style=\"text-align: justify;\"><strong>Bolsonaro mentiu. Na abertura da Assembl\u00e9ia Geral da Organiza\u00e7\u00e3o das Na\u00e7\u00f5es Unidas (ONU), o presidente Jair Bolsonaro se dirigiu ao mundo inteiro para mentir a respeito da pandemia de coronav\u00edrus &#8211; e outras coisas. Segundo ele, &#8220;desde o in\u00edcio&#8221; se preocupou com as repercuss\u00f5es da COVID19 e disse que o v\u00edrus e a economia deveriam ser tratados com a mesma gravidade. Mas n\u00f3s sabemos que, &#8220;desde o in\u00edcio&#8221; ele minimizou as consequ\u00eancias da doen\u00e7a.<\/strong><\/p>\n<p style=\"text-align: justify;\">Bolsonaro mentiu sobre o desmatamento. Segundo ele, o Brasil est\u00e1 sendo v\u00edtima de uma campanha de desinforma\u00e7\u00e3o. Ele afirmou que a Amaz\u00f4nia e o Pantanal est\u00e3o queimando por quest\u00f5es inerentes \u00e0 regi\u00e3o, como o per\u00edodo de seca, e n\u00e3o por a\u00e7\u00f5es criminosas, ignorando relat\u00f3rios da Pol\u00edcia Federal. Jair Bolsonaro ainda disse que o governo dele, que quer \u201cpassar a boiada\u201d e flexibilizar a legisla\u00e7\u00e3o, tem toler\u00e2ncia zero com o crime ambiental.<\/p>\n<h5 style=\"text-align: justify;\">.<\/h5>\n<h5 style=\"text-align: justify;\">Bolsonaro mentiu. E mentiu sobre in\u00fameras outras coisas. E cada uma dessas mentiras \u00e9 abordada no epis\u00f3dio desta semana do Bendita Sois V\u00f3s<\/h5>\n<h5 style=\"text-align: justify;\">.<\/h5>\n<p style=\"text-align: justify;\">Bolsonaro n\u00e3o est\u00e1 nem a\u00ed para o povo brasileiro, nem ele nem ningu\u00e9m da fam\u00edlia e nem ningu\u00e9m do governo. Tanto que os filhos Fl\u00e1vio e Eduardo participaram de um programa de TV e presentearam a todos com uma dancinha e uma par\u00f3dia sobre \u201cmaconheiros\u201d.<\/p>\n<p style=\"text-align: justify;\">E tudo isso, a dias das elei\u00e7\u00f5es municipais. Elei\u00e7\u00f5es em que a gente nota uma fragmenta\u00e7\u00e3o imensa de candidaturas especialmente na capitais. Mais um movimento que favorece a despolitiza\u00e7\u00e3o, diminuindo a import\u00e2ncia da pol\u00edtica e do debate p\u00fablico.<\/p>\n<p style=\"text-align: justify;\"><strong>Participam os jornalistas Ge\u00f3rgia Santos, Fl\u00e1via Cunha, Igor Natusch e T\u00e9rcio Saccol.\u00a0Voc\u00ea tamb\u00e9m pode ouvir o epis\u00f3dio no\u00a0<a href=\"https:\/\/open.spotify.com\/show\/5I8zWzbmuDvEx9Wp6Gtnyd\" target=\"_blank\" rel=\"noopener\">Spotify<\/a>,\u00a0<a href=\"https:\/\/podcasts.apple.com\/us\/podcast\/bendita-sois-v%C3%B3s\/id1436913300\" target=\"_blank\" rel=\"noopener\">Itunes<\/a>\u00a0e\u00a0<a href=\"https:\/\/castbox.fm\/channel\/Bendita-Sois-V%C3%B3s-id1474946?country=br\" target=\"_blank\" rel=\"noopener\">Castbox\u00a0<\/a>e outros agregadores.<\/strong><\/p>\n<p><iframe loading=\"lazy\" src=\"https:\/\/w.soundcloud.com\/player\/?url=https%3A\/\/api.soundcloud.com\/tracks\/898384768%3Fsecret_token%3Ds-HQLXWp1OZ32&amp;color=%23ff5500&amp;auto_play=false&amp;hide_related=false&amp;show_comments=true&amp;show_user=true&amp;show_reposts=false&amp;show_teaser=true&amp;visual=true\" width=\"100%\" height=\"300\" frameborder=\"no\" scrolling=\"no\"><\/iframe><\/p>\n<div style=\"font-size: 10px; color: #cccccc; line-break: anywhere; word-break: normal; overflow: hidden; white-space: nowrap; text-overflow: ellipsis; font-family: Interstate,Lucida Grande,Lucida Sans Unicode,Lucida Sans,Garuda,Verdana,Tahoma,sans-serif; font-weight: 100;\"><a style=\"color: #cccccc; text-decoration: none;\" title=\"V\u00f3s Pessoas no Plural\" href=\"https:\/\/soundcloud.com\/vos-social\" target=\"_blank\" rel=\"noopener\">V\u00f3s Pessoas no Plural<\/a> \u00b7 <a style=\"color: #cccccc; text-decoration: none;\" title=\"BSV Especial Coronav\u00edrus #26 Bolsonaro mentiu\" href=\"https:\/\/soundcloud.com\/vos-social\/bsv-especial-coronavirus-26-bolsonaro-mentiu\/s-HQLXWp1OZ32\" target=\"_blank\" rel=\"noopener\">BSV Especial Coronav\u00edrus #26 Bolsonaro mentiu<\/a><\/div>\n","protected":false},"excerpt":{"rendered":"<p>Bolsonaro mentiu. Na abertura da Assembl\u00e9ia Geral da Organiza\u00e7\u00e3o das Na\u00e7\u00f5es Unidas (ONU), o presidente Jair Bolsonaro se dirigiu ao [&hellip;]<\/p>\n","protected":false},"author":3,"featured_media":7439,"comment_status":"open","ping_status":"open","sticky":false,"template":"","format":"standard","meta":{"_acf_changed":false,"footnotes":""},"categories":[1541],"tags":[],"class_list":["post-7438","post","type-post","status-publish","format-standard","has-post-thumbnail","hentry","category-podcasts"],"acf":[],"_links":{"self":[{"href":"https:\/\/vos.homolog.arsnova.work\/index.php?rest_route=\/wp\/v2\/posts\/7438","targetHints":{"allow":["GET"]}}],"collection":[{"href":"https:\/\/vos.homolog.arsnova.work\/index.php?rest_route=\/wp\/v2\/posts"}],"about":[{"href":"https:\/\/vos.homolog.arsnova.work\/index.php?rest_route=\/wp\/v2\/types\/post"}],"author":[{"embeddable":true,"href":"https:\/\/vos.homolog.arsnova.work\/index.php?rest_route=\/wp\/v2\/users\/3"}],"replies":[{"embeddable":true,"href":"https:\/\/vos.homolog.arsnova.work\/index.php?rest_route=%2Fwp%2Fv2%2Fcomments&post=7438"}],"version-history":[{"count":0,"href":"https:\/\/vos.homolog.arsnova.work\/index.php?rest_route=\/wp\/v2\/posts\/7438\/revisions"}],"wp:featuredmedia":[{"embeddable":true,"href":"https:\/\/vos.homolog.arsnova.work\/index.php?rest_route=\/wp\/v2\/media\/7439"}],"wp:attachment":[{"href":"https:\/\/vos.homolog.arsnova.work\/index.php?rest_route=%2Fwp%2Fv2%2Fmedia&parent=7438"}],"wp:term":[{"taxonomy":"category","embeddable":true,"href":"https:\/\/vos.homolog.arsnova.work\/index.php?rest_route=%2Fwp%2Fv2%2Fcategories&post=7438"},{"taxonomy":"post_tag","embeddable":true,"href":"https:\/\/vos.homolog.arsnova.work\/index.php?rest_route=%2Fwp%2Fv2%2Ftags&post=7438"}],"curies":[{"name":"wp","href":"https:\/\/api.w.org\/{rel}","templated":true}]}}