{"id":7434,"date":"2020-09-19T19:44:50","date_gmt":"2020-09-19T22:44:50","guid":{"rendered":"https:\/\/vos.homolog.arsnova.work\/?p=7434"},"modified":"2020-09-19T19:44:50","modified_gmt":"2020-09-19T22:44:50","slug":"setembro-amarelo","status":"publish","type":"post","link":"https:\/\/vos.homolog.arsnova.work\/?p=7434","title":{"rendered":"Setembro Amarelo: o preconceito que mata"},"content":{"rendered":"<h6 style=\"text-align: justify\"><i>* Este \u00e9 o segundo de uma s\u00e9rie de tr\u00eas textos da coluna Voos Liter\u00e1rios que abordar\u00e3o a import\u00e2ncia da campanha <\/i><a href=\"https:\/\/www.setembroamarelo.org.br\/prevencao\/\"><i>Setembro Amarelo<\/i><\/a><i>, de preven\u00e7\u00e3o ao suic\u00eddio.\u00a0<\/i><i>O primeiro texto pode ser conferido <a href=\"https:\/\/vos.homolog.arsnova.work\/voos-literarios\/caio-fernando-abreu-eu-quero-a-vida\/\" target=\"_blank\" rel=\"noopener\">aqui<\/a>.\u00a0<\/i><\/h6>\n<h6 style=\"text-align: justify\"><span style=\"font-weight: 400\">\u201cN\u00e3o acredito que j\u00e1 fui o cara que talhou um sorriso no pulso porque n\u00e3o conseguia encontrar a felicidade, o cara que pensou que a encontraria na morte. Independente do que tenha levado meu pai a se matar [&#8230;] preciso seguir em frente com as pessoas que n\u00e3o buscam sa\u00eddas f\u00e1ceis, que me amam o bastante para permanecerem vivas, mesmo quando a vida \u00e9 horr\u00edvel. Corro o dedo sobre a cicatriz sorridente, da esquerda para a direita, depois da direita para a esquerda, feliz em t\u00ea-la como um lembrete para nunca mais ser t\u00e3o ot\u00e1rio.\u201d\u00a0<\/span><\/h6>\n<h6 style=\"text-align: justify\"><strong>TENTATIVA DE SUIC\u00cdDIO\u00a0<\/strong><\/h6>\n<p style=\"text-align: justify\"><span style=\"font-weight: 400\">O trecho acima \u00e9 do livro <\/span><i><span style=\"font-weight: 400\">Lembra aquela vez<\/span><\/i><span style=\"font-weight: 400\">, de autoria do escritor norte-americano Adam Silvera. A obra, destinada ao p\u00fablico jovem, aborda uma tem\u00e1tica urgente e altamente sens\u00edvel: o que leva um adolescente a tentar se matar? O enredo n\u00e3o entrega de cara o motivo, al\u00e9m do fato de sabermos que o pai do protagonista cometeu suic\u00eddio e, aparentemente, o jovem sentiu-se culpado por algum motivo.<\/span><\/p>\n<h6 style=\"text-align: justify\">PRECONCEITO<\/h6>\n<p style=\"text-align: justify\"><span style=\"font-weight: 400\">A reviravolta na hist\u00f3ria \u00e9 o fato de o personagem ser gay e n\u00e3o ter aceita\u00e7\u00e3o paterna, o que o leva a buscar um padr\u00e3o de \u201cnormalidade\u201d depois da morte do pai.\u00a0O livro, apesar de ter recursos fantasiosos, como um tratamento que apaga mem\u00f3rias (como no filme <i>Brilho eterno de uma mente sem lembran\u00e7as<\/i>), retrata uma dura realidade.<\/span><\/p>\n<h6>IDEA\u00c7\u00d5ES SUICIDAS<\/h6>\n<p style=\"text-align: justify\"><span style=\"font-weight: 400\">Especialistas alertam que pessoas LGBTQIA pensam mais em acabar com a pr\u00f3pria vida do que os heterossexuais e cisg\u00eaneros. Isso porque h\u00e1 muito mais tens\u00e3o devido \u00e0 possibilidade de n\u00e3o aceita\u00e7\u00e3o, que pode transformar-se em um estresse cr\u00f4nico. Engana-se quem pensa que \u201cficar no arm\u00e1rio\u201d e agradar conservadores resolveria a quest\u00e3o. Tanto tentar esconder-se quanto ter coragem de expor-se em uma sociedade infestada pelo preconceito pode gerar uma sobrecarga mental, levando \u00e0 depress\u00e3o e ansiedade,\u00a0<\/span><span style=\"font-weight: 400\">aumentando as chances de chegar-se a uma atitude extrema, levada pelo desespero.<\/span><\/p>\n<h6>O QUE FAZER PARA MUDAR ESSE CEN\u00c1RIO?<\/h6>\n<p style=\"text-align: justify\">A situa\u00e7\u00e3o pode ser revertida com acolhimento e compreens\u00e3o. Pesquisas relevam que<span style=\"font-weight: 400\">\u00a0a taxa de suic\u00eddio entre adolescentes LGBTQIA diminu\u00ed drasticamente quando a conviv\u00eancia em fam\u00edlia e no ambiente escolar \u00e9 permeada por <a href=\"https:\/\/observatoriog.bol.uol.com.br\/noticias\/setembro-amarelo-acolhimento-lgbtqia-e-essencial-para-a-prevencao-de-suicidio\" target=\"_blank\" rel=\"noopener\">respeito<\/a>.\u00a0 Por isso, \u00e9 necess\u00e1rio <\/span><span style=\"font-weight: 400\">falarmos sobre o risco de suic\u00eddio entre jovens, especialmente LGBT+, e a responsabilidade dos adultos nesse triste fato.\u00a0\u00a0<\/span><strong>Preconceito pode mesmo matar!\u00a0<\/strong><\/p>\n<h5><i><span style=\"font-weight: 400\">Se, por algum motivo, voc\u00ea sentiu-se desconfort\u00e1vel ao ler sobre esse assunto, ligue para o CVV, que atende 24h pelo n\u00famero 188. Volunt\u00e1rios treinados podem te ajudar a lidar com essa situa\u00e7\u00e3o dif\u00edcil.<\/span><\/i><\/h5>\n<p><em>Imagem: Pixabay\/Reprodu\u00e7\u00e3o<\/em><\/p>\n","protected":false},"excerpt":{"rendered":"<p>* Este \u00e9 o segundo de uma s\u00e9rie de tr\u00eas textos da coluna Voos Liter\u00e1rios que abordar\u00e3o a import\u00e2ncia da [&hellip;]<\/p>\n","protected":false},"author":5,"featured_media":7435,"comment_status":"open","ping_status":"open","sticky":false,"template":"","format":"standard","meta":{"_acf_changed":false,"footnotes":""},"categories":[4],"tags":[2332,2331,2333,2330],"class_list":["post-7434","post","type-post","status-publish","format-standard","has-post-thumbnail","hentry","category-voos-literarios","tag-adam-silvera","tag-lembra-aquela-vez","tag-preconceito-mata","tag-setembro-amarelo"],"acf":[],"_links":{"self":[{"href":"https:\/\/vos.homolog.arsnova.work\/index.php?rest_route=\/wp\/v2\/posts\/7434","targetHints":{"allow":["GET"]}}],"collection":[{"href":"https:\/\/vos.homolog.arsnova.work\/index.php?rest_route=\/wp\/v2\/posts"}],"about":[{"href":"https:\/\/vos.homolog.arsnova.work\/index.php?rest_route=\/wp\/v2\/types\/post"}],"author":[{"embeddable":true,"href":"https:\/\/vos.homolog.arsnova.work\/index.php?rest_route=\/wp\/v2\/users\/5"}],"replies":[{"embeddable":true,"href":"https:\/\/vos.homolog.arsnova.work\/index.php?rest_route=%2Fwp%2Fv2%2Fcomments&post=7434"}],"version-history":[{"count":0,"href":"https:\/\/vos.homolog.arsnova.work\/index.php?rest_route=\/wp\/v2\/posts\/7434\/revisions"}],"wp:featuredmedia":[{"embeddable":true,"href":"https:\/\/vos.homolog.arsnova.work\/index.php?rest_route=\/wp\/v2\/media\/7435"}],"wp:attachment":[{"href":"https:\/\/vos.homolog.arsnova.work\/index.php?rest_route=%2Fwp%2Fv2%2Fmedia&parent=7434"}],"wp:term":[{"taxonomy":"category","embeddable":true,"href":"https:\/\/vos.homolog.arsnova.work\/index.php?rest_route=%2Fwp%2Fv2%2Fcategories&post=7434"},{"taxonomy":"post_tag","embeddable":true,"href":"https:\/\/vos.homolog.arsnova.work\/index.php?rest_route=%2Fwp%2Fv2%2Ftags&post=7434"}],"curies":[{"name":"wp","href":"https:\/\/api.w.org\/{rel}","templated":true}]}}