{"id":7429,"date":"2020-09-16T18:29:03","date_gmt":"2020-09-16T21:29:03","guid":{"rendered":"https:\/\/vos.homolog.arsnova.work\/?p=7429"},"modified":"2020-09-16T18:29:03","modified_gmt":"2020-09-16T21:29:03","slug":"bsv-especial-coronavirus-25-pazuello-efetivado-o-preco-do-arroz-e-a-culpa-de-bolsonaro","status":"publish","type":"post","link":"https:\/\/vos.homolog.arsnova.work\/?p=7429","title":{"rendered":"BSV Especial Coronav\u00edrus #25 Pazuello efetivado, o pre\u00e7o do arroz e a culpa de Bolsonaro"},"content":{"rendered":"<p style=\"text-align: justify;\"><strong>Neste epis\u00f3dio, discutimos a efetiva\u00e7\u00e3o do General Pazuello, o pre\u00e7o do arroz, os inc\u00eandios no Pantanal e a culpa de Bolsonaro.<\/strong><\/p>\n<p class=\"p1\" style=\"text-align: justify;\">O governo federal parece estar satisfeito com a falta de a\u00e7\u00e3o e combate no que diz respeito \u00e0 pandemia do novo coronav\u00edrus. Jair Bolsonaro est\u00e1 t\u00e3o satisfeito com as mais de 132mil mortes que resolveu efetivar o general Eduardo Pazuello no Minist\u00e9rio da Sa\u00fade. <a href=\"https:\/\/vos.homolog.arsnova.work\/podcasts\/bsv-especial-coronavirus-10-cai-mais-um-ministro\/\" target=\"_blank\" rel=\"noopener\">Ele assumiu a pasta em maio, interinamente, ap\u00f3s a sa\u00edda de Nelson Teich.<\/a> Desde ent\u00e3o, Pazuello est\u00e1 alinhado com o discurso do presidente, que segue defendo a cloroquina e, na pr\u00e1tica, fazendo nada para impedir que o v\u00edrus se espalhe.<\/p>\n<h5 class=\"p1\" style=\"text-align: center;\">.<\/h5>\n<h5 class=\"p1\" style=\"text-align: center;\">Apesar de elogios de apoiadores e da <em>famiglia<\/em> Bolsonaro, que acha que ele est\u00e1 fazendo um grande trabalho, o Brasil continua como case de fracasso no combate \u00e0 doen\u00e7a<\/h5>\n<h5 class=\"p1\" style=\"text-align: center;\">.<\/h5>\n<p class=\"p1\" style=\"text-align: justify;\">E como se n\u00e3o bastasse, o Pantanal ainda queima e agora, pra completar a trag\u00e9dia, o brasileiro n\u00e3o pode nem comer arroz com feij\u00e3o. O pre\u00e7o do cereal est\u00e1 nas alturas e alguns, basicamente, dizem para a popula\u00e7\u00e3o comer brioches. Mas aqui n\u00e3o. N\u00f3s explicamos porque a alta no pre\u00e7o do arroz e as consequ\u00eancias de se efetivar Pazuello no Minist\u00e9rio da Sa\u00fade.<\/p>\n<p class=\"p1\" style=\"text-align: justify;\"><strong>Participam os jornalistas Ge\u00f3rgia Santos, Fl\u00e1via Cunha, Igor Natusch e T\u00e9rcio Saccol.\u00a0Voc\u00ea tamb\u00e9m pode ouvir o epis\u00f3dio no\u00a0<a href=\"https:\/\/open.spotify.com\/show\/5I8zWzbmuDvEx9Wp6Gtnyd\" target=\"_blank\" rel=\"noopener\">Spotify<\/a>,\u00a0<a href=\"https:\/\/podcasts.apple.com\/us\/podcast\/bendita-sois-v%C3%B3s\/id1436913300\" target=\"_blank\" rel=\"noopener\">Itunes<\/a>\u00a0e\u00a0<a href=\"https:\/\/castbox.fm\/channel\/Bendita-Sois-V%C3%B3s-id1474946?country=br\" target=\"_blank\" rel=\"noopener\">Castbox\u00a0<\/a>e outros agregadores.<\/strong><\/p>\n<p style=\"text-align: center;\"><iframe loading=\"lazy\" src=\"https:\/\/w.soundcloud.com\/player\/?url=https%3A\/\/api.soundcloud.com\/tracks\/894450760&amp;color=%23ff5500&amp;auto_play=false&amp;hide_related=false&amp;show_comments=true&amp;show_user=true&amp;show_reposts=false&amp;show_teaser=true&amp;visual=true\" width=\"100%\" height=\"300\" frameborder=\"no\" scrolling=\"no\"><\/iframe><\/p>\n<div style=\"font-size: 10px; color: #cccccc; line-break: anywhere; word-break: normal; overflow: hidden; white-space: nowrap; text-overflow: ellipsis; font-family: Interstate,Lucida Grande,Lucida Sans Unicode,Lucida Sans,Garuda,Verdana,Tahoma,sans-serif; font-weight: 100;\"><a style=\"color: #cccccc; text-decoration: none;\" title=\"V\u00f3s Pessoas no Plural\" href=\"https:\/\/soundcloud.com\/vos-social\" target=\"_blank\" rel=\"noopener\">V\u00f3s Pessoas no Plural<\/a> \u00b7 <a style=\"color: #cccccc; text-decoration: none;\" title=\"BSV Especial Coronav\u00edrus #25 Pazuello efetivado, o pre\u00e7o do arroz e a culpa de Bolsonaro\" href=\"https:\/\/soundcloud.com\/vos-social\/bsv-especial-coronavirus-25-pazuello-efetivado-o-preco-do-arroz-e-a-culpa-de-bolsonaro\" target=\"_blank\" rel=\"noopener\">BSV Especial Coronav\u00edrus #25 Pazuello efetivado, o pre\u00e7o do arroz e a culpa de Bolsonaro<\/a><\/div>\n","protected":false},"excerpt":{"rendered":"<p>Neste epis\u00f3dio, discutimos a efetiva\u00e7\u00e3o do General Pazuello, o pre\u00e7o do arroz, os inc\u00eandios no Pantanal e a culpa de [&hellip;]<\/p>\n","protected":false},"author":3,"featured_media":7430,"comment_status":"open","ping_status":"open","sticky":false,"template":"","format":"standard","meta":{"_acf_changed":false,"footnotes":""},"categories":[1541],"tags":[],"class_list":["post-7429","post","type-post","status-publish","format-standard","has-post-thumbnail","hentry","category-podcasts"],"acf":[],"_links":{"self":[{"href":"https:\/\/vos.homolog.arsnova.work\/index.php?rest_route=\/wp\/v2\/posts\/7429","targetHints":{"allow":["GET"]}}],"collection":[{"href":"https:\/\/vos.homolog.arsnova.work\/index.php?rest_route=\/wp\/v2\/posts"}],"about":[{"href":"https:\/\/vos.homolog.arsnova.work\/index.php?rest_route=\/wp\/v2\/types\/post"}],"author":[{"embeddable":true,"href":"https:\/\/vos.homolog.arsnova.work\/index.php?rest_route=\/wp\/v2\/users\/3"}],"replies":[{"embeddable":true,"href":"https:\/\/vos.homolog.arsnova.work\/index.php?rest_route=%2Fwp%2Fv2%2Fcomments&post=7429"}],"version-history":[{"count":0,"href":"https:\/\/vos.homolog.arsnova.work\/index.php?rest_route=\/wp\/v2\/posts\/7429\/revisions"}],"wp:featuredmedia":[{"embeddable":true,"href":"https:\/\/vos.homolog.arsnova.work\/index.php?rest_route=\/wp\/v2\/media\/7430"}],"wp:attachment":[{"href":"https:\/\/vos.homolog.arsnova.work\/index.php?rest_route=%2Fwp%2Fv2%2Fmedia&parent=7429"}],"wp:term":[{"taxonomy":"category","embeddable":true,"href":"https:\/\/vos.homolog.arsnova.work\/index.php?rest_route=%2Fwp%2Fv2%2Fcategories&post=7429"},{"taxonomy":"post_tag","embeddable":true,"href":"https:\/\/vos.homolog.arsnova.work\/index.php?rest_route=%2Fwp%2Fv2%2Ftags&post=7429"}],"curies":[{"name":"wp","href":"https:\/\/api.w.org\/{rel}","templated":true}]}}