{"id":7423,"date":"2020-09-12T16:35:18","date_gmt":"2020-09-12T19:35:18","guid":{"rendered":"https:\/\/vos.homolog.arsnova.work\/?p=7423"},"modified":"2020-09-12T16:35:18","modified_gmt":"2020-09-12T19:35:18","slug":"caio-fernando-abreu-eu-quero-a-vida","status":"publish","type":"post","link":"https:\/\/vos.homolog.arsnova.work\/?p=7423","title":{"rendered":"Caio Fernando Abreu: \u201cEu quero a vida\u201d"},"content":{"rendered":"<p style=\"text-align: justify\"><span style=\"font-weight: 400\">Neste s\u00e1bado, 12 de setembro, o escritor da paix\u00e3o, como foi descrito por Lygia Fagundes Telles, completaria <a href=\"https:\/\/www.jornaldocomercio.com\/_conteudo\/especiais\/reportagem_cultural\/2020\/09\/755527-autor-de-obra-universal-escritor-caio-fernando-abreu-faria-72-anos-neste-sabado.html\" target=\"_blank\" rel=\"noopener\">72 anos<\/a> se estivesse neste plano. Parece clich\u00ea, mas o legado liter\u00e1rio de Caio Fernando Abreu permanece vivo, mesmo ele tendo partido no j\u00e1 long\u00ednquo ano de 1996. A obra de Caio F. (como ele gostava de assinar em cartas, em uma refer\u00eancia ao livro e filme cult <\/span><i><span style=\"font-weight: 400\">Christiane F.<\/span><\/i><span style=\"font-weight: 400\">), atingiu um patamar de universalidade, por conseguir abordar tem\u00e1ticas que permanecem atuais.<\/span><\/p>\n<h6>SEM TABUS<\/h6>\n<p style=\"text-align: justify\"><span style=\"font-weight: 400\">Um desses assuntos \u00e9 o suic\u00eddio. Enquanto o tema era considerado tabu at\u00e9 recentemente pela m\u00eddia brasileira, Caio teve coragem para abord\u00e1-lo. H\u00e1 refer\u00eancias \u00e0 idea\u00e7\u00e3o de morte em textos de obras como <\/span><i><span style=\"font-weight: 400\">Invent\u00e1rio do Irremedi\u00e1vel<\/span><\/i><span style=\"font-weight: 400\"> (lan\u00e7ado em 1970), O\u00a0<\/span><i><span style=\"font-weight: 400\">ovo apunhalado<\/span><\/i><span style=\"font-weight: 400\"> (publicado pela primeira vez em 1975) e <\/span><i><span style=\"font-weight: 400\">Morangos mofados<\/span><\/i><span style=\"font-weight: 400\">, livro mais conhecido do grande p\u00fablico e que fez sucesso desde seu lan\u00e7amento, em 1982.<\/span><\/p>\n<h6>SOBREVIVER \u00c9 MELHOR<\/h6>\n<p>As tentativas de suic\u00eddio n\u00e3o foram apenas conte\u00fado ficcional. Caio chegou a reconhecer, em\u00a0<span style=\"font-weight: 400\">\u00a0entrevista na d\u00e9cada de 1980,\u00a0 que havia tentado se matar, mas tinha percebido que a vida era a melhor escolha:<\/span><\/p>\n<h6 style=\"text-align: justify\"><em><b>Voc\u00ea nunca pensou em suic\u00eddio?<\/b><\/em><\/h6>\n<h6 style=\"text-align: justify\"><em><span style=\"font-weight: 400\">J\u00e1 tentei tr\u00eas vezes. Mas eu era muito jovem e faz muito tempo. N\u00e3o tentaria de novo. Adoro viver. Era uma atitude um pouco liter\u00e1ria. Achava muito chique se suicidar aos 20 anos. <\/span><b>Mas chique \u00e9 sobreviver.<\/b><\/em><\/h6>\n<p style=\"text-align: justify\">Confira a entrevista completa <a href=\"http:\/\/www.tirodeletra.com.br\/entrevistas\/CaioFernandoAbreu.htm\" target=\"_blank\" rel=\"noopener\">aqui<\/a>.<\/p>\n<h6><strong>EU QUERO A VIDA<\/strong><\/h6>\n<p style=\"text-align: justify\">Antes disso, na d\u00e9cada de 1970, Caio escreveu um poema em que cita a palavra suic\u00eddio, mas desde a primeira estrofe enfatiza a import\u00e2ncia de permanecer vivo:<\/p>\n<h2 style=\"text-align: center\"><b>&#8220;(sem t\u00edtulo)<\/b><\/h2>\n<p style=\"text-align: center\"><span style=\"font-weight: 400\">Eu quero a vida.<\/span><\/p>\n<p style=\"text-align: center\"><span style=\"font-weight: 400\">Com todo o riscos<\/span><\/p>\n<p style=\"text-align: center\"><span style=\"font-weight: 400\">eu quero a vida.<\/span><\/p>\n<p style=\"text-align: center\"><span style=\"font-weight: 400\">Com os dentes em mau estado<\/span><\/p>\n<p style=\"text-align: center\"><span style=\"font-weight: 400\">eu quero a vida<\/span><\/p>\n<p style=\"text-align: center\"><span style=\"font-weight: 400\">insone, no terceiro comprimido para dormir<\/span><\/p>\n<p style=\"text-align: center\"><span style=\"font-weight: 400\">no terceiro ma\u00e7o de cigarro<\/span><\/p>\n<p style=\"text-align: center\"><span style=\"font-weight: 400\">depois do quarto suic\u00eddio<\/span><\/p>\n<p style=\"text-align: center\"><span style=\"font-weight: 400\">depois de todas as perdas<\/span><\/p>\n<p style=\"text-align: center\"><span style=\"font-weight: 400\">durante a calv\u00edcie incipiente<\/span><\/p>\n<p style=\"text-align: center\"><span style=\"font-weight: 400\">dentro da grande gaiola do pa\u00eds<\/span><\/p>\n<p style=\"text-align: center\"><span style=\"font-weight: 400\">de pequena gaiola do meu corpo<\/span><\/p>\n<p style=\"text-align: center\"><span style=\"font-weight: 400\">eu quero a vida<\/span><\/p>\n<p style=\"text-align: center\"><span style=\"font-weight: 400\">eu quero porque quero a vida.<\/span><\/p>\n<p style=\"text-align: center\"><span style=\"font-weight: 400\">\u00c9 uma escolha. Sozinho ou acompanhado, eu quero, meu<\/span><\/p>\n<p style=\"text-align: center\"><span style=\"font-weight: 400\">deus, como eu quero, com uma tal ferocidade, com uma tal<\/span><\/p>\n<p style=\"text-align: center\"><span style=\"font-weight: 400\">certeza. \u00c9 agora. \u00c9 pra j\u00e1. N\u00e3o importa depois. \u00c9 como a quero.<\/span><\/p>\n<p style=\"text-align: center\"><span style=\"font-weight: 400\">Viajar, subir, ver. Depois, talvez Tramanda\u00ed. Escrever. Traduzir. Em solid\u00e3o. Mas \u00e9 o que quero. Meu deus, a vida, a vida, a vida.<\/span><\/p>\n<p style=\"text-align: center\"><span style=\"font-weight: 400\">A VIDA<\/span><\/p>\n<p style=\"text-align: center\"><span style=\"font-weight: 400\">\u00c0 VIDA.\u201d<\/span><\/p>\n<p style=\"text-align: justify\">Para quem ficou interessado em conhecer a faceta po\u00e9tica do escritor, o livro <a href=\"https:\/\/www.travessa.com.br\/poesias-nunca-publicadas-de-caio-fernando-abreu-1-ed-2012\/artigo\/f28757d4-fe90-4ce1-9156-866941f6f770?pcd=041\" target=\"_blank\" rel=\"noopener\"><em>Poesias nunca publicadas de Caio Fernando Abreu<\/em><\/a><em>,\u00a0<\/em>de Let\u00edcia Chaplin e Marcia Ivana de Lima e Silva, re\u00fane mais de 100 poemas do autor.<\/p>\n<p><em>*\u00a0<span style=\"font-weight: 400\">Este \u00e9 o primeiro de uma s\u00e9rie de tr\u00eas textos da coluna Voos Liter\u00e1rios que abordar\u00e3o a import\u00e2ncia da campanha <a href=\"https:\/\/www.setembroamarelo.org.br\/prevencao\/\" target=\"_blank\" rel=\"noopener\">Setembro Amarelo<\/a>, de preven\u00e7\u00e3o ao suic\u00eddio.\u00a0<\/span><\/em><\/p>\n<p style=\"text-align: justify\"><em><span style=\"font-weight: 400\">Se, por algum motivo, voc\u00ea sentiu-se desconfort\u00e1vel ao ler sobre esse assunto, ligue para o CVV, que atende 24h pelo n\u00famero 188. Volunt\u00e1rios treinados podem te ajudar a lidar com essa situa\u00e7\u00e3o dif\u00edcil.<\/span><\/em><\/p>\n<p style=\"text-align: justify\"><em>Imagem: Acervo Caio F. Abreu &#8211;\u00a0<span class=\"il\">DELFOS<\/span>\/PUCRS.<\/em><\/p>\n<p>&nbsp;<\/p>\n<p>&nbsp;<\/p>\n","protected":false},"excerpt":{"rendered":"<p>Neste s\u00e1bado, 12 de setembro, o escritor da paix\u00e3o, como foi descrito por Lygia Fagundes Telles, completaria 72 anos se [&hellip;]<\/p>\n","protected":false},"author":5,"featured_media":7426,"comment_status":"open","ping_status":"open","sticky":false,"template":"","format":"standard","meta":{"_acf_changed":false,"footnotes":""},"categories":[4],"tags":[903,188,2328,2329,2330],"class_list":["post-7423","post","type-post","status-publish","format-standard","has-post-thumbnail","hentry","category-voos-literarios","tag-caio-f","tag-caio-fernando-abreu","tag-eu-quero-a-vida","tag-poesias-nunca-publicadas-de-caio-fernando-abreu","tag-setembro-amarelo"],"acf":[],"_links":{"self":[{"href":"https:\/\/vos.homolog.arsnova.work\/index.php?rest_route=\/wp\/v2\/posts\/7423","targetHints":{"allow":["GET"]}}],"collection":[{"href":"https:\/\/vos.homolog.arsnova.work\/index.php?rest_route=\/wp\/v2\/posts"}],"about":[{"href":"https:\/\/vos.homolog.arsnova.work\/index.php?rest_route=\/wp\/v2\/types\/post"}],"author":[{"embeddable":true,"href":"https:\/\/vos.homolog.arsnova.work\/index.php?rest_route=\/wp\/v2\/users\/5"}],"replies":[{"embeddable":true,"href":"https:\/\/vos.homolog.arsnova.work\/index.php?rest_route=%2Fwp%2Fv2%2Fcomments&post=7423"}],"version-history":[{"count":0,"href":"https:\/\/vos.homolog.arsnova.work\/index.php?rest_route=\/wp\/v2\/posts\/7423\/revisions"}],"wp:featuredmedia":[{"embeddable":true,"href":"https:\/\/vos.homolog.arsnova.work\/index.php?rest_route=\/wp\/v2\/media\/7426"}],"wp:attachment":[{"href":"https:\/\/vos.homolog.arsnova.work\/index.php?rest_route=%2Fwp%2Fv2%2Fmedia&parent=7423"}],"wp:term":[{"taxonomy":"category","embeddable":true,"href":"https:\/\/vos.homolog.arsnova.work\/index.php?rest_route=%2Fwp%2Fv2%2Fcategories&post=7423"},{"taxonomy":"post_tag","embeddable":true,"href":"https:\/\/vos.homolog.arsnova.work\/index.php?rest_route=%2Fwp%2Fv2%2Ftags&post=7423"}],"curies":[{"name":"wp","href":"https:\/\/api.w.org\/{rel}","templated":true}]}}