{"id":7412,"date":"2020-09-05T18:24:35","date_gmt":"2020-09-05T21:24:35","guid":{"rendered":"https:\/\/vos.homolog.arsnova.work\/?p=7412"},"modified":"2020-09-05T18:24:35","modified_gmt":"2020-09-05T21:24:35","slug":"revolta-da-vacina","status":"publish","type":"post","link":"https:\/\/vos.homolog.arsnova.work\/?p=7412","title":{"rendered":"A Revolta da Vacina e o coronav\u00edrus"},"content":{"rendered":"<p style=\"text-align: justify\"><span style=\"font-weight: 400\">Um protesto com ades\u00e3o popular ocorrido no in\u00edcio do s\u00e9culo 20 contra uma decis\u00e3o presidencial entrou em destaque nos notici\u00e1rios brasileiros da atualidade. Trata-se da Revolta da Vacina, lembrada pelo filho 03 de Jair Bolsonaro, ao retuitar um pol\u00eamico post do governo federal com a garantia de que a vacina\u00e7\u00e3o contra o coronav\u00edrus no Brasil, quando for poss\u00edvel, n\u00e3o ser\u00e1 obrigat\u00f3ria.<\/span><\/p>\n<p>Argumenta Eduardo Bolsonaro:<\/p>\n<p style=\"text-align: justify\"><em>\u201cLembrou-me a Revolta da Vacina (contra var\u00edola) em 1904 no Rio de Janeiro do prefeito Pereira Passos. Toma a vacina quem quiser. Isso \u00e9 liberdade. N\u00e3o \u00e9 o papai Estado que vai te impor decis\u00f5es sobre sua vida (ao menos o Estado federal)\u201d,<\/em><\/p>\n<h6><b>OSWALDO CRUZ: ENTRE BARRICADAS E MICR\u00d3BIOS<\/b><\/h6>\n<p style=\"text-align: justify\"><span style=\"font-weight: 400\">Para tentar entender melhor as circunst\u00e2ncia deste protesto de 1904, no Rio de Janeiro, fui pesquisar uma fonte confi\u00e1vel de informa\u00e7\u00e3o. E encontrei a biografia <\/span><i><span style=\"font-weight: 400\">Oswaldo Cruz: entre barricadas e micr\u00f3bios<\/span><\/i><span style=\"font-weight: 400\">, de autoria de Moacyr Scliar. O m\u00e9dico sanitarista \u00e9 uma das figuras centrais que motivou a Revolta da Vacina. Oswaldo Cruz era um defensor ferrenho da vacina\u00e7\u00e3o obrigat\u00f3ria da popula\u00e7\u00e3o contra a var\u00edola, doen\u00e7a que era uma preocupa\u00e7\u00e3o mundial em raz\u00e3o do alto grau de mortalidade na \u00e9poca. Por\u00e9m, o motivo inicial para a organiza\u00e7\u00e3o dos protestos\u00a0 n\u00e3o tinha rela\u00e7\u00e3o com a ci\u00eancia e, sim, com a pol\u00edtica.<\/span><\/p>\n<h6 style=\"text-align: justify\">EPIDEMIAS X ECONOMIA<\/h6>\n<p style=\"text-align: justify\"><span style=\"font-weight: 400\">O presidente da Rep\u00fablica nesse per\u00edodo era Rodrigues Alves, um civil apoiado pela oligarquia do caf\u00e9 e que tinha como uma das metas ao ser eleito o saneamento do Rio de Janeiro. A ent\u00e3o capital federal era uma cidade assolada por diversas epidemias e, por isso, seu porto era considerado perigoso por estrangeiros, o que prejudicava a economia brasileira.\u00a0<\/span><\/p>\n<p style=\"text-align: justify\"><span style=\"font-weight: 400\">Por isso, Rodrigues Alves tornou Diretor Geral de Sa\u00fade P\u00fablica o jovem m\u00e9dico sanitarista Oswaldo Cruz, um vision\u00e1rio que j\u00e1 havia estudado no Instituto Pasteur, na Fran\u00e7a, e que havia ingressado na faculdade de Medicina aos 15 anos. O que os dois n\u00e3o contavam, assim como o prefeito do Rio de Janeiro, Pereira Passos, nomeado por Alves, \u00e9 que o Congresso Nacional fosse contr\u00e1rio a medidas como vacinar compulsoriamente a popula\u00e7\u00e3o.<\/span><\/p>\n<h6>INTERESSES POL\u00cdTICOS<\/h6>\n<p style=\"text-align: justify\"><span style=\"font-weight: 400\">Apesar dos argumentos aparentemente cient\u00edficos &#8211; positivistas afirmavam n\u00e3o acreditar em micr\u00f3bios, por exemplo &#8211; o que havia por tr\u00e1s eram interesses pol\u00edticos. Parlamentares de origem militar queriam retornar ao poder, saudosos dos governos dos marechais Deodoro da Fonseca e Floriano Peixoto. Outros que tamb\u00e9m pretendiam aproveitar-se da situa\u00e7\u00e3o para tentar desestabilizar a jovem Rep\u00fablica eram os parlamentares com ideais monarquistas. A imprensa tamb\u00e9m posicionava-se contr\u00e1ria \u00e0 vacina\u00e7\u00e3o obrigat\u00f3ria, por consider\u00e1-la arbitr\u00e1ria.<\/span><\/p>\n<p><span style=\"font-weight: 400\">Sobre o protesto, escreveu Moacyr Scliar:<\/span><\/p>\n<h6 style=\"text-align: justify\"><em><span style=\"font-weight: 400\">&#8220;Tudo come\u00e7ou no dia 10 de novembro de 1904, com uma pequena manifesta\u00e7\u00e3o contra a vacina. Estudantes sa\u00edram \u00e0s ruas, gritando lemas de protesto e entoando can\u00e7\u00f5es sat\u00edricas. Houve confronto com a pol\u00edcia, viol\u00eancia, pris\u00f5es. \u00c0 noite, a calma voltou \u00e0 cidade \u2013 mas s\u00f3 aparentemente; j\u00e1 no dia seguinte, novas manifesta\u00e7\u00f5es, e mais viol\u00eancia, desta vez acompanhada de troca de tiros, a indicar que o conflito se ampliava. No dia 12 o n\u00famero de pessoas na rua cresceu consideravelmente. [&#8230;] Em passeata, os manifestantes dirigiram-se ao Pal\u00e1cio do Catete. Tiros foram disparados contra o carro do comandante da Brigada Policial, o general Piragibe. As for\u00e7as policiais investiram contra os manifestantes, o Ex\u00e9rcito entrou de prontid\u00e3o. Rodrigues Alves [&#8230;] se recusou a demitir o seu diretor de Sa\u00fade P\u00fablica [Oswaldo Cruz]; n\u00e3o se tratava de um funcion\u00e1rio comum, e, ademais, a vacina obrigat\u00f3ria estava apenas servindo de pretexto para a revolta contra o governo\u201d<\/span><\/em><\/h6>\n<p style=\"text-align: justify\"><span style=\"font-weight: 400\">A ideia era que a Revolta da Vacina resultasse em um golpe de Estado, o que acabou n\u00e3o se concretizando, mas tendo um saldo\u00a0 final de pelo menos 30 mortos, al\u00e9m de muitos feridos, presos e deportados. Por\u00e9m, a imagem de Oswaldo Cruz jamais recuperou-se completamente perante a opini\u00e3o p\u00fablica. Scliar cita que, em 1912, quando o sanitarista ganhou uma cadeira na Academia Brasileira de Letras, as not\u00edcias que sa\u00edram na imprensa a respeito ainda o associavam \u00e0 controv\u00e9rsia da vacina\u00e7\u00e3o obrigat\u00f3ria.<\/span><\/p>\n<p style=\"text-align: justify\">A <a href=\"http:\/\/homolog.bvsoswaldocruz.coc.fiocruz.br\/lildbi\/docsonline\/get.php?id=116\" target=\"_blank\" rel=\"noopener\">biografia<\/a> escrita por Scliar encontra-se dispon\u00edvel na \u00edntegra na <a href=\"http:\/\/busca.oswaldocruz.fiocruz.br:3000\/?f%5Bsegmento%5D%5B%5D=Bibliografia\" target=\"_blank\" rel=\"noopener\">biblioteca virtual Oswaldo Cruz<\/a>, assim como outras obras relacionadas \u00e0 trajet\u00f3ria do m\u00e9dico.<\/p>\n<h6 style=\"text-align: justify\">A IMPORT\u00c2NCIA DA VACINA\u00c7\u00c3O<\/h6>\n<p style=\"text-align: justify\"><span style=\"font-weight: 400\">\u00c9 importante lembrar que a var\u00edola s\u00f3 foi erradicada completamente em 1980, ap\u00f3s um esfor\u00e7o internacional, liderado pela Organiza\u00e7\u00e3o Mundial da Sa\u00fade, para a vacina\u00e7\u00e3o em massa.\u00a0<\/span><span style=\"font-weight: 400\">Em maio deste ano, o diretor-geral da OMS, Tedros Adhanom Ghebreyesus, fez a seguinte<a href=\"https:\/\/www.bio.fiocruz.br\/index.php\/br\/noticias\/1809-onu-comemora-40-anos-da-erradicacao-da-variola\" target=\"_blank\" rel=\"noopener\"> declara\u00e7\u00e3o<\/a>:\u00a0<\/span><\/p>\n<h6><em><span style=\"font-weight: 400\">\u201cenquanto o mundo confronta a pandemia de COVID-19, a vit\u00f3ria da humanidade sobre a var\u00edola \u00e9 um lembrete do que \u00e9 poss\u00edvel quando as na\u00e7\u00f5es se re\u00fanem para combater uma amea\u00e7a comum \u00e0 sa\u00fade&#8221;.<\/span><\/em><\/h6>\n<h6><strong>O GOVERNO BRASILEIRO EM (NOVA) CONTRADI\u00c7\u00c3O<\/strong><\/h6>\n<p style=\"text-align: justify\"><span style=\"font-weight: 400\">Por fim, n\u00e3o podemos esquecer que, um decreto presidencial assinado pelo pr\u00f3prio Jair Bolsonaro, no in\u00edcio da pandemia no Brasil, prev\u00ea como uma das medidas de conten\u00e7\u00e3o ao coronav\u00edrus a vacina\u00e7\u00e3o obrigat\u00f3ria. Ou seja, o governo agora parece apenas \u201cjogar para a torcida\u201d dos que t\u00eam medo da vacina. <\/span><\/p>\n<p style=\"text-align: justify\"><span style=\"font-weight: 400\">Precisamos que a Ci\u00eancia e o bom senso prevale\u00e7am!<\/span><\/p>\n<p><em>Imagem: Charge Jornal O Malho (1904)\/Reprodu\u00e7\u00e3o<\/em><\/p>\n","protected":false},"excerpt":{"rendered":"<p>Um protesto com ades\u00e3o popular ocorrido no in\u00edcio do s\u00e9culo 20 contra uma decis\u00e3o presidencial entrou em destaque nos notici\u00e1rios [&hellip;]<\/p>\n","protected":false},"author":5,"featured_media":7413,"comment_status":"open","ping_status":"open","sticky":false,"template":"","format":"standard","meta":{"_acf_changed":false,"footnotes":""},"categories":[4],"tags":[2327,2326,2323,2325,2324],"class_list":["post-7412","post","type-post","status-publish","format-standard","has-post-thumbnail","hentry","category-voos-literarios","tag-moacyr-scliar","tag-oswaldo-cruz-entre-barricadas-e-microbios","tag-revolta-da-vacina","tag-vacina-covid-19","tag-vacinacao-obrigatoria"],"acf":[],"_links":{"self":[{"href":"https:\/\/vos.homolog.arsnova.work\/index.php?rest_route=\/wp\/v2\/posts\/7412","targetHints":{"allow":["GET"]}}],"collection":[{"href":"https:\/\/vos.homolog.arsnova.work\/index.php?rest_route=\/wp\/v2\/posts"}],"about":[{"href":"https:\/\/vos.homolog.arsnova.work\/index.php?rest_route=\/wp\/v2\/types\/post"}],"author":[{"embeddable":true,"href":"https:\/\/vos.homolog.arsnova.work\/index.php?rest_route=\/wp\/v2\/users\/5"}],"replies":[{"embeddable":true,"href":"https:\/\/vos.homolog.arsnova.work\/index.php?rest_route=%2Fwp%2Fv2%2Fcomments&post=7412"}],"version-history":[{"count":0,"href":"https:\/\/vos.homolog.arsnova.work\/index.php?rest_route=\/wp\/v2\/posts\/7412\/revisions"}],"wp:featuredmedia":[{"embeddable":true,"href":"https:\/\/vos.homolog.arsnova.work\/index.php?rest_route=\/wp\/v2\/media\/7413"}],"wp:attachment":[{"href":"https:\/\/vos.homolog.arsnova.work\/index.php?rest_route=%2Fwp%2Fv2%2Fmedia&parent=7412"}],"wp:term":[{"taxonomy":"category","embeddable":true,"href":"https:\/\/vos.homolog.arsnova.work\/index.php?rest_route=%2Fwp%2Fv2%2Fcategories&post=7412"},{"taxonomy":"post_tag","embeddable":true,"href":"https:\/\/vos.homolog.arsnova.work\/index.php?rest_route=%2Fwp%2Fv2%2Ftags&post=7412"}],"curies":[{"name":"wp","href":"https:\/\/api.w.org\/{rel}","templated":true}]}}