{"id":7404,"date":"2020-09-02T17:00:17","date_gmt":"2020-09-02T20:00:17","guid":{"rendered":"https:\/\/vos.homolog.arsnova.work\/?p=7404"},"modified":"2020-09-02T16:55:45","modified_gmt":"2020-09-02T19:55:45","slug":"bsv-especial-coronavirus-23-queda-do-pib-4-anos-do-golpe-e-eleicoes","status":"publish","type":"post","link":"https:\/\/vos.homolog.arsnova.work\/?p=7404","title":{"rendered":"BSV Especial Coronav\u00edrus #23 Queda do PIB, 4 anos do golpe e elei\u00e7\u00f5es"},"content":{"rendered":"<p style=\"text-align: justify;\">A queda do PIB fez com que o epis\u00f3dio desta semana fosse uma esp\u00e9cie de viagem no tempo. Isso porque a economia brasileira sofreu um tombo recorde, com uma queda hist\u00f3ria de 9,7% no segundo trimestre. Assim, o Brasil voltou ao patamar de 2009. O desempenho \u00e9 parecido com o de pa\u00edses ricos durante a pandemia de coronav\u00edrus, mas, por aqui, tamb\u00e9m \u00e9 reflexo da falta de lideran\u00e7a. O resultado ainda impactou diretamente na decis\u00e3o do presidente Jair Bolsonaro, que resolveu prorrogar o auxilio emergencial com redu\u00e7\u00e3o de 50%. Agora, o benef\u00edcio ser\u00e1 de R$300 reais, pago em quatro parcelas at\u00e9 o final do ano.<\/p>\n<h5 style=\"text-align: center;\">.<\/h5>\n<h5 style=\"text-align: center;\">Parece, afinal, que n\u00e3o bastava &#8220;tirar a Dilma&#8221;<\/h5>\n<h5 style=\"text-align: center;\">.<\/h5>\n<p style=\"text-align: justify;\">Ali\u00e1s, nesta semana, dia 31 de agosto, fez quatro anos do golpe jur\u00eddico e institucional que tirou Dilma Rousseff do poder, em 2016. Algumas das repercuss\u00f5es desse evento ainda podem ser observadas hoje. Por\u00e9m, talvez o momento exija uma guinada de discurso por parte da esquerda.<\/p>\n<p style=\"text-align: justify;\">E do passado a gente d\u00e1 pulinho no futuro porque as elei\u00e7\u00f5es municipais est\u00e3o chegando e j\u00e1 mostram uma rearticula\u00e7\u00e3o das direitas brasileiras em torno de Bolsonaro. Quem sabe mostrando algo que pode acontecer em 2022. Afinal, j\u00e1 tem cr\u00edtico arrependido, n\u00e3o \u00e9 mesmo, governador Ronaldo Caiado?<\/p>\n<p style=\"text-align: justify;\"><strong>Participam os jornalistas Ge\u00f3rgia Santos, Fl\u00e1via Cunha, Igor Natusch e T\u00e9rcio Saccol.\u00a0Voc\u00ea tamb\u00e9m pode ouvir o epis\u00f3dio no\u00a0<a href=\"https:\/\/open.spotify.com\/show\/5I8zWzbmuDvEx9Wp6Gtnyd\" target=\"_blank\" rel=\"noopener\">Spotify<\/a>,\u00a0<a href=\"https:\/\/podcasts.apple.com\/us\/podcast\/bendita-sois-v%C3%B3s\/id1436913300\" target=\"_blank\" rel=\"noopener\">Itunes<\/a>\u00a0e\u00a0<a href=\"https:\/\/castbox.fm\/channel\/Bendita-Sois-V%C3%B3s-id1474946?country=br\" target=\"_blank\" rel=\"noopener\">Castbox\u00a0<\/a>e outros agregadores.<\/strong><\/p>\n<p style=\"text-align: center;\"><iframe loading=\"lazy\" src=\"https:\/\/w.soundcloud.com\/player\/?url=https%3A\/\/api.soundcloud.com\/tracks\/886432924&amp;color=%23ff5500&amp;auto_play=false&amp;hide_related=false&amp;show_comments=true&amp;show_user=true&amp;show_reposts=false&amp;show_teaser=true&amp;visual=true\" width=\"100%\" height=\"300\" frameborder=\"no\" scrolling=\"no\"><\/iframe><\/p>\n<div style=\"font-size: 10px; color: #cccccc; line-break: anywhere; word-break: normal; overflow: hidden; white-space: nowrap; text-overflow: ellipsis; font-family: Interstate,Lucida Grande,Lucida Sans Unicode,Lucida Sans,Garuda,Verdana,Tahoma,sans-serif; font-weight: 100;\"><a style=\"color: #cccccc; text-decoration: none;\" title=\"V\u00f3s Pessoas no Plural\" href=\"https:\/\/soundcloud.com\/vos-social\" target=\"_blank\" rel=\"noopener\">V\u00f3s Pessoas no Plural<\/a> \u00b7 <a style=\"color: #cccccc; text-decoration: none;\" title=\"BSV Especial Coronav\u00edrus #23 Queda do PIB, 4 anos do golpe e elei\u00e7\u00f5es\" href=\"https:\/\/soundcloud.com\/vos-social\/bsv-especial-coronavirus-23-queda-do-pib-4-anos-do-golpe-e-eleicoes\" target=\"_blank\" rel=\"noopener\">BSV Especial Coronav\u00edrus #23 Queda do PIB, 4 anos do golpe e elei\u00e7\u00f5es<\/a><\/div>\n","protected":false},"excerpt":{"rendered":"<p>A queda do PIB fez com que o epis\u00f3dio desta semana fosse uma esp\u00e9cie de viagem no tempo. Isso porque [&hellip;]<\/p>\n","protected":false},"author":3,"featured_media":7405,"comment_status":"open","ping_status":"open","sticky":false,"template":"","format":"standard","meta":{"_acf_changed":false,"footnotes":""},"categories":[1541],"tags":[2321,2322,870,2158,736,791,925,1279,2320,529,2165,2129,1121],"class_list":["post-7404","post","type-post","status-publish","format-standard","has-post-thumbnail","hentry","category-podcasts","tag-auxilio","tag-auxilio-emergencial","tag-bolsonaro","tag-coronavirus","tag-dilma","tag-economia","tag-eleicoes","tag-golpe","tag-guedes","tag-impeachment","tag-pandemia","tag-paulo-guedes","tag-pib"],"acf":[],"_links":{"self":[{"href":"https:\/\/vos.homolog.arsnova.work\/index.php?rest_route=\/wp\/v2\/posts\/7404","targetHints":{"allow":["GET"]}}],"collection":[{"href":"https:\/\/vos.homolog.arsnova.work\/index.php?rest_route=\/wp\/v2\/posts"}],"about":[{"href":"https:\/\/vos.homolog.arsnova.work\/index.php?rest_route=\/wp\/v2\/types\/post"}],"author":[{"embeddable":true,"href":"https:\/\/vos.homolog.arsnova.work\/index.php?rest_route=\/wp\/v2\/users\/3"}],"replies":[{"embeddable":true,"href":"https:\/\/vos.homolog.arsnova.work\/index.php?rest_route=%2Fwp%2Fv2%2Fcomments&post=7404"}],"version-history":[{"count":0,"href":"https:\/\/vos.homolog.arsnova.work\/index.php?rest_route=\/wp\/v2\/posts\/7404\/revisions"}],"wp:featuredmedia":[{"embeddable":true,"href":"https:\/\/vos.homolog.arsnova.work\/index.php?rest_route=\/wp\/v2\/media\/7405"}],"wp:attachment":[{"href":"https:\/\/vos.homolog.arsnova.work\/index.php?rest_route=%2Fwp%2Fv2%2Fmedia&parent=7404"}],"wp:term":[{"taxonomy":"category","embeddable":true,"href":"https:\/\/vos.homolog.arsnova.work\/index.php?rest_route=%2Fwp%2Fv2%2Fcategories&post=7404"},{"taxonomy":"post_tag","embeddable":true,"href":"https:\/\/vos.homolog.arsnova.work\/index.php?rest_route=%2Fwp%2Fv2%2Ftags&post=7404"}],"curies":[{"name":"wp","href":"https:\/\/api.w.org\/{rel}","templated":true}]}}