{"id":7386,"date":"2020-08-29T18:40:36","date_gmt":"2020-08-29T21:40:36","guid":{"rendered":"https:\/\/vos.homolog.arsnova.work\/?p=7386"},"modified":"2020-08-29T18:40:36","modified_gmt":"2020-08-29T21:40:36","slug":"5-livros-para-celebrar-o-dia-nacional-da-visibilidade-lesbica","status":"publish","type":"post","link":"https:\/\/vos.homolog.arsnova.work\/?p=7386","title":{"rendered":"5 Livros para celebrar o Dia Nacional da Visibilidade L\u00e9sbica"},"content":{"rendered":"<p style=\"text-align: justify\"><span style=\"font-weight: 400\">H\u00e1 24 anos, o 29 de agosto \u00e9 o Dia Nacional da Visibilidade L\u00e9sbica. Nessa data, em 1996, foi realizado o primeiro Semin\u00e1rio Nacional de L\u00e9sbicas. Com o passar dos anos, a data foi se fortalecendo em meio \u00e0 milit\u00e2ncia e seus apoiadores, ficando o pr\u00f3prio m\u00eas de agosto marcado por a\u00e7\u00f5es e iniciativas para tornar mais vis\u00edvel para a sociedade o \u201cL\u201d da sigla LGBTQIA+.<\/span><\/p>\n<h6 style=\"text-align: justify\">UMA LUTA NECESS\u00c1RIA<\/h6>\n<p style=\"text-align: justify\"><span style=\"font-weight: 400\">Mas por que datas como essa s\u00e3o necess\u00e1rias, voc\u00ea a\u00ed, heterossexual, pode estar se perguntando. Porque o amor entre iguais muitas vezes \u00e9 motivo de preconceito e viol\u00eancia. No caso de mulheres, s\u00e3o in\u00fameros os relatos de casos de agress\u00e3o por uma mera demonstra\u00e7\u00e3o de carinho em p\u00fablico. Por isso, \u00e9 necess\u00e1rio dar cada vez mais visibilidade ao tema, para mostrar o que deveria ser \u00f3bvio: toda forma de amor deve ser respeitada.<\/span><\/p>\n<h6><strong>REPRESENTATIVIDADE IMPORTA<\/strong><\/h6>\n<p style=\"text-align: justify\"><span style=\"font-weight: 400\">Em entrevista para a coluna Voos Liter\u00e1rios, a produtora cultural e livreira Ariane Laubin, de 40 anos, ressalta que ainda \u00e9 necess\u00e1rio dar visibilidade \u00e0s mulheres l\u00e9sbicas, que at\u00e9 em eventos e nos movimentos LGBTs n\u00e3o t\u00eam tanta representatividade. \u201cAs paradas de orgulho ainda t\u00eam, inclusive na programa\u00e7\u00e3o art\u00edstica, poucas mulheres l\u00e9sbicas. H\u00e1 pouca representatividade nesse sentido. Por isso, cada vez mais precisamos marcar o agosto como o m\u00eas da visibilidade l\u00e9sbica.\u201d<\/span><\/p>\n<p style=\"text-align: justify\"><span style=\"font-weight: 400\">Ariane \u00e9 casada com Bia Garbelini desde 2016. As duas s\u00e3o m\u00e3es da Sofia, pr\u00e9-adolescente com S\u00edndrome de Williams. \u201cA maternidade l\u00e9sbica existe e n\u00e3o est\u00e1 dentro de padr\u00f5es fechados em caixas\u201d, ressalta.\u00a0<\/span><\/p>\n<h6><strong>CONVIDADA ESPECIAL<\/strong><\/h6>\n<p>Fiz o convite para Ariane Laubin\u00a0<span style=\"font-weight: 400\">indicar livros em que a tem\u00e1tica l\u00e9sbica \u00e9 apresentada de alguma forma. Ela pontuou como iniciativas como essa contribuem para dar mais visibilidade \u00e0 quest\u00e3o e enviou 5 obras sobre o assunto. Abaixo, seguem as indica\u00e7\u00f5es, com sinopses e breves coment\u00e1rios escritos pela colunista aqui.<\/span><\/p>\n<h6><strong><a href=\"https:\/\/editoramorrobranco.com.br\/livros\/bem-vindos-ao-paraiso\/\" target=\"_blank\" rel=\"noopener\"><em>Bem-vindos ao para\u00edso<\/em><\/a><\/strong><\/h6>\n<h6><strong>Autora: Nicole Dennis-benn<\/strong><\/h6>\n<p><strong>Sinopse: <\/strong><span style=\"font-weight: 400\">Em um resort luxuoso nas belas praias de areia branca da Jamaica, Margot luta para manter Thandi, sua irm\u00e3 mais nova, na escola. Ensinada desde pequena a usar o corpo para sobreviver, ela est\u00e1 determinada a proteger Thandi do mesmo destino. Mas quando a constru\u00e7\u00e3o de um novo hotel amea\u00e7a sua vila, Margot enxerga uma oportunidade de independ\u00eancia financeira e a chance de admitir um segredo chocante: seu amor proibido por outra mulher.<\/span><\/p>\n<p><span style=\"font-weight: 400\"><strong>Coment\u00e1rio:<\/strong> \u00c9 o romance de estreia da escritora jamaicana Nicole Dennis-benn, lan\u00e7ado em 2016. A obra foi considerada Melhor Livro do Ano pelo jornal The New York Times. A escritora \u00e9 reconhecida por abordar a quest\u00e3o l\u00e9sbica em suas obras, em uma perspectiva feminista. Tamb\u00e9m \u00e9 autora do romance <\/span><i><span style=\"font-weight: 400\">Paty<\/span><\/i><span style=\"font-weight: 400\">, lan\u00e7ado em 2019.<\/span><\/p>\n<h6><em><a href=\"https:\/\/www.travessa.com.br\/carol-1-ed-2006\/artigo\/1eb16758-ae06-45b6-a7eb-7c24e79248a4\" target=\"_blank\" rel=\"noopener\"><strong>Carol<\/strong><\/a><\/em><\/h6>\n<h6><strong>Autora: Patr\u00edcia Highsmith<\/strong><\/h6>\n<p style=\"text-align: justify\"><span style=\"font-weight: 400\"><strong>Sinopse:<\/strong> <\/span><span style=\"font-weight: 400\">Em plenos anos 50, a escritora Patricia Highsmith lan\u00e7ou &#8216;Carol&#8217; &#8211; primeiro romance que aborda uma rela\u00e7\u00e3o amorosa entre mulheres com um final feliz. O pol\u00eamico livro foi publicado na \u00e9poca como &#8216;The price of salt&#8217;, sob o pseud\u00f4nimo de Claire Morgan. Na hist\u00f3ria, Therese Belivet trabalha como vendedora na se\u00e7\u00e3o de bonecas de uma loja de departamentos. O emprego funciona como um bico para juntar dinheiro &#8211; o que ela de fato quer \u00e9 construir uma carreira como cen\u00f3grafa de teatro. <\/span><\/p>\n<p style=\"text-align: justify\"><span style=\"font-weight: 400\">\u00c9 \u00e9poca de Natal em Nova York, e a loja est\u00e1 lotada. Em meio a tantos rostos desconhecidos, Therese fica hipnotizada ao ver uma distinta cliente se aproximar. \u00c9 Carol. Assim come\u00e7a o romance entre a jovem Therese e Carol &#8211; rec\u00e9m-separada e m\u00e3e de uma filha -, um amor repentino e fatal, que se transforma em uma constante troca de experi\u00eancias. Mas, numa tentativa de escapar dos olhares reprovadores dos amigos e familiares, elas saem de carro em uma viagem pelos Estados Unidos. Essa aventura acaba se tornando perigosa quando elas percebem que est\u00e3o sendo seguidas por um detetive.<\/span><\/p>\n<p style=\"text-align: justify\"><span style=\"font-weight: 400\"><strong>Coment\u00e1rio:<\/strong> A obra ficou mais conhecida do grande p\u00fablico ap\u00f3s a adapta\u00e7\u00e3o para o cinema, em 2015. O longa-metragem \u00e9 estrelado por Cate Blanchett e Rooney Mara, com dire\u00e7\u00e3o de Tood Haynes. O filme teve boa repercuss\u00e3o e recebeu seis indica\u00e7\u00f5es ao Oscar, incluindo melhor roteiro adaptado, al\u00e9m de melhor atriz e melhor atriz coadjuvante, entre outros categorias.\u00a0<\/span><\/p>\n<h6><a href=\"https:\/\/www.estantevirtual.com.br\/livros\/erica-fischer\/aimee-e-jaguar\/2274277482\" target=\"_blank\" rel=\"noopener\"><em><strong>Aim\u00e9e e Jaguar<\/strong><\/em><\/a><\/h6>\n<h6><strong>Autora: \u00c9rica Fischer<\/strong><\/h6>\n<p style=\"text-align: justify\"><span style=\"font-weight: 400\"><strong>Sinopse:<\/strong> Aos 29 anos, Elisabeth Wust, a Lilly, \u00e9 uma t\u00edpica dona de casa alem\u00e3. Casada com um funcion\u00e1rio do governo, tem quatro filhos pequenos, uma rotina de classe m\u00e9dia. Com 21 anos de idade, Felice Scheagenheim \u00e9 o oposto de Lilly. Culta, segura e refinada, um s\u00edmbolo de mulher independente. Estamos em Berlim, em 1942, o chanceler \u00e9 Adolf Hitler, e Felice, judia, est\u00e1 na clandestinidade para tentar sobreviver. Apesar de tudo, as duas mulheres se apaixonam, tendo como trilhas sonoras marchas militares, num cen\u00e1rio de bombardeios. Na primavera de 1943, Felice se muda para a casa de Lilly. &#8216;Aim\u00e9e &amp; Jaguar&#8217;, como passaram a se chamar, conta a hist\u00f3ria de amor entre as duas mulheres.<\/span><\/p>\n<p style=\"text-align: justify\"><span style=\"font-weight: 400\"><strong>Coment\u00e1rio:<\/strong> O livro \u00e9 baseado em fatos reais, o que torna a hist\u00f3ria ainda mais interessante. A autora, \u00c9rica Fischer, \u00e9 jornalista e fez um trabalho de pesquisa que resultou na obra, lan\u00e7ada em 1994. Ela analisou cartas, di\u00e1rios e poemas trocados entre as protagonistas dessa hist\u00f3ria de amor. Tamb\u00e9m entrevistou amigos ainda vivos das duas mulheres para conseguir apresentar detalhes dos fatos ocorridos durante a Segunda Guerra Mundial.\u00a0\u00a0<\/span><\/p>\n<h6><a href=\"https:\/\/dublinense.com.br\/livros\/amora\/\" target=\"_blank\" rel=\"noopener\"><strong><em>Amora<\/em><\/strong><\/a><\/h6>\n<h6><strong>Autora: Natalia Borges Polesso<\/strong><\/h6>\n<p style=\"text-align: justify\"><span style=\"font-weight: 400\"><strong>Sinopse:<\/strong> Seria pouco dizer que os contos de Amora versam sobre rela\u00e7\u00f5es homossexuais entre mulheres. Tamb\u00e9m est\u00e3o aqui o maravilhamento, o estupor e o medo das descobertas. O encontro consigo mesmo, sobretudo quando ele ocorre fora dos padr\u00f5es, pode trazer desafios ou tornar imposs\u00edvel seguir sem transforma\u00e7\u00e3o. \u00c9 necess\u00e1rio avan\u00e7ar, explorar o desconhecido, desestabilizar as estruturas para chegar, enfim, ao sossego de quem vive com honestidade.<\/span><\/p>\n<p style=\"text-align: justify\"><span style=\"font-weight: 400\"><strong>Coment\u00e1rio:<\/strong>\u00a0 A obra foi premiada com o Jabuti de melhor livro, entre outras distin\u00e7\u00f5es. Em maio de 2020, a vers\u00e3o em ingl\u00eas do livro da escritora ga\u00facha foi lan\u00e7ado nos Estados Unidos e Reino Unido. Em suas redes sociais, Natalia Borges Polesso comentou, em uma postagem sobre a publica\u00e7\u00e3o de sua obra traduzida para o ingl\u00eas: \u201cEu queria escrever um livro com hist\u00f3rias nas quais eu pudesse me reconhecer. Queria fazer uma boa fic\u00e7\u00e3o tamb\u00e9m. [&#8230;] Queria me sentir um pouco Caio [Fernando Abreu], um pouco Cassandra [Rios], um pouco Clarice [Lispector].\u201d<\/span><\/p>\n<h6><a href=\"https:\/\/www.travessa.com.br\/tomates-verdes-fritos-no-cafe-da-parada-do-apito-1-ed-2018\/artigo\/a70cfd0f-174e-48df-94fa-a885b0045246\" target=\"_blank\" rel=\"noopener\"><em><strong>Tomates Verdes Fritos<\/strong><\/em><\/a><\/h6>\n<h6><strong>Autora: Fannie Flagg<\/strong><\/h6>\n<p style=\"text-align: justify\"><span style=\"font-weight: 400\"><strong>Sinopse:<\/strong> Combinando humor irresist\u00edvel a uma narrativa comovente, Fannie Flagg usa cap\u00edtulos curtos que alternam \u00e9pocas \u2014 a d\u00e9cada de 1980, as primeiras d\u00e9cadas do s\u00e9culo XX, os anos 1930 \u2014 e hist\u00f3rias superpostas para criar um rico painel humano e social. O livro mistura as hist\u00f3rias do Caf\u00e9 da Parada do Apito com os encontros casuais entre a dona de casa infeliz Evelyn Couch e a octogen\u00e1ria sra. Threadgoode numa casa de repouso. As protagonistas das mem\u00f3rias da sra. Threadgoode s\u00e3o Idge e Ruth, donas do Caf\u00e9, que quebram conven\u00e7\u00f5es e enfrentam todo tipo de amea\u00e7as e preconceitos. Ao longo de suas conversas, Evelyn acaba recuperando sua identidade e a sra. Threadgoode retoma seu pr\u00f3prio passado.<\/span><\/p>\n<p style=\"text-align: justify\"><span style=\"font-weight: 400\"><strong>Coment\u00e1rio:<\/strong> A obra n\u00e3o \u00e9 abertamente l\u00e9sbica, por\u00e9m a hist\u00f3ria de amor fica nas entrelinhas. Na adapta\u00e7\u00e3o para o cinema, o relacionamento l\u00e9sbico \u00e9 praticamente invisibilizado. A atriz Mary-Louise Parker comentou, em uma entrevista, que pediu muitas vezes para que Jon Avnet, diretor do longa-metragem lan\u00e7ado em 1991, mostrasse claramente o romance entre sua personagem Ruth e Idgie, interpretada pela atriz Mary Stuart Masterson. N\u00e3o foi atendida em seu pedido. As duas s\u00e3o mostradas no filme como grande amigas.<\/span><\/p>\n<h6><a href=\"https:\/\/www.emartinsfontes.com.br\/azul-e-a-cor-mais-quente-p23375\/\" target=\"_blank\" rel=\"noopener\"><em><strong>Azul \u00e9 a cor mais quente<\/strong><\/em><\/a><\/h6>\n<h6><strong>Autora: Julie Maroh<\/strong><\/h6>\n<p style=\"text-align: justify\"><span style=\"font-weight: 400\"><strong>Sinopse:<\/strong> Tradu\u00e7\u00e3o da novela gr\u00e1fica <\/span><i><span style=\"font-weight: 400\">&#8220;Le bleu est une couleur chaude&#8221;<\/span><\/i><span style=\"font-weight: 400\">, da francesa Julie Maroh. O livro conta a hist\u00f3ria de Clementine, uma jovem de 15 anos que descobre o amor ao conhecer Emma, uma garota de cabelos azuis. Atrav\u00e9s de textos do di\u00e1rio de Clementine, o leitor acompanha o primeiro encontro das duas e caminha entre as descobertas, tristezas e maravilhas que essa rela\u00e7\u00e3o pode trazer. A novela gr\u00e1fica foi lan\u00e7ada na Fran\u00e7a em 2010, j\u00e1 tem diversas vers\u00f5es, incluindo para o ingl\u00eas, espanhol, alem\u00e3o, italiano e holand\u00eas, e ganhou, em 2011, o Pr\u00eamio de P\u00fablico do Festival Internacional de Angoul\u00eame. <\/span><\/p>\n<p style=\"text-align: justify\"><span style=\"font-weight: 400\">Al\u00e9m disso, foi filmada em 2012 pelo franco-tunisiano Abdelatiff Kechiche e levou a Palma de Ouro, pr\u00eamio mais importante do Festival de Cannes. Em tempos de luta por direitos e de novas quest\u00f5es pol\u00edticas, Azul \u00e9 a cor mais quente surge para mostrar o lado po\u00e9tico e universal do amor, sem apontar regras ou g\u00eaneros.<\/span><\/p>\n<p style=\"text-align: justify\"><span style=\"font-weight: 400\"><strong>Coment\u00e1rio:<\/strong> A vers\u00e3o em quadrinhos que inspirou o filme hom\u00f4nimo \u00e9 considerada muito mais apropriada para mostrar a hist\u00f3ria de amor entre Emma e Clementine, al\u00e9m de ter mais profundidade e delicadeza . Alguns cr\u00edticos apontaram o fato de que o filme aborda o romance l\u00e9sbico por uma perspectiva heteronormativa e masculina. Al\u00e9m disso, no ano passado, foram divulgado os sistem\u00e1ticos <a href=\"https:\/\/www.uol.com.br\/universa\/noticias\/redacao\/2019\/04\/24\/a-historia-ocultada-do-abuso-contra-atrizes-de-azul-e-a-cor-mais-quente.htm\" target=\"_blank\" rel=\"noopener\">abusos do diretor<\/a> com as duas atrizes durante as grava\u00e7\u00f5es do filme.<\/span><\/p>\n<p><em>Imagem: Reprodu\u00e7\u00e3o\/Internet<\/em><\/p>\n<p style=\"text-align: justify\">\n","protected":false},"excerpt":{"rendered":"<p>H\u00e1 24 anos, o 29 de agosto \u00e9 o Dia Nacional da Visibilidade L\u00e9sbica. Nessa data, em 1996, foi realizado [&hellip;]<\/p>\n","protected":false},"author":5,"featured_media":7390,"comment_status":"open","ping_status":"open","sticky":false,"template":"","format":"standard","meta":{"_acf_changed":false,"footnotes":""},"categories":[4],"tags":[2313,878,2315,2312,2311,2314,2310],"class_list":["post-7386","post","type-post","status-publish","format-standard","has-post-thumbnail","hentry","category-voos-literarios","tag-aimee-e-jaguar","tag-amora","tag-azul-e-a-cor-mais-quente","tag-carol","tag-dia-nacional-da-visibilidade-lesbica","tag-tomates-verdes-fritos","tag-visibilidade-lesbica"],"acf":[],"_links":{"self":[{"href":"https:\/\/vos.homolog.arsnova.work\/index.php?rest_route=\/wp\/v2\/posts\/7386","targetHints":{"allow":["GET"]}}],"collection":[{"href":"https:\/\/vos.homolog.arsnova.work\/index.php?rest_route=\/wp\/v2\/posts"}],"about":[{"href":"https:\/\/vos.homolog.arsnova.work\/index.php?rest_route=\/wp\/v2\/types\/post"}],"author":[{"embeddable":true,"href":"https:\/\/vos.homolog.arsnova.work\/index.php?rest_route=\/wp\/v2\/users\/5"}],"replies":[{"embeddable":true,"href":"https:\/\/vos.homolog.arsnova.work\/index.php?rest_route=%2Fwp%2Fv2%2Fcomments&post=7386"}],"version-history":[{"count":0,"href":"https:\/\/vos.homolog.arsnova.work\/index.php?rest_route=\/wp\/v2\/posts\/7386\/revisions"}],"wp:featuredmedia":[{"embeddable":true,"href":"https:\/\/vos.homolog.arsnova.work\/index.php?rest_route=\/wp\/v2\/media\/7390"}],"wp:attachment":[{"href":"https:\/\/vos.homolog.arsnova.work\/index.php?rest_route=%2Fwp%2Fv2%2Fmedia&parent=7386"}],"wp:term":[{"taxonomy":"category","embeddable":true,"href":"https:\/\/vos.homolog.arsnova.work\/index.php?rest_route=%2Fwp%2Fv2%2Fcategories&post=7386"},{"taxonomy":"post_tag","embeddable":true,"href":"https:\/\/vos.homolog.arsnova.work\/index.php?rest_route=%2Fwp%2Fv2%2Ftags&post=7386"}],"curies":[{"name":"wp","href":"https:\/\/api.w.org\/{rel}","templated":true}]}}