{"id":7370,"date":"2020-08-22T15:10:18","date_gmt":"2020-08-22T18:10:18","guid":{"rendered":"https:\/\/vos.homolog.arsnova.work\/?p=7370"},"modified":"2020-08-22T15:10:18","modified_gmt":"2020-08-22T18:10:18","slug":"livros-sem-taxacao","status":"publish","type":"post","link":"https:\/\/vos.homolog.arsnova.work\/?p=7370","title":{"rendered":"Livros sem taxa\u00e7\u00e3o: um dos legados de Jorge Amado"},"content":{"rendered":"<p style=\"text-align: justify\"><span style=\"font-weight: 400\">A absurda proposta de taxa\u00e7\u00e3o de livros no Brasil, sob a alega\u00e7\u00e3o de que tratam-se de produtos para a elite, trouxe \u00e0 tona o hist\u00f3rico da isen\u00e7\u00e3o de impostos para o setor livreiro. Pois foi durante a constituinte de 1946, que um jovem deputado, j\u00e1 famoso como escritor, apresentou uma emenda sobre o assunto. Trata-se de Jorge Amado, que elegeu-se pelo Partido Comunista Brasileiro (PCB).\u00a0<\/span><\/p>\n<h5><strong>ROMANCISTA DO POVO<\/strong><\/h5>\n<p style=\"text-align: justify\"><a href=\"https:\/\/vos.homolog.arsnova.work\/wp-content\/uploads\/2020\/08\/jorge_deputado.jpg\"><img loading=\"lazy\" decoding=\"async\" class=\"size-medium wp-image-7373 alignleft\" src=\"https:\/\/vos.homolog.arsnova.work\/wp-content\/uploads\/2020\/08\/jorge_deputado-300x300.jpg\" alt=\"\" width=\"300\" height=\"300\" srcset=\"https:\/\/vos.homolog.arsnova.work\/wp-content\/uploads\/2020\/08\/jorge_deputado-300x300.jpg 300w, https:\/\/vos.homolog.arsnova.work\/wp-content\/uploads\/2020\/08\/jorge_deputado-150x150.jpg 150w, https:\/\/vos.homolog.arsnova.work\/wp-content\/uploads\/2020\/08\/jorge_deputado-768x768.jpg 768w, https:\/\/vos.homolog.arsnova.work\/wp-content\/uploads\/2020\/08\/jorge_deputado-370x370.jpg 370w, https:\/\/vos.homolog.arsnova.work\/wp-content\/uploads\/2020\/08\/jorge_deputado.jpg 1024w\" sizes=\"auto, (max-width: 300px) 100vw, 300px\" \/><\/a><span style=\"font-weight: 400\">O escritor recordou sua curta mas marcante trajet\u00f3ria pol\u00edtica em\u00a0<\/span><a href=\"https:\/\/www.companhiadasletras.com.br\/detalhe.php?codigo=12595\" target=\"_blank\" rel=\"noopener\"><i><span style=\"font-weight: 400\">Navega\u00e7\u00e3o de Cabotagem<\/span><\/i><\/a><span style=\"font-weight: 400\">, livro de mem\u00f3rias publicado em 1992:<\/span><\/p>\n<p style=\"text-align: justify\"><strong><em>\u201cEm janeiro de 1946 tomei posse na C\u00e2mara Federal de Deputados da cadeira para a qual fora designado pelos votos dos eleitores de S\u00e3o Paulo. Assumira com Prestes o compromisso de exercer o mandato durante tr\u00eas meses, voltando em seguida a meu trabalho de escritor. Fiquei dois anos, at\u00e9 que, num dia de janeiro de 1948, fomos expulsos do Parlamento, eu e meus companheiros de bancada.\u201d<\/em><\/strong><\/p>\n<p style=\"text-align: justify\"><span style=\"font-weight: 400\">Outra emenda de Jorge Amado que manteve-se na Constitui\u00e7\u00e3o de 1988 foi a liberdade de culto religioso, outro assunto que vem sendo colocado em risco com a ascens\u00e3o da extrema-direita ao poder.\u00a0<\/span><\/p>\n<p style=\"text-align: center\"><span style=\"font-weight: 400\">Para saber mais sobre a trajet\u00f3ria de Jorge como pol\u00edtico, acesse <a href=\"https:\/\/vermelho.org.br\/2020\/08\/18\/livros-sem-impostos-uma-conquista-democratica-um-legado-comunista\/\" target=\"_blank\" rel=\"noopener\">aqui<\/a>.<\/span><\/p>\n<h5>UM FUTURO COM MENOS LIVROS<\/h5>\n<p><span style=\"font-weight: 400\">O legado de Jorge Amado em rela\u00e7\u00e3o \u00e0 isen\u00e7\u00e3o tribut\u00e1ria dos livros permaneceu intacto durante d\u00e9cadas, tendo sido respeitado inclusive durante os longos anos de ditadura militar. O que parece estar em curso pela proposta do ministro da economia, Paulo Guedes, \u00e9 um projeto de pa\u00eds onde o poder de escolha sobre a leitura fica restrito \u00e0 elite. J\u00e1 os mais pobres, merecem apenas livros doados pelo governo.\u00a0<\/span><\/p>\n<p><span style=\"font-weight: 400\">Entre as perguntas que ficam a respeito dos fr\u00e1geis argumentos para a taxa\u00e7\u00e3o de livros (e a manuten\u00e7\u00e3o da isen\u00e7\u00e3o sobre outros produtos e bens de luxo), destaco duas:\u00a0<\/span><\/p>\n<ol>\n<li style=\"font-weight: 400\">\n<h5><span style=\"font-weight: 400\">Quais seriam os crit\u00e9rios para a escolha das obras que seriam doadas aos que n\u00e3o t\u00eam dinheiro para a compra?\u00a0<\/span><\/h5>\n<\/li>\n<li style=\"font-weight: 400\">\n<h5><span style=\"font-weight: 400\">Haveria uma curadoria disposta a escolher autores negros, perif\u00e9ricos, mulheres e LGBTQA+?<\/span><\/h5>\n<\/li>\n<\/ol>\n<p style=\"text-align: justify\"><span style=\"font-weight: 400\">Al\u00e9m disso, vivemos um momento de crise no setor editorial e livreiro. A taxa\u00e7\u00e3o poderia significar o fim de uma cadeia produtiva j\u00e1 fragilizada, em um pa\u00eds que t\u00eam, historicamente, baixos \u00edndices de leitura. Em um cen\u00e1rio desolador como esse, n\u00e3o podemos permitir mais uma tentativa de fragilizar (ainda mais) a Educa\u00e7\u00e3o e o acesso \u00e0 leitura no Brasil.<\/span><\/p>\n<h6><strong>#defendaolivro<\/strong><\/h6>\n<h6><strong>#naoataxacaodelivros<\/strong><\/h6>\n<p><em>Imagens: Reprodu\u00e7\u00e3o\/Internet<\/em><\/p>\n","protected":false},"excerpt":{"rendered":"<p>A absurda proposta de taxa\u00e7\u00e3o de livros no Brasil, sob a alega\u00e7\u00e3o de que tratam-se de produtos para a elite, [&hellip;]<\/p>\n","protected":false},"author":5,"featured_media":7374,"comment_status":"open","ping_status":"open","sticky":false,"template":"","format":"standard","meta":{"_acf_changed":false,"footnotes":""},"categories":[4],"tags":[2301,270,2303,2300,2302],"class_list":["post-7370","post","type-post","status-publish","format-standard","has-post-thumbnail","hentry","category-voos-literarios","tag-defenda-os-livros","tag-jorge-amado","tag-jorge-amado-deputado-constituinte","tag-livros-sem-taxacao","tag-navegacao-de-cabotagem"],"acf":[],"_links":{"self":[{"href":"https:\/\/vos.homolog.arsnova.work\/index.php?rest_route=\/wp\/v2\/posts\/7370","targetHints":{"allow":["GET"]}}],"collection":[{"href":"https:\/\/vos.homolog.arsnova.work\/index.php?rest_route=\/wp\/v2\/posts"}],"about":[{"href":"https:\/\/vos.homolog.arsnova.work\/index.php?rest_route=\/wp\/v2\/types\/post"}],"author":[{"embeddable":true,"href":"https:\/\/vos.homolog.arsnova.work\/index.php?rest_route=\/wp\/v2\/users\/5"}],"replies":[{"embeddable":true,"href":"https:\/\/vos.homolog.arsnova.work\/index.php?rest_route=%2Fwp%2Fv2%2Fcomments&post=7370"}],"version-history":[{"count":0,"href":"https:\/\/vos.homolog.arsnova.work\/index.php?rest_route=\/wp\/v2\/posts\/7370\/revisions"}],"wp:featuredmedia":[{"embeddable":true,"href":"https:\/\/vos.homolog.arsnova.work\/index.php?rest_route=\/wp\/v2\/media\/7374"}],"wp:attachment":[{"href":"https:\/\/vos.homolog.arsnova.work\/index.php?rest_route=%2Fwp%2Fv2%2Fmedia&parent=7370"}],"wp:term":[{"taxonomy":"category","embeddable":true,"href":"https:\/\/vos.homolog.arsnova.work\/index.php?rest_route=%2Fwp%2Fv2%2Fcategories&post=7370"},{"taxonomy":"post_tag","embeddable":true,"href":"https:\/\/vos.homolog.arsnova.work\/index.php?rest_route=%2Fwp%2Fv2%2Ftags&post=7370"}],"curies":[{"name":"wp","href":"https:\/\/api.w.org\/{rel}","templated":true}]}}