{"id":7365,"date":"2020-08-19T20:02:56","date_gmt":"2020-08-19T23:02:56","guid":{"rendered":"https:\/\/vos.homolog.arsnova.work\/?p=7365"},"modified":"2020-08-19T20:02:56","modified_gmt":"2020-08-19T23:02:56","slug":"bsv-especial-coronavirus-21-a-aprovacao-de-bolsonaro-e-a-caca-a-uma-crianca-violentada","status":"publish","type":"post","link":"https:\/\/vos.homolog.arsnova.work\/?p=7365","title":{"rendered":"BSV Especial Coronav\u00edrus # 21 A aprova\u00e7\u00e3o de Bolsonaro e a ca\u00e7a a uma crian\u00e7a violentada"},"content":{"rendered":"<p style=\"text-align: justify;\"><strong>Oficialmente, o Brasil j\u00e1 soma mais de cem mil mortos v\u00edtimas da Covid19. E estamos h\u00e1 meses com uma m\u00e9dia de cerca de mil perdas por dia.<\/strong> Os n\u00fameros atrozes da pandemia de coronav\u00edrus, por\u00e9m, j\u00e1 n\u00e3o parecem afetar a popularidade do presidente Jair Bolsonaro. Pesquisa realizada pelo Datafolha indica que a aprova\u00e7\u00e3o de Bolsonaro subiu para 37%, a melhor do mandato, e reprova\u00e7\u00e3o caiu para 34%. A pesquisa realizada pelo Poder 360 indicava a mesma tend\u00eancia e da XP\/Ipespe confirmou as anteriores e apontou uma aprova\u00e7\u00e3o recorde.<\/p>\n<h5 style=\"text-align: center;\">.<\/h5>\n<h5 style=\"text-align: center;\">E em meio a tudo isso, ainda temos que testemunhar o horror a que foi submetida uma menina de 10 anos, estuprada desde os seis pelo tio, dentro de casa<\/h5>\n<h5 style=\"text-align: center;\">.<\/h5>\n<p style=\"text-align: justify;\">Ela engravidou, e apesar de ter direito ao aborto, grupos fundamentalistas tentaram impedir o procedimento. A extremista Sara Giromini, conhecida como Sara Winter, divulgou o nome da v\u00edtima e o do hospital do qual ela estava internada para interromper a gravidez.<\/p>\n<p style=\"text-align: justify;\">Felizmente, um grupo de mulheres do Recife, esse sim preocupado com a vida de uma crian\u00e7a, montou uma vig\u00edlia em frente ao hospital e o procedimento foi realizado com a seguran\u00e7a que a lei deveria garantir a todas as mulheres.<\/p>\n<p style=\"text-align: justify;\"><strong>Para discutir a desintegra\u00e7\u00e3o da democracia brasileira, participam os jornalistas Ge\u00f3rgia Santos, Fl\u00e1via Cunha, Igor Natusch.\u00a0Voc\u00ea tamb\u00e9m pode ouvir o epis\u00f3dio no\u00a0<a href=\"https:\/\/open.spotify.com\/show\/5I8zWzbmuDvEx9Wp6Gtnyd\" target=\"_blank\" rel=\"noopener\">Spotify<\/a>,\u00a0<a href=\"https:\/\/podcasts.apple.com\/us\/podcast\/bendita-sois-v%C3%B3s\/id1436913300\" target=\"_blank\" rel=\"noopener\">Itunes<\/a>\u00a0e\u00a0<a href=\"https:\/\/castbox.fm\/channel\/Bendita-Sois-V%C3%B3s-id1474946?country=br\" target=\"_blank\" rel=\"noopener\">Castbox\u00a0<\/a>e outros agregadores.<\/strong><\/p>\n<p style=\"text-align: center;\"><iframe loading=\"lazy\" src=\"https:\/\/w.soundcloud.com\/player\/?url=https%3A\/\/api.soundcloud.com\/tracks\/878719792&amp;color=%23ff5500&amp;auto_play=false&amp;hide_related=false&amp;show_comments=true&amp;show_user=true&amp;show_reposts=false&amp;show_teaser=true&amp;visual=true\" width=\"100%\" height=\"300\" frameborder=\"no\" scrolling=\"no\"><\/iframe><\/p>\n<div style=\"font-size: 10px; color: #cccccc; line-break: anywhere; word-break: normal; overflow: hidden; white-space: nowrap; text-overflow: ellipsis; font-family: Interstate,Lucida Grande,Lucida Sans Unicode,Lucida Sans,Garuda,Verdana,Tahoma,sans-serif; font-weight: 100;\"><a style=\"color: #cccccc; text-decoration: none;\" title=\"V\u00f3s Pessoas no Plural\" href=\"https:\/\/soundcloud.com\/vos-social\" target=\"_blank\" rel=\"noopener\">V\u00f3s Pessoas no Plural<\/a> \u00b7 <a style=\"color: #cccccc; text-decoration: none;\" title=\"BSV Especial Coronav\u00edrus # 21 A aprova\u00e7\u00e3o de Bolsonaro e a ca\u00e7a a uma crian\u00e7a violentada\" href=\"https:\/\/soundcloud.com\/vos-social\/bsv-especial-coronavirus-21-a-aprovacao-de-bolsonaro-e-a-caca-a-uma-crianca-violentada\" target=\"_blank\" rel=\"noopener\">BSV Especial Coronav\u00edrus # 21 A aprova\u00e7\u00e3o de Bolsonaro e a ca\u00e7a a uma crian\u00e7a violentada<\/a><\/div>\n","protected":false},"excerpt":{"rendered":"<p>Oficialmente, o Brasil j\u00e1 soma mais de cem mil mortos v\u00edtimas da Covid19. E estamos h\u00e1 meses com uma m\u00e9dia [&hellip;]<\/p>\n","protected":false},"author":3,"featured_media":7366,"comment_status":"open","ping_status":"open","sticky":false,"template":"","format":"standard","meta":{"_acf_changed":false,"footnotes":""},"categories":[1541],"tags":[779,2297,2295,870,533,2296,2299,2298,1457,228],"class_list":["post-7365","post","type-post","status-publish","format-standard","has-post-thumbnail","hentry","category-podcasts","tag-aborto","tag-aborto-legal","tag-aprovacao","tag-bolsonaro","tag-crianca","tag-estupro","tag-extremistas","tag-fundamentalistas","tag-pesquisa","tag-politica"],"acf":[],"_links":{"self":[{"href":"https:\/\/vos.homolog.arsnova.work\/index.php?rest_route=\/wp\/v2\/posts\/7365","targetHints":{"allow":["GET"]}}],"collection":[{"href":"https:\/\/vos.homolog.arsnova.work\/index.php?rest_route=\/wp\/v2\/posts"}],"about":[{"href":"https:\/\/vos.homolog.arsnova.work\/index.php?rest_route=\/wp\/v2\/types\/post"}],"author":[{"embeddable":true,"href":"https:\/\/vos.homolog.arsnova.work\/index.php?rest_route=\/wp\/v2\/users\/3"}],"replies":[{"embeddable":true,"href":"https:\/\/vos.homolog.arsnova.work\/index.php?rest_route=%2Fwp%2Fv2%2Fcomments&post=7365"}],"version-history":[{"count":0,"href":"https:\/\/vos.homolog.arsnova.work\/index.php?rest_route=\/wp\/v2\/posts\/7365\/revisions"}],"wp:featuredmedia":[{"embeddable":true,"href":"https:\/\/vos.homolog.arsnova.work\/index.php?rest_route=\/wp\/v2\/media\/7366"}],"wp:attachment":[{"href":"https:\/\/vos.homolog.arsnova.work\/index.php?rest_route=%2Fwp%2Fv2%2Fmedia&parent=7365"}],"wp:term":[{"taxonomy":"category","embeddable":true,"href":"https:\/\/vos.homolog.arsnova.work\/index.php?rest_route=%2Fwp%2Fv2%2Fcategories&post=7365"},{"taxonomy":"post_tag","embeddable":true,"href":"https:\/\/vos.homolog.arsnova.work\/index.php?rest_route=%2Fwp%2Fv2%2Ftags&post=7365"}],"curies":[{"name":"wp","href":"https:\/\/api.w.org\/{rel}","templated":true}]}}