{"id":7362,"date":"2020-08-12T10:47:26","date_gmt":"2020-08-12T13:47:26","guid":{"rendered":"https:\/\/vos.homolog.arsnova.work\/?p=7362"},"modified":"2020-08-19T11:15:55","modified_gmt":"2020-08-19T14:15:55","slug":"bsv-especial-coronavirus-20-o-virus-do-autoritarismo-e-a-mascara-de-bolsonaro","status":"publish","type":"post","link":"https:\/\/vos.homolog.arsnova.work\/?p=7362","title":{"rendered":"BSV Especial Coronav\u00edrus #20 O v\u00edrus do autoritarismo e a m\u00e1scara de Bolsonaro"},"content":{"rendered":"<p style=\"text-align: justify;\"><strong>Enquanto a gente se protege desse v\u00edrus novo, o governo de Jair Bolsonaro infecta a democracia brasileira com um v\u00edrus antigo, o do autoritarismo. <\/strong><\/p>\n<h5 style=\"text-align: center;\">.<\/h5>\n<h5 style=\"text-align: center;\">Na \u00faltima semana, o V\u00f3s lan\u00e7ou um document\u00e1rio em \u00e1udio chamado <a href=\"https:\/\/vos.homolog.arsnova.work\/podcasts\/democracia-infectada\/\" target=\"_blank\" rel=\"noopener\">Democracia Infectada<\/a>, justamente mostrando os tra\u00e7os do autoritarismo de um governo extremamente militarizado e centrado na figura de Bolsonaro<\/h5>\n<h5 style=\"text-align: center;\">.<\/h5>\n<p style=\"text-align: justify;\">Passados alguns dias, uma s\u00e9rie de eventos corrobora o nosso argumento. Na edi\u00e7\u00e3o deste m\u00eas da Revista Piau\u00ed, uma <a href=\"https:\/\/piaui.folha.uol.com.br\/materia\/vou-intervir\/\" target=\"_blank\" rel=\"noopener\">reportagem da jornalista Monica Gugliano<\/a> reconstr\u00f3i o dia em que Bolsonaro decidiu intervir no Supremo Tribunal Federal. No dia dois de agosto, <a href=\"https:\/\/www1.folha.uol.com.br\/poder\/2020\/08\/sob-bolsonaro-gestao-federal-tem-media-de-uma-denuncia-de-assedio-moral-por-dia.shtml\" target=\"_blank\" rel=\"noopener\">reportagem de Raquel Lopes<\/a> na Folha de S\u00e3o Paulo indica que o governo Bolsonaro tem uma m\u00e9dia de uma den\u00fancia de ass\u00e9dio moral por dia por parte de servidores. Eles relatam persegui\u00e7\u00e3o ideol\u00f3gica e toda uma sorte de constrangimentos.<\/p>\n<p style=\"text-align: justify;\">Sem contar o <a href=\"https:\/\/noticias.uol.com.br\/colunas\/rubens-valente\/2020\/07\/24\/ministerio-justica-governo-bolsonaro-antifascistas.htm\" target=\"_blank\" rel=\"noopener\">dossi\u00ea do Minist\u00e9rio da Justi\u00e7a e Seguran\u00e7a P\u00fablica<\/a> sobre quase 600 servidores p\u00fablicos ligados a movimentos antifascistas. Tudo isso associado a um comportamento antidemocr\u00e1tico de Jair Bolsonaro que, convenhamos, n\u00e3o \u00e9 novidade.<\/p>\n<p style=\"text-align: justify;\"><strong>Para discutir a desintegra\u00e7\u00e3o da democracia brasileira, participam os jornalistas Ge\u00f3rgia Santos, Fl\u00e1via Cunha, Igor Natusch.\u00a0Voc\u00ea tamb\u00e9m pode ouvir o epis\u00f3dio no\u00a0<a href=\"https:\/\/open.spotify.com\/show\/5I8zWzbmuDvEx9Wp6Gtnyd\" target=\"_blank\" rel=\"noopener\">Spotify<\/a>,\u00a0<a href=\"https:\/\/podcasts.apple.com\/us\/podcast\/bendita-sois-v%C3%B3s\/id1436913300\" target=\"_blank\" rel=\"noopener\">Itunes<\/a>\u00a0e\u00a0<a href=\"https:\/\/castbox.fm\/channel\/Bendita-Sois-V%C3%B3s-id1474946?country=br\" target=\"_blank\" rel=\"noopener\">Castbox\u00a0<\/a>e outros agregadores.<\/strong><\/p>\n<p style=\"text-align: center;\"><iframe loading=\"lazy\" src=\"https:\/\/w.soundcloud.com\/player\/?url=https%3A\/\/api.soundcloud.com\/tracks\/874106053&amp;color=%23ff5500&amp;auto_play=false&amp;hide_related=false&amp;show_comments=true&amp;show_user=true&amp;show_reposts=false&amp;show_teaser=true&amp;visual=true\" width=\"100%\" height=\"300\" frameborder=\"no\" scrolling=\"no\"><\/iframe><\/p>\n<div style=\"font-size: 10px; color: #cccccc; line-break: anywhere; word-break: normal; overflow: hidden; white-space: nowrap; text-overflow: ellipsis; font-family: Interstate,Lucida Grande,Lucida Sans Unicode,Lucida Sans,Garuda,Verdana,Tahoma,sans-serif; font-weight: 100;\"><a style=\"color: #cccccc; text-decoration: none;\" title=\"V\u00f3s Pessoas no Plural\" href=\"https:\/\/soundcloud.com\/vos-social\" target=\"_blank\" rel=\"noopener\">V\u00f3s Pessoas no Plural<\/a> \u00b7 <a style=\"color: #cccccc; text-decoration: none;\" title=\"BSV Especial Coronav\u00edrus #20 O v\u00edrus do autoritarismo e a m\u00e1scara de Bolsonaro\" href=\"https:\/\/soundcloud.com\/vos-social\/bsv-especial-coronavirus-20-o-virus-do-autoritarismo-e-a-mascara-de-bolsonaro\" target=\"_blank\" rel=\"noopener\">BSV Especial Coronav\u00edrus #20 O v\u00edrus do autoritarismo e a m\u00e1scara de Bolsonaro<\/a><\/div>\n","protected":false},"excerpt":{"rendered":"<p>Enquanto a gente se protege desse v\u00edrus novo, o governo de Jair Bolsonaro infecta a democracia brasileira com um v\u00edrus [&hellip;]<\/p>\n","protected":false},"author":3,"featured_media":7363,"comment_status":"open","ping_status":"open","sticky":false,"template":"","format":"standard","meta":{"_acf_changed":false,"footnotes":""},"categories":[1541],"tags":[830,870,2196,2158,595,2156,2165,590],"class_list":["post-7362","post","type-post","status-publish","format-standard","has-post-thumbnail","hentry","category-podcasts","tag-autoritarismo","tag-bolsonaro","tag-corona","tag-coronavirus","tag-democracia","tag-epidemia","tag-pandemia","tag-saude"],"acf":[],"_links":{"self":[{"href":"https:\/\/vos.homolog.arsnova.work\/index.php?rest_route=\/wp\/v2\/posts\/7362","targetHints":{"allow":["GET"]}}],"collection":[{"href":"https:\/\/vos.homolog.arsnova.work\/index.php?rest_route=\/wp\/v2\/posts"}],"about":[{"href":"https:\/\/vos.homolog.arsnova.work\/index.php?rest_route=\/wp\/v2\/types\/post"}],"author":[{"embeddable":true,"href":"https:\/\/vos.homolog.arsnova.work\/index.php?rest_route=\/wp\/v2\/users\/3"}],"replies":[{"embeddable":true,"href":"https:\/\/vos.homolog.arsnova.work\/index.php?rest_route=%2Fwp%2Fv2%2Fcomments&post=7362"}],"version-history":[{"count":0,"href":"https:\/\/vos.homolog.arsnova.work\/index.php?rest_route=\/wp\/v2\/posts\/7362\/revisions"}],"wp:featuredmedia":[{"embeddable":true,"href":"https:\/\/vos.homolog.arsnova.work\/index.php?rest_route=\/wp\/v2\/media\/7363"}],"wp:attachment":[{"href":"https:\/\/vos.homolog.arsnova.work\/index.php?rest_route=%2Fwp%2Fv2%2Fmedia&parent=7362"}],"wp:term":[{"taxonomy":"category","embeddable":true,"href":"https:\/\/vos.homolog.arsnova.work\/index.php?rest_route=%2Fwp%2Fv2%2Fcategories&post=7362"},{"taxonomy":"post_tag","embeddable":true,"href":"https:\/\/vos.homolog.arsnova.work\/index.php?rest_route=%2Fwp%2Fv2%2Ftags&post=7362"}],"curies":[{"name":"wp","href":"https:\/\/api.w.org\/{rel}","templated":true}]}}