{"id":7348,"date":"2020-08-15T13:03:13","date_gmt":"2020-08-15T16:03:13","guid":{"rendered":"https:\/\/vos.homolog.arsnova.work\/?p=7348"},"modified":"2020-08-15T13:10:45","modified_gmt":"2020-08-15T16:10:45","slug":"todas-poetica-feminina-e-feminista","status":"publish","type":"post","link":"https:\/\/vos.homolog.arsnova.work\/?p=7348","title":{"rendered":"Todas: po\u00e9tica feminina e feminista"},"content":{"rendered":"<h5 style=\"text-align: center\"><b>TODAS<\/b><\/h5>\n<h6 style=\"text-align: center\"><b><i>Cansaram de esperar chegar o dia<\/i><\/b><\/h6>\n<h6 style=\"text-align: center\"><b><i>Quando a voz da autoridade<\/i><\/b><\/h6>\n<h6 style=\"text-align: center\"><b><i>N\u00e3o por medo ou piedade<\/i><\/b><\/h6>\n<h6 style=\"text-align: center\"><b><i>Lhes diria<\/i><\/b><\/h6>\n<h6 style=\"text-align: center\"><b><i>Que finalmente poderiam<\/i><\/b><\/h6>\n<h6 style=\"text-align: center\"><b><i>Desfrutar a liberdade<\/i><\/b><\/h6>\n<h6 style=\"text-align: center\"><b><i>Nas entranhas mais profundas<\/i><\/b><\/h6>\n<h6 style=\"text-align: center\"><b><i>Nas vontades fecundas<\/i><\/b><\/h6>\n<h6 style=\"text-align: center\"><b><i>Sorveram a coragem tribal<\/i><\/b><\/h6>\n<h6 style=\"text-align: center\"><b><i>O mesmo fogo carnal<\/i><\/b><\/h6>\n<h6 style=\"text-align: center\"><b><i>Acalentou as mem\u00f3rias<\/i><\/b><\/h6>\n<h6 style=\"text-align: center\"><b><i>Resgatou as hist\u00f3rias<\/i><\/b><\/h6>\n<h6 style=\"text-align: center\"><b><i>Da mulher original<\/i><\/b><\/h6>\n<h6 style=\"text-align: center\"><b><i>Nesta fonte elemental<\/i><\/b><\/h6>\n<h6 style=\"text-align: center\"><b><i>De beleza sem igual<\/i><\/b><\/h6>\n<h6 style=\"text-align: center\"><b><i>Juntaram-se \u00e0s demais<\/i><\/b><\/h6>\n<h6 style=\"text-align: center\"><b><i>Todas as f\u00eameas surgiram<\/i><\/b><\/h6>\n<h6 style=\"text-align: center\"><b><i>Em coro silencioso rugiram<\/i><\/b><\/h6>\n<h6 style=\"text-align: center\"><b><i>O brado atemporal<\/i><\/b><\/h6>\n<h6 style=\"text-align: center\"><b><i>\u2018Nenhuma a menos\u2019 jamais.<\/i><\/b><\/h6>\n<p style=\"text-align: justify\"><span style=\"font-weight: 400\">O texto acima \u00e9 de autoria da poeta Daniela Boeira Esp\u00edndola e foi escrito especialmente para publica\u00e7\u00e3o aqui na coluna Voos Liter\u00e1rios. Residente em Porto Alegre (RS), a poeta come\u00e7ou a escrever em suas redes sociais ap\u00f3s ficar em isolamento devido ao diagn\u00f3stico de Covid-19, h\u00e1 alguns meses. Sozinha em seu quarto, restaram os anseios, ang\u00fastias e o desejo de expressar-se de alguma forma. <\/span><\/p>\n<p style=\"text-align: justify\"><span style=\"font-weight: 400\">Surgia, assim, o h\u00e1bito di\u00e1rio de postar poemas com tem\u00e1ticas diversas, mas\u00a0com o feminino e o feminismo como uma constante.\u00a0 Daniela tamb\u00e9m escolhe uma imagem de algum artista pl\u00e1stico de sua prefer\u00eancia para publicar junto com cada texto. Para a poesia escrita para o V\u00f3s, sua reflex\u00e3o partiu do\u00a0<\/span>despertar coletivo feminino, que busca resgatar a for\u00e7a no sagrado. A imagem escolhida para acompanhar o poema &#8220;Todas&#8221; \u00e9 de <a href=\"https:\/\/fineartamerica.com\/profiles\/jean-fry\" target=\"_blank\" rel=\"noopener\">Jean Fry<\/a>,\u00a0 uma artista que tem como inspira\u00e7\u00e3o as mulheres ind\u00edgenas norte-americanas.<\/p>\n<h6>ENTREVISTA<\/h6>\n<p style=\"text-align: justify\"><span style=\"font-weight: 400\">Para quem ficou curioso para ler mais textos da poeta, informo que, por enquanto, ela n\u00e3o tem livros publicados. Espero que ap\u00f3s a repercuss\u00e3o positiva em torno de seu trabalho, essa situa\u00e7\u00e3o mude em breve. Da minha parte, asseguro que a qualidade liter\u00e1ria de seus poemas \u00e9 evidente, como voc\u00eas podem conferir em seu <a href=\"https:\/\/www.instagram.com\/daniela_besp\/\" target=\"_blank\" rel=\"noopener\">perfil<\/a>.\u00a0<\/span><span style=\"font-weight: 400\">Recentemente, Daniela e sua filha Gl\u00f3ria, que \u00e9 musicista, participaram de uma entrevista no perfil da minha produtora no<a href=\"https:\/\/www.instagram.com\/fcunhaprodutora\/\" target=\"_blank\" rel=\"noopener\"> Instagram.<\/a>\u00a0Na live, a poeta comenta seu processo criativo e l\u00ea alguns de seus textos, entre outros assuntos.<\/span><\/p>\n<p style=\"text-align: center\">\n<p style=\"text-align: left\"><em>Imagem de capa: Women&#8217;s Circle Mandala &#8211; Jean Fry\/Reprodu\u00e7\u00e3o\u00a0<\/em><\/p>\n<p>&nbsp;<\/p>\n","protected":false},"excerpt":{"rendered":"<p>TODAS Cansaram de esperar chegar o dia Quando a voz da autoridade N\u00e3o por medo ou piedade Lhes diria Que [&hellip;]<\/p>\n","protected":false},"author":5,"featured_media":7349,"comment_status":"open","ping_status":"open","sticky":false,"template":"","format":"standard","meta":{"_acf_changed":false,"footnotes":""},"categories":[4],"tags":[2292,2294,2293,2291],"class_list":["post-7348","post","type-post","status-publish","format-standard","has-post-thumbnail","hentry","category-voos-literarios","tag-daniela-boeira-espindola","tag-nenhuma-a-menos","tag-poesia-feminina","tag-poesia-feminista"],"acf":[],"_links":{"self":[{"href":"https:\/\/vos.homolog.arsnova.work\/index.php?rest_route=\/wp\/v2\/posts\/7348","targetHints":{"allow":["GET"]}}],"collection":[{"href":"https:\/\/vos.homolog.arsnova.work\/index.php?rest_route=\/wp\/v2\/posts"}],"about":[{"href":"https:\/\/vos.homolog.arsnova.work\/index.php?rest_route=\/wp\/v2\/types\/post"}],"author":[{"embeddable":true,"href":"https:\/\/vos.homolog.arsnova.work\/index.php?rest_route=\/wp\/v2\/users\/5"}],"replies":[{"embeddable":true,"href":"https:\/\/vos.homolog.arsnova.work\/index.php?rest_route=%2Fwp%2Fv2%2Fcomments&post=7348"}],"version-history":[{"count":0,"href":"https:\/\/vos.homolog.arsnova.work\/index.php?rest_route=\/wp\/v2\/posts\/7348\/revisions"}],"wp:featuredmedia":[{"embeddable":true,"href":"https:\/\/vos.homolog.arsnova.work\/index.php?rest_route=\/wp\/v2\/media\/7349"}],"wp:attachment":[{"href":"https:\/\/vos.homolog.arsnova.work\/index.php?rest_route=%2Fwp%2Fv2%2Fmedia&parent=7348"}],"wp:term":[{"taxonomy":"category","embeddable":true,"href":"https:\/\/vos.homolog.arsnova.work\/index.php?rest_route=%2Fwp%2Fv2%2Fcategories&post=7348"},{"taxonomy":"post_tag","embeddable":true,"href":"https:\/\/vos.homolog.arsnova.work\/index.php?rest_route=%2Fwp%2Fv2%2Ftags&post=7348"}],"curies":[{"name":"wp","href":"https:\/\/api.w.org\/{rel}","templated":true}]}}